{"id":1872,"date":"2022-07-11T18:14:33","date_gmt":"2022-07-11T16:14:33","guid":{"rendered":"http:\/\/college-ravinedescabris.ac-reunion.fr\/?p=1872"},"modified":"2022-07-11T18:14:35","modified_gmt":"2022-07-11T16:14:35","slug":"remise-des-prix-du-concours-zerbaz-pei","status":"publish","type":"post","link":"https:\/\/etab.ac-reunion.fr\/clg-ravine-des-cabris\/2022\/07\/11\/remise-des-prix-du-concours-zerbaz-pei\/","title":{"rendered":"Remise des prix du concours \u00ab\u00a0Zerbaz p\u00e9i\u00a0\u00bb"},"content":{"rendered":"\n<p>Po la s\u00e9zon 21\/22 Marmay 3<sup>i\u00e8me<\/sup> ek 4<sup>i\u00e8me<\/sup> LCR (langue culture r\u00e9gionale) kol\u00e8z \u00ab&nbsp;Ravine des Cabris), la arive 2<sup>i\u00e8me<\/sup> po konkour \u2018Zerbaz p\u00e9i\u2019 l\u2019APLAMEDOM i organize.<\/p>\n\n\n\n<p>Kossa i l\u00e9 konkour la&nbsp;?<\/p>\n\n\n\n<p>Nou t\u00e9 i doi f\u00e9 in lank\u00e8te su la kon\u00e9ssanse domoun su bann zerbaz i gu\u00e9ri domoun issi la R\u00e9nyon&nbsp;! \u00c7at nou gagne konprann, la kon\u00e9ssansse si bann plante m\u00e9dissinal la R\u00e9nyon l\u00e9 bien fort&nbsp;! Nou la demann bann paran, gran moman, gran papa, konsey po anserve bann zerbaz, \u00e9pila la pratik l\u00e9 toujours la.<\/p>\n\n\n\n<p>Nou t\u00e9 i doi rann ossi in lerbi\u00e9, f\u00e9 sek bann zerbaz apr\u00e9la pr\u00e9sante \u00e7a !<\/p>\n\n\n\n<p>Nou la parti ramasse le bann z\u00e9rbaz, nou la f\u00e9 s\u00e8k \u00e7a \u00e9pila nou la pr\u00e9sante ali.<\/p>\n\n\n\n<p>Po \u00e7a minm nout travay t\u00e9 r\u00e9konpans\u00e9.<\/p>\n\n\n\n<p>Po lan\u00e9 prosh\u00e8ne, nou va f\u00e9 ankor m\u00e9yer&nbsp;!<\/p>\n\n\n\n<p>Pour l\u2019\u00e9dition 21\/22 les \u00e9l\u00e8ves de 4<sup>i\u00e8me<\/sup>, et de 3<sup>i\u00e8me<\/sup> option LCR (langue et culture r\u00e9gionale) du coll\u00e8ge de la Ravine des Cabris, ont termin\u00e9 2<sup>i\u00e8me<\/sup> pour le concours \u2018Zerbaz p\u00e9i\u2019 organis\u00e9 par l\u2019APLAMEDOM.<\/p>\n\n\n\n<p>En quoi consiste ce concours&nbsp;?<\/p>\n\n\n\n<p>Les \u00e9l\u00e8ves devaient r\u00e9aliser une enqu\u00eate sur l\u2019utilisation des plantes m\u00e9dicinales \u00e0 la R\u00e9union. Ce qu\u2019on a pu conclure de cette enqu\u00eate&nbsp;: la connaissance et l\u2019utilisation de nos plantes m\u00e9dicinales sont toujours bien ancr\u00e9es dans la vie r\u00e9unionnaise.<\/p>\n\n\n\n<p>Nous avons questionn\u00e9 parents, grand parents, la transmission est toujours active.<\/p>\n\n\n\n<p>On devait aussi r\u00e9aliser un herbier de 10 planches afin de pr\u00e9senter au jury ces plantes m\u00e9dicinales.<\/p>\n\n\n\n<p>Nous sommes donc all\u00e9s cueillir ces plantes afin de constituer un herbier.<\/p>\n\n\n\n<p>C\u2019est pour cela que notre travail a \u00e9t\u00e9 r\u00e9compens\u00e9.<\/p>\n\n\n\n<p>Pour l\u2019ann\u00e9e prochaine nous comptons encore faire mieux.<\/p>\n\n\n\n<figure class=\"wp-block-gallery has-nested-images columns-2 is-cropped wp-block-gallery-1 is-layout-flex wp-block-gallery-is-layout-flex\">\n<figure class=\"wp-block-image size-full\"><a href=\"http:\/\/wpetab.ac-reunion.fr\/ravinedescabris\/wp-content\/uploads\/sites\/158\/2022\/07\/DSC_0003.jpeg\"><img loading=\"lazy\" decoding=\"async\" width=\"1920\" height=\"1281\" data-id=\"1873\" src=\"http:\/\/wpetab.ac-reunion.fr\/ravinedescabris\/wp-content\/uploads\/sites\/158\/2022\/07\/DSC_0003.jpeg\" alt=\"\" class=\"wp-image-1873\" srcset=\"https:\/\/etab.ac-reunion.fr\/clg-ravine-des-cabris\/wp-content\/uploads\/sites\/158\/2022\/07\/DSC_0003.jpeg 1920w, https:\/\/etab.ac-reunion.fr\/clg-ravine-des-cabris\/wp-content\/uploads\/sites\/158\/2022\/07\/DSC_0003-800x534.jpeg 800w, https:\/\/etab.ac-reunion.fr\/clg-ravine-des-cabris\/wp-content\/uploads\/sites\/158\/2022\/07\/DSC_0003-768x512.jpeg 768w, https:\/\/etab.ac-reunion.fr\/clg-ravine-des-cabris\/wp-content\/uploads\/sites\/158\/2022\/07\/DSC_0003-1536x1025.jpeg 1536w, https:\/\/etab.ac-reunion.fr\/clg-ravine-des-cabris\/wp-content\/uploads\/sites\/158\/2022\/07\/DSC_0003-198x132.jpeg 198w\" sizes=\"auto, (max-width: 1920px) 100vw, 1920px\" \/><\/a><\/figure>\n\n\n\n<figure class=\"wp-block-image size-full\"><a href=\"http:\/\/wpetab.ac-reunion.fr\/ravinedescabris\/wp-content\/uploads\/sites\/158\/2022\/07\/DSC_0019.jpeg\"><img loading=\"lazy\" decoding=\"async\" width=\"1920\" height=\"1281\" data-id=\"1874\" src=\"http:\/\/wpetab.ac-reunion.fr\/ravinedescabris\/wp-content\/uploads\/sites\/158\/2022\/07\/DSC_0019.jpeg\" alt=\"\" class=\"wp-image-1874\" srcset=\"https:\/\/etab.ac-reunion.fr\/clg-ravine-des-cabris\/wp-content\/uploads\/sites\/158\/2022\/07\/DSC_0019.jpeg 1920w, https:\/\/etab.ac-reunion.fr\/clg-ravine-des-cabris\/wp-content\/uploads\/sites\/158\/2022\/07\/DSC_0019-800x534.jpeg 800w, https:\/\/etab.ac-reunion.fr\/clg-ravine-des-cabris\/wp-content\/uploads\/sites\/158\/2022\/07\/DSC_0019-768x512.jpeg 768w, https:\/\/etab.ac-reunion.fr\/clg-ravine-des-cabris\/wp-content\/uploads\/sites\/158\/2022\/07\/DSC_0019-1536x1025.jpeg 1536w, https:\/\/etab.ac-reunion.fr\/clg-ravine-des-cabris\/wp-content\/uploads\/sites\/158\/2022\/07\/DSC_0019-198x132.jpeg 198w\" sizes=\"auto, (max-width: 1920px) 100vw, 1920px\" \/><\/a><\/figure>\n\n\n\n<figure class=\"wp-block-image size-full\"><a href=\"http:\/\/wpetab.ac-reunion.fr\/ravinedescabris\/wp-content\/uploads\/sites\/158\/2022\/07\/DSC_0021.jpeg\"><img loading=\"lazy\" decoding=\"async\" width=\"1920\" height=\"1281\" data-id=\"1875\" src=\"http:\/\/wpetab.ac-reunion.fr\/ravinedescabris\/wp-content\/uploads\/sites\/158\/2022\/07\/DSC_0021.jpeg\" alt=\"\" class=\"wp-image-1875\" srcset=\"https:\/\/etab.ac-reunion.fr\/clg-ravine-des-cabris\/wp-content\/uploads\/sites\/158\/2022\/07\/DSC_0021.jpeg 1920w, https:\/\/etab.ac-reunion.fr\/clg-ravine-des-cabris\/wp-content\/uploads\/sites\/158\/2022\/07\/DSC_0021-800x534.jpeg 800w, https:\/\/etab.ac-reunion.fr\/clg-ravine-des-cabris\/wp-content\/uploads\/sites\/158\/2022\/07\/DSC_0021-768x512.jpeg 768w, https:\/\/etab.ac-reunion.fr\/clg-ravine-des-cabris\/wp-content\/uploads\/sites\/158\/2022\/07\/DSC_0021-1536x1025.jpeg 1536w, https:\/\/etab.ac-reunion.fr\/clg-ravine-des-cabris\/wp-content\/uploads\/sites\/158\/2022\/07\/DSC_0021-198x132.jpeg 198w\" sizes=\"auto, (max-width: 1920px) 100vw, 1920px\" \/><\/a><\/figure>\n\n\n\n<figure class=\"wp-block-image size-full\"><a href=\"http:\/\/wpetab.ac-reunion.fr\/ravinedescabris\/wp-content\/uploads\/sites\/158\/2022\/07\/DSC_0023.jpeg\"><img loading=\"lazy\" decoding=\"async\" width=\"1920\" height=\"1281\" data-id=\"1876\" src=\"http:\/\/wpetab.ac-reunion.fr\/ravinedescabris\/wp-content\/uploads\/sites\/158\/2022\/07\/DSC_0023.jpeg\" alt=\"\" class=\"wp-image-1876\" srcset=\"https:\/\/etab.ac-reunion.fr\/clg-ravine-des-cabris\/wp-content\/uploads\/sites\/158\/2022\/07\/DSC_0023.jpeg 1920w, https:\/\/etab.ac-reunion.fr\/clg-ravine-des-cabris\/wp-content\/uploads\/sites\/158\/2022\/07\/DSC_0023-800x534.jpeg 800w, https:\/\/etab.ac-reunion.fr\/clg-ravine-des-cabris\/wp-content\/uploads\/sites\/158\/2022\/07\/DSC_0023-768x512.jpeg 768w, https:\/\/etab.ac-reunion.fr\/clg-ravine-des-cabris\/wp-content\/uploads\/sites\/158\/2022\/07\/DSC_0023-1536x1025.jpeg 1536w, https:\/\/etab.ac-reunion.fr\/clg-ravine-des-cabris\/wp-content\/uploads\/sites\/158\/2022\/07\/DSC_0023-198x132.jpeg 198w\" sizes=\"auto, (max-width: 1920px) 100vw, 1920px\" \/><\/a><\/figure>\n<\/figure>\n\n\n<a href=\"https:\/\/wpetab.ac-reunion.fr\/ravinedescabris\/wp-content\/uploads\/sites\/158\/2022\/07\/planche-a-imprimer-glisse\u0301es-2.pdf\" class=\"pdfemb-viewer\" style=\"\" data-width=\"max\" data-height=\"max\" data-toolbar=\"both\" data-toolbar-fixed=\"on\">planche-a-imprimer-glisse\u0301es-2<\/a>\n<p class=\"wp-block-pdfemb-pdf-embedder-viewer\"><\/p>\n\n\n<a href=\"https:\/\/wpetab.ac-reunion.fr\/ravinedescabris\/wp-content\/uploads\/sites\/158\/2022\/07\/planche-a-imprimer-glisse\u0301es.pdf\" class=\"pdfemb-viewer\" style=\"\" data-width=\"max\" data-height=\"max\" data-toolbar=\"both\" data-toolbar-fixed=\"on\">planche-a-imprimer-glisse\u0301es<\/a>\n<p class=\"wp-block-pdfemb-pdf-embedder-viewer\"><\/p>\n","protected":false},"excerpt":{"rendered":"","protected":false},"author":28090,"featured_media":1881,"comment_status":"closed","ping_status":"closed","sticky":false,"template":"","format":"standard","meta":{"footnotes":"","_links_to":"","_links_to_target":""},"categories":[52],"tags":[],"class_list":["post-1872","post","type-post","status-publish","format-standard","has-post-thumbnail","hentry","category-creole-lcr"],"_links":{"self":[{"href":"https:\/\/etab.ac-reunion.fr\/clg-ravine-des-cabris\/wp-json\/wp\/v2\/posts\/1872","targetHints":{"allow":["GET"]}}],"collection":[{"href":"https:\/\/etab.ac-reunion.fr\/clg-ravine-des-cabris\/wp-json\/wp\/v2\/posts"}],"about":[{"href":"https:\/\/etab.ac-reunion.fr\/clg-ravine-des-cabris\/wp-json\/wp\/v2\/types\/post"}],"author":[{"embeddable":true,"href":"https:\/\/etab.ac-reunion.fr\/clg-ravine-des-cabris\/wp-json\/wp\/v2\/users\/28090"}],"replies":[{"embeddable":true,"href":"https:\/\/etab.ac-reunion.fr\/clg-ravine-des-cabris\/wp-json\/wp\/v2\/comments?post=1872"}],"version-history":[{"count":1,"href":"https:\/\/etab.ac-reunion.fr\/clg-ravine-des-cabris\/wp-json\/wp\/v2\/posts\/1872\/revisions"}],"predecessor-version":[{"id":1880,"href":"https:\/\/etab.ac-reunion.fr\/clg-ravine-des-cabris\/wp-json\/wp\/v2\/posts\/1872\/revisions\/1880"}],"wp:featuredmedia":[{"embeddable":true,"href":"https:\/\/etab.ac-reunion.fr\/clg-ravine-des-cabris\/wp-json\/wp\/v2\/media\/1881"}],"wp:attachment":[{"href":"https:\/\/etab.ac-reunion.fr\/clg-ravine-des-cabris\/wp-json\/wp\/v2\/media?parent=1872"}],"wp:term":[{"taxonomy":"category","embeddable":true,"href":"https:\/\/etab.ac-reunion.fr\/clg-ravine-des-cabris\/wp-json\/wp\/v2\/categories?post=1872"},{"taxonomy":"post_tag","embeddable":true,"href":"https:\/\/etab.ac-reunion.fr\/clg-ravine-des-cabris\/wp-json\/wp\/v2\/tags?post=1872"}],"curies":[{"name":"wp","href":"https:\/\/api.w.org\/{rel}","templated":true}]}}