{"id":1882,"date":"2022-07-11T18:20:29","date_gmt":"2022-07-11T16:20:29","guid":{"rendered":"http:\/\/college-ravinedescabris.ac-reunion.fr\/?p=1882"},"modified":"2022-07-11T18:42:42","modified_gmt":"2022-07-11T16:42:42","slug":"fete-de-la-musique-21-juin-2022","status":"publish","type":"post","link":"https:\/\/etab.ac-reunion.fr\/clg-ravine-des-cabris\/2022\/07\/11\/fete-de-la-musique-21-juin-2022\/","title":{"rendered":"F\u00eate de la musique 21 juin 2022"},"content":{"rendered":"\n<h2 class=\"wp-block-heading\">Au coll\u00e8ge de la Ravine des Cabris de la R\u00e9union, le jour de la f\u00eate de la musique 2022, 9 classes de 6\u00e8me ont travaill\u00e9 pour un projet collectif le \u00ab\u00a0Jerusalema challenge\u00a0\u00bb de Master KG. Ce jour l\u00e0, 225 \u00e9l\u00e8ves ont restitu\u00e9 un travail de fin d&rsquo;ann\u00e9e&#8230; <\/h2>\n\n\n\n<figure class=\"wp-block-image size-full\"><img loading=\"lazy\" decoding=\"async\" width=\"1920\" height=\"996\" src=\"http:\/\/wpetab.ac-reunion.fr\/ravinedescabris\/wp-content\/uploads\/sites\/158\/2022\/07\/Capture-de\u0301cran-2022-07-11-a\u0300-18.37.53.png\" alt=\"\" class=\"wp-image-1888\" srcset=\"https:\/\/etab.ac-reunion.fr\/clg-ravine-des-cabris\/wp-content\/uploads\/sites\/158\/2022\/07\/Capture-de\u0301cran-2022-07-11-a\u0300-18.37.53.png 1920w, https:\/\/etab.ac-reunion.fr\/clg-ravine-des-cabris\/wp-content\/uploads\/sites\/158\/2022\/07\/Capture-de\u0301cran-2022-07-11-a\u0300-18.37.53-800x415.png 800w, https:\/\/etab.ac-reunion.fr\/clg-ravine-des-cabris\/wp-content\/uploads\/sites\/158\/2022\/07\/Capture-de\u0301cran-2022-07-11-a\u0300-18.37.53-768x398.png 768w, https:\/\/etab.ac-reunion.fr\/clg-ravine-des-cabris\/wp-content\/uploads\/sites\/158\/2022\/07\/Capture-de\u0301cran-2022-07-11-a\u0300-18.37.53-1536x797.png 1536w, https:\/\/etab.ac-reunion.fr\/clg-ravine-des-cabris\/wp-content\/uploads\/sites\/158\/2022\/07\/Capture-de\u0301cran-2022-07-11-a\u0300-18.37.53-254x132.png 254w\" sizes=\"auto, (max-width: 1920px) 100vw, 1920px\" \/><figcaption><a href=\"https:\/\/tube-arts-lettres-sciences-humaines.apps.education.fr\/w\/wiEG4wHjxWXWRiJqYd5H2C\" data-type=\"URL\" data-id=\"https:\/\/tube-arts-lettres-sciences-humaines.apps.education.fr\/w\/wiEG4wHjxWXWRiJqYd5H2C\">https:\/\/tube-arts-lettres-sciences-humaines.apps.education.fr\/w\/wiEG4wHjxWXWRiJqYd5H2C<\/a><\/figcaption><\/figure>\n\n\n\n<p><\/p>\n","protected":false},"excerpt":{"rendered":"","protected":false},"author":28090,"featured_media":1883,"comment_status":"closed","ping_status":"closed","sticky":false,"template":"","format":"standard","meta":{"footnotes":"","_links_to":"","_links_to_target":""},"categories":[28],"tags":[],"class_list":["post-1882","post","type-post","status-publish","format-standard","has-post-thumbnail","hentry","category-education-musicale"],"_links":{"self":[{"href":"https:\/\/etab.ac-reunion.fr\/clg-ravine-des-cabris\/wp-json\/wp\/v2\/posts\/1882","targetHints":{"allow":["GET"]}}],"collection":[{"href":"https:\/\/etab.ac-reunion.fr\/clg-ravine-des-cabris\/wp-json\/wp\/v2\/posts"}],"about":[{"href":"https:\/\/etab.ac-reunion.fr\/clg-ravine-des-cabris\/wp-json\/wp\/v2\/types\/post"}],"author":[{"embeddable":true,"href":"https:\/\/etab.ac-reunion.fr\/clg-ravine-des-cabris\/wp-json\/wp\/v2\/users\/28090"}],"replies":[{"embeddable":true,"href":"https:\/\/etab.ac-reunion.fr\/clg-ravine-des-cabris\/wp-json\/wp\/v2\/comments?post=1882"}],"version-history":[{"count":3,"href":"https:\/\/etab.ac-reunion.fr\/clg-ravine-des-cabris\/wp-json\/wp\/v2\/posts\/1882\/revisions"}],"predecessor-version":[{"id":1889,"href":"https:\/\/etab.ac-reunion.fr\/clg-ravine-des-cabris\/wp-json\/wp\/v2\/posts\/1882\/revisions\/1889"}],"wp:featuredmedia":[{"embeddable":true,"href":"https:\/\/etab.ac-reunion.fr\/clg-ravine-des-cabris\/wp-json\/wp\/v2\/media\/1883"}],"wp:attachment":[{"href":"https:\/\/etab.ac-reunion.fr\/clg-ravine-des-cabris\/wp-json\/wp\/v2\/media?parent=1882"}],"wp:term":[{"taxonomy":"category","embeddable":true,"href":"https:\/\/etab.ac-reunion.fr\/clg-ravine-des-cabris\/wp-json\/wp\/v2\/categories?post=1882"},{"taxonomy":"post_tag","embeddable":true,"href":"https:\/\/etab.ac-reunion.fr\/clg-ravine-des-cabris\/wp-json\/wp\/v2\/tags?post=1882"}],"curies":[{"name":"wp","href":"https:\/\/api.w.org\/{rel}","templated":true}]}}