{"id":1965,"date":"2022-08-31T13:51:00","date_gmt":"2022-08-31T11:51:00","guid":{"rendered":"https:\/\/etab.ac-reunion.fr\/clg-ravine-des-cabris\/?p=1965"},"modified":"2022-08-31T15:29:07","modified_gmt":"2022-08-31T13:29:07","slug":"1965","status":"publish","type":"post","link":"https:\/\/etab.ac-reunion.fr\/clg-ravine-des-cabris\/2022\/08\/31\/1965\/","title":{"rendered":"<strong><em>Das fliegende Klassenzimmer \u2013 Erich K\u00e4stner<\/em><\/strong>"},"content":{"rendered":"\n<figure class=\"wp-block-pullquote has-accent-2-color has-text-color\" style=\"border-radius:0px\"><blockquote><p>A l\u2019occasion de la semaine des langues et dans le cadre des Parcours Avenir et d\u2019Education Artistique et Culturelle, les \u00e9l\u00e8ves germanistes de 3<sup>\u00e8me<\/sup>LCE ont assist\u00e9 \u00e0 une repr\u00e9sentation th\u00e9\u00e2trale propos\u00e9e par les \u00e9l\u00e8ves de seconde de la section ABIBAC du lyc\u00e9e Roland Garros. Ce fut l\u2019occasion de retrouver sur sc\u00e8ne les anciens 3\u00e8mes du coll\u00e8ge ayant int\u00e9gr\u00e9 la section mais aussi l\u2019occasion d\u2019encourager les futures candidatures en section binationale.<\/p><\/blockquote><\/figure>\n\n\n\n<figure class=\"wp-block-gallery has-nested-images columns-1 wp-block-gallery-1 is-layout-flex wp-block-gallery-is-layout-flex\">\n<figure class=\"wp-block-image size-large\"><a href=\"https:\/\/etab.ac-reunion.fr\/clg-ravine-des-cabris\/wp-content\/uploads\/sites\/158\/2022\/08\/1DSC_0050_00001.jpg\"><img loading=\"lazy\" decoding=\"async\" width=\"1920\" height=\"1280\" data-id=\"1969\" src=\"https:\/\/etab.ac-reunion.fr\/clg-ravine-des-cabris\/wp-content\/uploads\/sites\/158\/2022\/08\/1DSC_0050_00001.jpg\" alt=\"\" class=\"wp-image-1969\" srcset=\"https:\/\/etab.ac-reunion.fr\/clg-ravine-des-cabris\/wp-content\/uploads\/sites\/158\/2022\/08\/1DSC_0050_00001.jpg 1920w, https:\/\/etab.ac-reunion.fr\/clg-ravine-des-cabris\/wp-content\/uploads\/sites\/158\/2022\/08\/1DSC_0050_00001-800x533.jpg 800w, https:\/\/etab.ac-reunion.fr\/clg-ravine-des-cabris\/wp-content\/uploads\/sites\/158\/2022\/08\/1DSC_0050_00001-768x512.jpg 768w, https:\/\/etab.ac-reunion.fr\/clg-ravine-des-cabris\/wp-content\/uploads\/sites\/158\/2022\/08\/1DSC_0050_00001-1536x1024.jpg 1536w, https:\/\/etab.ac-reunion.fr\/clg-ravine-des-cabris\/wp-content\/uploads\/sites\/158\/2022\/08\/1DSC_0050_00001-198x132.jpg 198w\" sizes=\"auto, (max-width: 1920px) 100vw, 1920px\" \/><\/a><\/figure>\n\n\n\n<figure class=\"wp-block-image size-large\"><a href=\"https:\/\/etab.ac-reunion.fr\/clg-ravine-des-cabris\/wp-content\/uploads\/sites\/158\/2022\/08\/1DSC_0055_00001.jpg\"><img loading=\"lazy\" decoding=\"async\" width=\"1920\" height=\"1280\" data-id=\"1967\" src=\"https:\/\/etab.ac-reunion.fr\/clg-ravine-des-cabris\/wp-content\/uploads\/sites\/158\/2022\/08\/1DSC_0055_00001.jpg\" alt=\"\" class=\"wp-image-1967\" srcset=\"https:\/\/etab.ac-reunion.fr\/clg-ravine-des-cabris\/wp-content\/uploads\/sites\/158\/2022\/08\/1DSC_0055_00001.jpg 1920w, https:\/\/etab.ac-reunion.fr\/clg-ravine-des-cabris\/wp-content\/uploads\/sites\/158\/2022\/08\/1DSC_0055_00001-800x533.jpg 800w, https:\/\/etab.ac-reunion.fr\/clg-ravine-des-cabris\/wp-content\/uploads\/sites\/158\/2022\/08\/1DSC_0055_00001-768x512.jpg 768w, https:\/\/etab.ac-reunion.fr\/clg-ravine-des-cabris\/wp-content\/uploads\/sites\/158\/2022\/08\/1DSC_0055_00001-1536x1024.jpg 1536w, https:\/\/etab.ac-reunion.fr\/clg-ravine-des-cabris\/wp-content\/uploads\/sites\/158\/2022\/08\/1DSC_0055_00001-198x132.jpg 198w\" sizes=\"auto, (max-width: 1920px) 100vw, 1920px\" \/><\/a><\/figure>\n\n\n\n<figure class=\"wp-block-image size-large\"><a href=\"https:\/\/etab.ac-reunion.fr\/clg-ravine-des-cabris\/wp-content\/uploads\/sites\/158\/2022\/08\/1DSC_0074_00001.jpg\"><img loading=\"lazy\" decoding=\"async\" width=\"1920\" height=\"1280\" data-id=\"1971\" src=\"https:\/\/etab.ac-reunion.fr\/clg-ravine-des-cabris\/wp-content\/uploads\/sites\/158\/2022\/08\/1DSC_0074_00001.jpg\" alt=\"\" class=\"wp-image-1971\" srcset=\"https:\/\/etab.ac-reunion.fr\/clg-ravine-des-cabris\/wp-content\/uploads\/sites\/158\/2022\/08\/1DSC_0074_00001.jpg 1920w, https:\/\/etab.ac-reunion.fr\/clg-ravine-des-cabris\/wp-content\/uploads\/sites\/158\/2022\/08\/1DSC_0074_00001-800x533.jpg 800w, https:\/\/etab.ac-reunion.fr\/clg-ravine-des-cabris\/wp-content\/uploads\/sites\/158\/2022\/08\/1DSC_0074_00001-768x512.jpg 768w, https:\/\/etab.ac-reunion.fr\/clg-ravine-des-cabris\/wp-content\/uploads\/sites\/158\/2022\/08\/1DSC_0074_00001-1536x1024.jpg 1536w, https:\/\/etab.ac-reunion.fr\/clg-ravine-des-cabris\/wp-content\/uploads\/sites\/158\/2022\/08\/1DSC_0074_00001-198x132.jpg 198w\" sizes=\"auto, (max-width: 1920px) 100vw, 1920px\" \/><\/a><\/figure>\n\n\n\n<figure class=\"wp-block-image size-large\"><a href=\"https:\/\/etab.ac-reunion.fr\/clg-ravine-des-cabris\/wp-content\/uploads\/sites\/158\/2022\/08\/1DSC_0087_00001.jpg\"><img loading=\"lazy\" decoding=\"async\" width=\"1920\" height=\"1280\" data-id=\"1972\" src=\"https:\/\/etab.ac-reunion.fr\/clg-ravine-des-cabris\/wp-content\/uploads\/sites\/158\/2022\/08\/1DSC_0087_00001.jpg\" alt=\"\" class=\"wp-image-1972\" srcset=\"https:\/\/etab.ac-reunion.fr\/clg-ravine-des-cabris\/wp-content\/uploads\/sites\/158\/2022\/08\/1DSC_0087_00001.jpg 1920w, https:\/\/etab.ac-reunion.fr\/clg-ravine-des-cabris\/wp-content\/uploads\/sites\/158\/2022\/08\/1DSC_0087_00001-800x533.jpg 800w, https:\/\/etab.ac-reunion.fr\/clg-ravine-des-cabris\/wp-content\/uploads\/sites\/158\/2022\/08\/1DSC_0087_00001-768x512.jpg 768w, https:\/\/etab.ac-reunion.fr\/clg-ravine-des-cabris\/wp-content\/uploads\/sites\/158\/2022\/08\/1DSC_0087_00001-1536x1024.jpg 1536w, https:\/\/etab.ac-reunion.fr\/clg-ravine-des-cabris\/wp-content\/uploads\/sites\/158\/2022\/08\/1DSC_0087_00001-198x132.jpg 198w\" sizes=\"auto, (max-width: 1920px) 100vw, 1920px\" \/><\/a><\/figure>\n\n\n\n<figure class=\"wp-block-image size-large\"><a href=\"https:\/\/etab.ac-reunion.fr\/clg-ravine-des-cabris\/wp-content\/uploads\/sites\/158\/2022\/08\/1DSC_0114_00001.jpg\"><img loading=\"lazy\" decoding=\"async\" width=\"1920\" height=\"1280\" data-id=\"1973\" src=\"https:\/\/etab.ac-reunion.fr\/clg-ravine-des-cabris\/wp-content\/uploads\/sites\/158\/2022\/08\/1DSC_0114_00001.jpg\" alt=\"\" class=\"wp-image-1973\" srcset=\"https:\/\/etab.ac-reunion.fr\/clg-ravine-des-cabris\/wp-content\/uploads\/sites\/158\/2022\/08\/1DSC_0114_00001.jpg 1920w, https:\/\/etab.ac-reunion.fr\/clg-ravine-des-cabris\/wp-content\/uploads\/sites\/158\/2022\/08\/1DSC_0114_00001-800x533.jpg 800w, https:\/\/etab.ac-reunion.fr\/clg-ravine-des-cabris\/wp-content\/uploads\/sites\/158\/2022\/08\/1DSC_0114_00001-768x512.jpg 768w, https:\/\/etab.ac-reunion.fr\/clg-ravine-des-cabris\/wp-content\/uploads\/sites\/158\/2022\/08\/1DSC_0114_00001-1536x1024.jpg 1536w, https:\/\/etab.ac-reunion.fr\/clg-ravine-des-cabris\/wp-content\/uploads\/sites\/158\/2022\/08\/1DSC_0114_00001-198x132.jpg 198w\" sizes=\"auto, (max-width: 1920px) 100vw, 1920px\" \/><\/a><\/figure>\n\n\n\n<figure class=\"wp-block-image size-large\"><a href=\"https:\/\/etab.ac-reunion.fr\/clg-ravine-des-cabris\/wp-content\/uploads\/sites\/158\/2022\/08\/1DSC_0108_00001.jpg\"><img loading=\"lazy\" decoding=\"async\" width=\"1920\" height=\"1280\" data-id=\"1970\" src=\"https:\/\/etab.ac-reunion.fr\/clg-ravine-des-cabris\/wp-content\/uploads\/sites\/158\/2022\/08\/1DSC_0108_00001.jpg\" alt=\"\" class=\"wp-image-1970\" srcset=\"https:\/\/etab.ac-reunion.fr\/clg-ravine-des-cabris\/wp-content\/uploads\/sites\/158\/2022\/08\/1DSC_0108_00001.jpg 1920w, https:\/\/etab.ac-reunion.fr\/clg-ravine-des-cabris\/wp-content\/uploads\/sites\/158\/2022\/08\/1DSC_0108_00001-800x533.jpg 800w, https:\/\/etab.ac-reunion.fr\/clg-ravine-des-cabris\/wp-content\/uploads\/sites\/158\/2022\/08\/1DSC_0108_00001-768x512.jpg 768w, https:\/\/etab.ac-reunion.fr\/clg-ravine-des-cabris\/wp-content\/uploads\/sites\/158\/2022\/08\/1DSC_0108_00001-1536x1024.jpg 1536w, https:\/\/etab.ac-reunion.fr\/clg-ravine-des-cabris\/wp-content\/uploads\/sites\/158\/2022\/08\/1DSC_0108_00001-198x132.jpg 198w\" sizes=\"auto, (max-width: 1920px) 100vw, 1920px\" \/><\/a><\/figure>\n\n\n\n<figure class=\"wp-block-image size-large\"><a href=\"https:\/\/etab.ac-reunion.fr\/clg-ravine-des-cabris\/wp-content\/uploads\/sites\/158\/2022\/08\/1DSC_0056_00001-scaled.jpg\"><img loading=\"lazy\" decoding=\"async\" width=\"1280\" height=\"1920\" data-id=\"1968\" src=\"https:\/\/etab.ac-reunion.fr\/clg-ravine-des-cabris\/wp-content\/uploads\/sites\/158\/2022\/08\/1DSC_0056_00001-1280x1920.jpg\" alt=\"\" class=\"wp-image-1968\" srcset=\"https:\/\/etab.ac-reunion.fr\/clg-ravine-des-cabris\/wp-content\/uploads\/sites\/158\/2022\/08\/1DSC_0056_00001-1280x1920.jpg 1280w, https:\/\/etab.ac-reunion.fr\/clg-ravine-des-cabris\/wp-content\/uploads\/sites\/158\/2022\/08\/1DSC_0056_00001-400x600.jpg 400w, https:\/\/etab.ac-reunion.fr\/clg-ravine-des-cabris\/wp-content\/uploads\/sites\/158\/2022\/08\/1DSC_0056_00001-768x1152.jpg 768w, https:\/\/etab.ac-reunion.fr\/clg-ravine-des-cabris\/wp-content\/uploads\/sites\/158\/2022\/08\/1DSC_0056_00001-1024x1536.jpg 1024w, https:\/\/etab.ac-reunion.fr\/clg-ravine-des-cabris\/wp-content\/uploads\/sites\/158\/2022\/08\/1DSC_0056_00001-1365x2048.jpg 1365w, https:\/\/etab.ac-reunion.fr\/clg-ravine-des-cabris\/wp-content\/uploads\/sites\/158\/2022\/08\/1DSC_0056_00001-88x132.jpg 88w, https:\/\/etab.ac-reunion.fr\/clg-ravine-des-cabris\/wp-content\/uploads\/sites\/158\/2022\/08\/1DSC_0056_00001-scaled.jpg 1707w\" sizes=\"auto, (max-width: 1280px) 100vw, 1280px\" \/><\/a><\/figure>\n<\/figure>\n\n\n\n<p class=\"has-large-font-size\">Cette sortie au lyc\u00e9e Roland Garros du Tampon pour aller voir la pi\u00e8ce de th\u00e9\u00e2tre des \u00e9l\u00e8ves de section ABIBAC \u00ab&nbsp;das fliegende Klassenzimmer&nbsp;\u00bb \u00e9tait superbe. La pi\u00e8ce \u00e9tait dr\u00f4le, l\u2019histoire repr\u00e9sentative d\u2019un fait pouvant affecter tout le monde. M\u00eame sans comp\u00e9tence linguistique en allemand, la pi\u00e8ce \u00e9tait compr\u00e9hensible. Les costumes \u00e9taient sympas et les acteurs dou\u00e9s. Cette sortie \u00e9tait une exp\u00e9rience enrichissante et devrait \u00eatre accessible \u00e0 tous ceux qui ne sont pas attir\u00e9s par l\u2019allemand.<\/p>\n\n\n\n<p class=\"has-large-font-size\">Mathis<\/p>\n\n\n\n<p class=\"has-large-font-size\">J\u2019ai beaucoup aim\u00e9 la pi\u00e8ce ainsi que la complicit\u00e9 entre les \u00e9l\u00e8ves.<\/p>\n\n\n\n<p class=\"has-large-font-size\">Lylou<\/p>\n\n\n\n<p class=\"has-large-font-size\">Lorsque nous sommes entr\u00e9s dans le lyc\u00e9e, on \u00e9tait tous impressionn\u00e9s par sa grandeur. On aurait dit une ville&nbsp;! Je veux aller dans ce lyc\u00e9e en 2<sup>nde&nbsp;<\/sup>!<\/p>\n\n\n\n<p class=\"has-large-font-size\">On a regard\u00e9 et \u00e9cout\u00e9 la pi\u00e8ce de th\u00e9\u00e2tre, c\u2019\u00e9tait marrant et tr\u00e8s bien jou\u00e9&nbsp;!<\/p>\n\n\n\n<p class=\"has-large-font-size\">Manolo<\/p>\n\n\n\n<p class=\"has-large-font-size\">J\u2019ai beaucoup aim\u00e9 le lyc\u00e9e, l\u2019atmosph\u00e8re y est compl\u00e8tement diff\u00e9rente de celle du coll\u00e8ge.<\/p>\n\n\n\n<p class=\"has-large-font-size\">Ma\u00eblys<\/p>\n\n\n\n<p class=\"has-large-font-size\">J\u2019ai trouv\u00e9 cette sortie au lyc\u00e9e vraiment inspirante et enrichissante. Cela nous a permis de voir quel genre de litt\u00e9rature \u00e9tudient les \u00e9l\u00e8ves en ABIBAC. J\u2019ai beaucoup aim\u00e9 la pi\u00e8ce en elle-m\u00eame et l\u2019histoire \u00e9tait vraiment int\u00e9ressante. Le travail que les \u00e9l\u00e8ves ont fourni est super et cela m\u2019a m\u00eame donn\u00e9 envie de faire du th\u00e9\u00e2tre et de red\u00e9couvrir l\u2019\u0153uvre originale. J\u2019ai aussi appr\u00e9ci\u00e9 la complicit\u00e9 qu\u2019on pouvait avoir avec les acteurs lorsque nous avons chant\u00e9 avec eux \u00ab&nbsp;Echte Freunde&nbsp;\u00bb.<\/p>\n\n\n\n<p class=\"has-large-font-size\">Maurane<\/p>\n\n\n\n<p class=\"has-large-font-size\">\u00ab&nbsp;Stop au st\u00e9r\u00e9otype&nbsp;\u00bb, c\u2019est le message que m\u2019inspire la pi\u00e8ce. Ce n\u2019est pas parce que l\u2019on est une fille que l\u2019on est faible&nbsp;!<\/p>\n\n\n\n<p class=\"has-large-font-size\">Anjali<\/p>\n\n\n\n<p class=\"has-large-font-size\">Cette sortie m\u2019a beaucoup plus car je suis all\u00e9 voir mon fr\u00e8re jouer dans la pi\u00e8ce de th\u00e9\u00e2tre. Les \u00e9l\u00e8ves avaient un bon accent allemand et jouaient la pi\u00e8ce avec beaucoup d\u2019aisance. Le lyc\u00e9e est tr\u00e8s grand, il y a des routes \u00e0 l\u2019int\u00e9rieur&nbsp;! J\u2019ai h\u00e2te d\u2019y retourner. J\u2019esp\u00e8re que je serai pris en ABIBAC&nbsp;!<\/p>\n\n\n\n<p class=\"has-large-font-size\">Kl\u00e9o<\/p>\n\n\n\n<p class=\"has-large-font-size\">J\u2019ai bien rigol\u00e9 m\u00eame si je n\u2019ai pas forc\u00e9ment tout compris&nbsp;! Les acteurs avaient un accent incroyable&nbsp;; ils ma\u00eetrisaient tr\u00e8s bien leur texte, c\u2019\u00e9tait g\u00e9nial&nbsp;!<\/p>\n\n\n\n<p class=\"has-large-font-size\">Emma<\/p>\n","protected":false},"excerpt":{"rendered":"","protected":false},"author":28090,"featured_media":1974,"comment_status":"closed","ping_status":"closed","sticky":false,"template":"","format":"standard","meta":{"footnotes":"","_links_to":"","_links_to_target":""},"categories":[35,13],"tags":[],"class_list":["post-1965","post","type-post","status-publish","format-standard","has-post-thumbnail","hentry","category-allemand","category-projets-pedagogique"],"_links":{"self":[{"href":"https:\/\/etab.ac-reunion.fr\/clg-ravine-des-cabris\/wp-json\/wp\/v2\/posts\/1965","targetHints":{"allow":["GET"]}}],"collection":[{"href":"https:\/\/etab.ac-reunion.fr\/clg-ravine-des-cabris\/wp-json\/wp\/v2\/posts"}],"about":[{"href":"https:\/\/etab.ac-reunion.fr\/clg-ravine-des-cabris\/wp-json\/wp\/v2\/types\/post"}],"author":[{"embeddable":true,"href":"https:\/\/etab.ac-reunion.fr\/clg-ravine-des-cabris\/wp-json\/wp\/v2\/users\/28090"}],"replies":[{"embeddable":true,"href":"https:\/\/etab.ac-reunion.fr\/clg-ravine-des-cabris\/wp-json\/wp\/v2\/comments?post=1965"}],"version-history":[{"count":8,"href":"https:\/\/etab.ac-reunion.fr\/clg-ravine-des-cabris\/wp-json\/wp\/v2\/posts\/1965\/revisions"}],"predecessor-version":[{"id":1985,"href":"https:\/\/etab.ac-reunion.fr\/clg-ravine-des-cabris\/wp-json\/wp\/v2\/posts\/1965\/revisions\/1985"}],"wp:featuredmedia":[{"embeddable":true,"href":"https:\/\/etab.ac-reunion.fr\/clg-ravine-des-cabris\/wp-json\/wp\/v2\/media\/1974"}],"wp:attachment":[{"href":"https:\/\/etab.ac-reunion.fr\/clg-ravine-des-cabris\/wp-json\/wp\/v2\/media?parent=1965"}],"wp:term":[{"taxonomy":"category","embeddable":true,"href":"https:\/\/etab.ac-reunion.fr\/clg-ravine-des-cabris\/wp-json\/wp\/v2\/categories?post=1965"},{"taxonomy":"post_tag","embeddable":true,"href":"https:\/\/etab.ac-reunion.fr\/clg-ravine-des-cabris\/wp-json\/wp\/v2\/tags?post=1965"}],"curies":[{"name":"wp","href":"https:\/\/api.w.org\/{rel}","templated":true}]}}