{"id":1986,"date":"2022-08-31T17:55:04","date_gmt":"2022-08-31T15:55:04","guid":{"rendered":"https:\/\/etab.ac-reunion.fr\/clg-ravine-des-cabris\/?p=1986"},"modified":"2022-08-31T18:02:35","modified_gmt":"2022-08-31T16:02:35","slug":"cineallemand","status":"publish","type":"post","link":"https:\/\/etab.ac-reunion.fr\/clg-ravine-des-cabris\/2022\/08\/31\/cineallemand\/","title":{"rendered":"CINE ALLEMAND &#8211; Cin\u00e9ma le Plaza \u00e0 Saint Louis &#8211; 13 Juin 2022"},"content":{"rendered":"\n<p><\/p>\n\n\n\n<p class=\"has-accent-2-color has-text-color\">Les \u00e9l\u00e8ves germanistes de 5\u00e8me, dans le cadre des Parcours Citoyen et d\u2019Education Artistique et Culturelle ont pu assister \u00e0 la projection de <strong>Zu weit weg<\/strong>, un film propos\u00e9 par le festival CINEALLEMAND. Ils ont pu aborder les probl\u00e9matiques en lien avec la guerre, l\u2019exil, l\u2019int\u00e9gration et l\u2019amiti\u00e9.<\/p>\n\n\n\n<figure class=\"wp-block-gallery has-nested-images columns-default is-cropped wp-block-gallery-1 is-layout-flex wp-block-gallery-is-layout-flex\">\n<figure class=\"wp-block-image size-medium\"><a href=\"https:\/\/etab.ac-reunion.fr\/clg-ravine-des-cabris\/wp-content\/uploads\/sites\/158\/2022\/08\/IMG_4691.jpg\"><img loading=\"lazy\" decoding=\"async\" width=\"800\" height=\"600\" data-id=\"1987\" src=\"https:\/\/etab.ac-reunion.fr\/clg-ravine-des-cabris\/wp-content\/uploads\/sites\/158\/2022\/08\/IMG_4691-800x600.jpg\" alt=\"\" class=\"wp-image-1987\" srcset=\"https:\/\/etab.ac-reunion.fr\/clg-ravine-des-cabris\/wp-content\/uploads\/sites\/158\/2022\/08\/IMG_4691-800x600.jpg 800w, https:\/\/etab.ac-reunion.fr\/clg-ravine-des-cabris\/wp-content\/uploads\/sites\/158\/2022\/08\/IMG_4691-768x576.jpg 768w, https:\/\/etab.ac-reunion.fr\/clg-ravine-des-cabris\/wp-content\/uploads\/sites\/158\/2022\/08\/IMG_4691-1536x1152.jpg 1536w, https:\/\/etab.ac-reunion.fr\/clg-ravine-des-cabris\/wp-content\/uploads\/sites\/158\/2022\/08\/IMG_4691-176x132.jpg 176w, https:\/\/etab.ac-reunion.fr\/clg-ravine-des-cabris\/wp-content\/uploads\/sites\/158\/2022\/08\/IMG_4691.jpg 1920w\" sizes=\"auto, (max-width: 800px) 100vw, 800px\" \/><\/a><\/figure>\n\n\n\n<figure class=\"wp-block-image size-medium\"><a href=\"https:\/\/etab.ac-reunion.fr\/clg-ravine-des-cabris\/wp-content\/uploads\/sites\/158\/2022\/08\/IMG_4697.jpg\"><img loading=\"lazy\" decoding=\"async\" width=\"800\" height=\"600\" data-id=\"1988\" src=\"https:\/\/etab.ac-reunion.fr\/clg-ravine-des-cabris\/wp-content\/uploads\/sites\/158\/2022\/08\/IMG_4697-800x600.jpg\" alt=\"\" class=\"wp-image-1988\" srcset=\"https:\/\/etab.ac-reunion.fr\/clg-ravine-des-cabris\/wp-content\/uploads\/sites\/158\/2022\/08\/IMG_4697-800x600.jpg 800w, https:\/\/etab.ac-reunion.fr\/clg-ravine-des-cabris\/wp-content\/uploads\/sites\/158\/2022\/08\/IMG_4697-768x576.jpg 768w, https:\/\/etab.ac-reunion.fr\/clg-ravine-des-cabris\/wp-content\/uploads\/sites\/158\/2022\/08\/IMG_4697-1536x1152.jpg 1536w, https:\/\/etab.ac-reunion.fr\/clg-ravine-des-cabris\/wp-content\/uploads\/sites\/158\/2022\/08\/IMG_4697-176x132.jpg 176w, https:\/\/etab.ac-reunion.fr\/clg-ravine-des-cabris\/wp-content\/uploads\/sites\/158\/2022\/08\/IMG_4697.jpg 1920w\" sizes=\"auto, (max-width: 800px) 100vw, 800px\" \/><\/a><\/figure>\n<\/figure>\n\n\n\n<p>C\u2019est l\u2019histoire d\u2019un gar\u00e7on allemand, Ben, qui va devoir d\u00e9m\u00e9nager \u00e0 cause d\u2019une machine qui d\u00e9cime les villages (une excavatrice \u00e0 godets utilis\u00e9e pour l\u2019extraction du lignite \u00e0 ciel ouvert). Il d\u00e9m\u00e9nage donc et doit s\u2019adapter \u00e0 un nouveau mode de vie (changement d\u2019\u00e9cole, de maison, de club de football, d\u2019amis \u2026). Il rencontre son futur ami, Tariq, qui a \u00e9t\u00e9 traumatis\u00e9 par la guerre dans son pays, la Syrie. Ils vont tenter ensemble de retrouver le fr\u00e8re de Tariq et vont se lier d\u2019amiti\u00e9.<\/p>\n\n\n\n<p>Manon<\/p>\n\n\n\n<p><\/p>\n\n\n\n<p>Le film \u00e9tait chouette.<\/p>\n\n\n\n<p>Tariq, le r\u00e9fugi\u00e9 syrien, m\u2019a \u00e9mu parce qu\u2019il a v\u00e9cu des choses affreuses.<\/p>\n\n\n\n<p>Florian<\/p>\n\n\n\n<p><\/p>\n\n\n\n<p>J\u2019ai bien aim\u00e9 le film car l\u2019histoire est belle. Le personnage qui m\u2019a le plus \u00e9mue est Tariq, je trouve son histoire \u00e9mouvante et triste \u00e0 la fois\u00a0! Le moment du film que j\u2019ai le plus aim\u00e9 est celui o\u00f9 Tariq et Ben commencent \u00e0 \u00eatre amis. J\u2019ai compris que Tariq est un enfant traumatis\u00e9 par la guerre, que Ben est un enfant qui s\u2019est enfui avec sa famille pour aller vivre ailleurs et qui a tout quitt\u00e9, comme Tariq.<\/p>\n\n\n\n<p>No\u00e9mie<\/p>\n\n\n\n<p><\/p>\n\n\n\n<p>J\u2019ai trouv\u00e9 le film g\u00e9nial car je trouve que l\u2019histoire est \u00e9mouvante et les personnages vraiment attachants.<\/p>\n\n\n\n<p>Marie-Lyna<\/p>\n\n\n\n<p><\/p>\n\n\n\n<p>Ce sont deux gar\u00e7ons qui doivent s\u2019adapter \u00e0 une nouvelle vie\u00a0; qui deviennent meilleurs amis et s\u2019aident dans les bons comme les mauvais moments pour r\u00e9ussir dans cette nouvelle vie.<\/p>\n\n\n\n<p>Kim<\/p>\n\n\n\n<p><\/p>\n\n\n\n<p>Mon personnage pr\u00e9f\u00e9r\u00e9 est Ben car il essaie de s\u2019adapter m\u00eame si c\u2019est tr\u00e8s dur pour lui. Le moment o\u00f9 Ben et Tariq mangent des chamallows grill\u00e9s et chantent ensemble est mon moment pr\u00e9f\u00e9r\u00e9.<\/p>\n\n\n\n<p>Iris<\/p>\n\n\n\n<p><\/p>\n\n\n\n<p>J\u2019ai bien aim\u00e9 le passage o\u00f9 Tariq d\u00e9truit toutes les maisons en l\u00e9gos car on comprend bien la d\u00e9tresse des enfants traumatis\u00e9s par la guerre.<\/p>\n\n\n\n<p>Tony<\/p>\n","protected":false},"excerpt":{"rendered":"","protected":false},"author":28090,"featured_media":1991,"comment_status":"closed","ping_status":"closed","sticky":false,"template":"","format":"standard","meta":{"footnotes":"","_links_to":"","_links_to_target":""},"categories":[35],"tags":[],"class_list":["post-1986","post","type-post","status-publish","format-standard","has-post-thumbnail","hentry","category-allemand"],"_links":{"self":[{"href":"https:\/\/etab.ac-reunion.fr\/clg-ravine-des-cabris\/wp-json\/wp\/v2\/posts\/1986","targetHints":{"allow":["GET"]}}],"collection":[{"href":"https:\/\/etab.ac-reunion.fr\/clg-ravine-des-cabris\/wp-json\/wp\/v2\/posts"}],"about":[{"href":"https:\/\/etab.ac-reunion.fr\/clg-ravine-des-cabris\/wp-json\/wp\/v2\/types\/post"}],"author":[{"embeddable":true,"href":"https:\/\/etab.ac-reunion.fr\/clg-ravine-des-cabris\/wp-json\/wp\/v2\/users\/28090"}],"replies":[{"embeddable":true,"href":"https:\/\/etab.ac-reunion.fr\/clg-ravine-des-cabris\/wp-json\/wp\/v2\/comments?post=1986"}],"version-history":[{"count":2,"href":"https:\/\/etab.ac-reunion.fr\/clg-ravine-des-cabris\/wp-json\/wp\/v2\/posts\/1986\/revisions"}],"predecessor-version":[{"id":1993,"href":"https:\/\/etab.ac-reunion.fr\/clg-ravine-des-cabris\/wp-json\/wp\/v2\/posts\/1986\/revisions\/1993"}],"wp:featuredmedia":[{"embeddable":true,"href":"https:\/\/etab.ac-reunion.fr\/clg-ravine-des-cabris\/wp-json\/wp\/v2\/media\/1991"}],"wp:attachment":[{"href":"https:\/\/etab.ac-reunion.fr\/clg-ravine-des-cabris\/wp-json\/wp\/v2\/media?parent=1986"}],"wp:term":[{"taxonomy":"category","embeddable":true,"href":"https:\/\/etab.ac-reunion.fr\/clg-ravine-des-cabris\/wp-json\/wp\/v2\/categories?post=1986"},{"taxonomy":"post_tag","embeddable":true,"href":"https:\/\/etab.ac-reunion.fr\/clg-ravine-des-cabris\/wp-json\/wp\/v2\/tags?post=1986"}],"curies":[{"name":"wp","href":"https:\/\/api.w.org\/{rel}","templated":true}]}}