{"id":2003,"date":"2022-09-22T11:58:25","date_gmt":"2022-09-22T09:58:25","guid":{"rendered":"https:\/\/etab.ac-reunion.fr\/clg-ravine-des-cabris\/?p=2003"},"modified":"2022-09-22T12:01:35","modified_gmt":"2022-09-22T10:01:35","slug":"journee-europeenne-des-langues-lets-have-some-fun","status":"publish","type":"post","link":"https:\/\/etab.ac-reunion.fr\/clg-ravine-des-cabris\/2022\/09\/22\/journee-europeenne-des-langues-lets-have-some-fun\/","title":{"rendered":"Journ\u00e9e europ\u00e9enne des langues \u00ab\u00a0Let&rsquo;s have some fun!\u00a0"},"content":{"rendered":"\n<p class=\"has-normal-font-size\"><\/p>\n\n\n\n<div class=\"wp-block-media-text alignwide is-stacked-on-mobile\"><figure class=\"wp-block-media-text__media\"><a href=\"https:\/\/padlet.com\/HelloMiss\/a6wuq7wghbqvc9n0\"><img loading=\"lazy\" decoding=\"async\" width=\"1920\" height=\"1071\" src=\"https:\/\/etab.ac-reunion.fr\/clg-ravine-des-cabris\/wp-content\/uploads\/sites\/158\/2022\/09\/ang.jpg\" alt=\"\" class=\"wp-image-2004 size-full\" srcset=\"https:\/\/etab.ac-reunion.fr\/clg-ravine-des-cabris\/wp-content\/uploads\/sites\/158\/2022\/09\/ang.jpg 1920w, https:\/\/etab.ac-reunion.fr\/clg-ravine-des-cabris\/wp-content\/uploads\/sites\/158\/2022\/09\/ang-800x446.jpg 800w, https:\/\/etab.ac-reunion.fr\/clg-ravine-des-cabris\/wp-content\/uploads\/sites\/158\/2022\/09\/ang-768x428.jpg 768w, https:\/\/etab.ac-reunion.fr\/clg-ravine-des-cabris\/wp-content\/uploads\/sites\/158\/2022\/09\/ang-1536x857.jpg 1536w, https:\/\/etab.ac-reunion.fr\/clg-ravine-des-cabris\/wp-content\/uploads\/sites\/158\/2022\/09\/ang-237x132.jpg 237w\" sizes=\"auto, (max-width: 1920px) 100vw, 1920px\" \/><\/a><\/figure><div class=\"wp-block-media-text__content\">\n<p class=\"has-text-align-left has-accent-2-color has-text-color has-normal-font-size\">La journ\u00e9e europ\u00e9enne des langues a lieu chaque ann\u00e9e le 26 septembre. C&rsquo;est l&rsquo;occasion pour nos \u00e9l\u00e8ves de mettre en valeur les langues vivantes. Dans le cadre de cette journ\u00e9e, le groupe d&rsquo;anglais LCE 3\u00e8me du coll\u00e8ge vous invite \u00e0 jouer au jeu du millionnaire r\u00e9alis\u00e9 en classe avec enthousiasme et cr\u00e9ativit\u00e9. Choisis parmi les 2 th\u00e8mes propos\u00e9s: Disney ou les c\u00e9l\u00e9brit\u00e9s anglophones et les quiz de culture g\u00e9n\u00e9rale. Enjoy!<\/p>\n\n\n\n<p class=\"has-text-align-left has-accent-2-color has-text-color has-normal-font-size\">\u00ab\u00a0<a href=\"https:\/\/padlet.com\/HelloMiss\/a6wuq7wghbqvc9n0\" data-type=\"URL\" data-id=\"https:\/\/padlet.com\/HelloMiss\/a6wuq7wghbqvc9n0\">https:\/\/padlet.com\/HelloMiss\/a6wuq7wghbqvc9n0<\/a><\/p>\n<\/div><\/div>\n","protected":false},"excerpt":{"rendered":"","protected":false},"author":28090,"featured_media":2007,"comment_status":"closed","ping_status":"closed","sticky":false,"template":"","format":"standard","meta":{"footnotes":"","_links_to":"","_links_to_target":""},"categories":[34],"tags":[],"class_list":["post-2003","post","type-post","status-publish","format-standard","has-post-thumbnail","hentry","category-anglais"],"_links":{"self":[{"href":"https:\/\/etab.ac-reunion.fr\/clg-ravine-des-cabris\/wp-json\/wp\/v2\/posts\/2003","targetHints":{"allow":["GET"]}}],"collection":[{"href":"https:\/\/etab.ac-reunion.fr\/clg-ravine-des-cabris\/wp-json\/wp\/v2\/posts"}],"about":[{"href":"https:\/\/etab.ac-reunion.fr\/clg-ravine-des-cabris\/wp-json\/wp\/v2\/types\/post"}],"author":[{"embeddable":true,"href":"https:\/\/etab.ac-reunion.fr\/clg-ravine-des-cabris\/wp-json\/wp\/v2\/users\/28090"}],"replies":[{"embeddable":true,"href":"https:\/\/etab.ac-reunion.fr\/clg-ravine-des-cabris\/wp-json\/wp\/v2\/comments?post=2003"}],"version-history":[{"count":2,"href":"https:\/\/etab.ac-reunion.fr\/clg-ravine-des-cabris\/wp-json\/wp\/v2\/posts\/2003\/revisions"}],"predecessor-version":[{"id":2009,"href":"https:\/\/etab.ac-reunion.fr\/clg-ravine-des-cabris\/wp-json\/wp\/v2\/posts\/2003\/revisions\/2009"}],"wp:featuredmedia":[{"embeddable":true,"href":"https:\/\/etab.ac-reunion.fr\/clg-ravine-des-cabris\/wp-json\/wp\/v2\/media\/2007"}],"wp:attachment":[{"href":"https:\/\/etab.ac-reunion.fr\/clg-ravine-des-cabris\/wp-json\/wp\/v2\/media?parent=2003"}],"wp:term":[{"taxonomy":"category","embeddable":true,"href":"https:\/\/etab.ac-reunion.fr\/clg-ravine-des-cabris\/wp-json\/wp\/v2\/categories?post=2003"},{"taxonomy":"post_tag","embeddable":true,"href":"https:\/\/etab.ac-reunion.fr\/clg-ravine-des-cabris\/wp-json\/wp\/v2\/tags?post=2003"}],"curies":[{"name":"wp","href":"https:\/\/api.w.org\/{rel}","templated":true}]}}