{"id":2049,"date":"2022-11-04T10:44:04","date_gmt":"2022-11-04T09:44:04","guid":{"rendered":"https:\/\/etab.ac-reunion.fr\/clg-ravine-des-cabris\/?p=2049"},"modified":"2022-11-04T10:45:51","modified_gmt":"2022-11-04T09:45:51","slug":"sortie-pedagogique-4-novalis-et-franck-a-lobservatoire-des-makes","status":"publish","type":"post","link":"https:\/\/etab.ac-reunion.fr\/clg-ravine-des-cabris\/2022\/11\/04\/sortie-pedagogique-4-novalis-et-franck-a-lobservatoire-des-makes\/","title":{"rendered":"Sortie p\u00e9dagogique 4\u00b0 Novalis et Franck \u00e0 l&rsquo;observatoire des Makes"},"content":{"rendered":"\n<h2 class=\"wp-block-heading\">Retour en images sur la sortie des 4\u00e8me Novalis et Franck \u00e0 l&rsquo;observatoire des Makes. Au programme de ces 2 jours, activit\u00e9s sur le th\u00e8me de l&rsquo;astronomie (visionnage d&rsquo;un film, observation des \u00e9toiles et du soleil, activit\u00e9s sur les plan\u00e8tes) mais aussi randonn\u00e9e et activit\u00e9s sportives.<\/h2>\n\n\n\n<figure class=\"wp-block-embed is-type-video is-provider-youtube wp-block-embed-youtube wp-embed-aspect-4-3 wp-has-aspect-ratio\"><div class=\"wp-block-embed__wrapper\">\n<iframe loading=\"lazy\" title=\"SORTIE PEDAGOGIQUE 4e\u0300me Novalis et Franck \u00e0 l&#039;observatoire des Makes\" width=\"1333\" height=\"1000\" src=\"https:\/\/www.youtube.com\/embed\/7wKNKzmxzsI?feature=oembed\" frameborder=\"0\" allow=\"accelerometer; autoplay; clipboard-write; encrypted-media; gyroscope; picture-in-picture; web-share\" referrerpolicy=\"strict-origin-when-cross-origin\" allowfullscreen><\/iframe>\n<\/div><\/figure>\n","protected":false},"excerpt":{"rendered":"","protected":false},"author":28090,"featured_media":2050,"comment_status":"closed","ping_status":"closed","sticky":false,"template":"","format":"standard","meta":{"footnotes":"","_links_to":"","_links_to_target":""},"categories":[34,27,18,21,22],"tags":[],"class_list":["post-2049","post","type-post","status-publish","format-standard","has-post-thumbnail","hentry","category-anglais","category-education-physique-et-sportive","category-histoire-geographie-emc","category-mathematiques","category-s-v-t-physique"],"_links":{"self":[{"href":"https:\/\/etab.ac-reunion.fr\/clg-ravine-des-cabris\/wp-json\/wp\/v2\/posts\/2049","targetHints":{"allow":["GET"]}}],"collection":[{"href":"https:\/\/etab.ac-reunion.fr\/clg-ravine-des-cabris\/wp-json\/wp\/v2\/posts"}],"about":[{"href":"https:\/\/etab.ac-reunion.fr\/clg-ravine-des-cabris\/wp-json\/wp\/v2\/types\/post"}],"author":[{"embeddable":true,"href":"https:\/\/etab.ac-reunion.fr\/clg-ravine-des-cabris\/wp-json\/wp\/v2\/users\/28090"}],"replies":[{"embeddable":true,"href":"https:\/\/etab.ac-reunion.fr\/clg-ravine-des-cabris\/wp-json\/wp\/v2\/comments?post=2049"}],"version-history":[{"count":1,"href":"https:\/\/etab.ac-reunion.fr\/clg-ravine-des-cabris\/wp-json\/wp\/v2\/posts\/2049\/revisions"}],"predecessor-version":[{"id":2051,"href":"https:\/\/etab.ac-reunion.fr\/clg-ravine-des-cabris\/wp-json\/wp\/v2\/posts\/2049\/revisions\/2051"}],"wp:featuredmedia":[{"embeddable":true,"href":"https:\/\/etab.ac-reunion.fr\/clg-ravine-des-cabris\/wp-json\/wp\/v2\/media\/2050"}],"wp:attachment":[{"href":"https:\/\/etab.ac-reunion.fr\/clg-ravine-des-cabris\/wp-json\/wp\/v2\/media?parent=2049"}],"wp:term":[{"taxonomy":"category","embeddable":true,"href":"https:\/\/etab.ac-reunion.fr\/clg-ravine-des-cabris\/wp-json\/wp\/v2\/categories?post=2049"},{"taxonomy":"post_tag","embeddable":true,"href":"https:\/\/etab.ac-reunion.fr\/clg-ravine-des-cabris\/wp-json\/wp\/v2\/tags?post=2049"}],"curies":[{"name":"wp","href":"https:\/\/api.w.org\/{rel}","templated":true}]}}