{"id":2052,"date":"2022-11-04T14:00:27","date_gmt":"2022-11-04T13:00:27","guid":{"rendered":"https:\/\/etab.ac-reunion.fr\/clg-ravine-des-cabris\/?p=2052"},"modified":"2022-12-15T16:17:28","modified_gmt":"2022-12-15T15:17:28","slug":"les-4-klimt-au-taaf","status":"publish","type":"post","link":"https:\/\/etab.ac-reunion.fr\/clg-ravine-des-cabris\/2022\/11\/04\/les-4-klimt-au-taaf\/","title":{"rendered":"Les 4\u00b0 Klimt aux TAAF"},"content":{"rendered":"\n<p>Les \u00e9l\u00e8ves de 4\u00b0 Klimt ont particip\u00e9 jeudi 3 novembre \u00e0 une sortie organis\u00e9e dans le cadre d\u2019un EPI sur les TAAF associant l\u2019EPS, le fran\u00e7ais et l\u2019histoire-g\u00e9ographie.<\/p>\n\n\n\n<p>Les \u00e9l\u00e8ves r\u00e9partis en deux groupes ont pu au cours de cette journ\u00e9e alterner entre une activit\u00e9 kayak encadr\u00e9e par le professeur d\u2019EPS et une visite du si\u00e8ge des TAAF o\u00f9 on leur a d\u2019abord pr\u00e9sent\u00e9 chaque district&nbsp;: les \u00c9parses, les Australes et la Terre Ad\u00e9lie en commen\u00e7ant par les origines historiques de ces districts, les richesses propres \u00e0 chaque district et leur singularit\u00e9. Ils ont pu observer les diff\u00e9rentes esp\u00e8ces d\u2019oiseaux, d\u2019oiseaux et de mammif\u00e8res expos\u00e9s. Ils ont pu poser toutes les questions n\u00e9cessaires afin de compl\u00e9ter leurs diff\u00e9rentes fiches. La visite s\u2019est termin\u00e9e par une pr\u00e9sentation de la philat\u00e9lie propre aux TAAF.<\/p>\n\n\n\n<p class=\"has-text-align-center has-accent-2-color has-sitebg-background-color has-text-color has-background has-large-font-size\">Le jeudi 3 novembre 2022, nous sommes partis en sortie scolaire au si\u00e8ge des TAAF (Terres Australes et Antarctiques Fran\u00e7aises). Et nous avons aussi eu une initiation au kayak \u00e0 la base nautique de Saint Pierre. Nous \u00e9tions accompagn\u00e9s par Madame Bellon et Madame Lebon.<\/p>\n\n\n\n<p class=\"has-text-align-center has-accent-2-color has-sitebg-background-color has-text-color has-background has-large-font-size\">L&rsquo;objectif de cette sortie \u00e9tait d\u2019apprendre encore plus sur ces terres et de d\u00e9couvrir l\u2019espace d\u2019exposition permanente.<\/p>\n\n\n\n<p class=\"has-text-align-center has-accent-2-color has-sitebg-background-color has-text-color has-background has-large-font-size\">Au si\u00e8ge, Mme Mouradian Cendrine, secr\u00e9taire et agent d&rsquo;accueil du mus\u00e9e nous a pr\u00e9sent\u00e9 un diaporama sur les diff\u00e9rents districts au travers duquel nous avons d\u00e9couvert l\u2019histoire des TAAF, la faune et la flore uniques des ces \u00eeles, les objectifs principaux des TAAF\u2026 Saviez vous que ces territoires sont inscrits au Patrimoine Mondial de l\u2019UNESCO ?&nbsp;<\/p>\n\n\n\n<p class=\"has-text-align-center has-accent-2-color has-sitebg-background-color has-text-color has-background has-large-font-size\">Apr\u00e8s le diaporama, nous avons visit\u00e9 le hall d\u2019accueil&nbsp; o\u00f9 se trouvent expos\u00e9s des animaux en particulier des oiseaux ( les go\u00e9lands sont impressionnants!), des manchots mais aussi des maquettes du Marion Dufresne (le navire qui assure les rotations entre la R\u00e9union et les districts)&nbsp; et de l\u2019Astrolabe&nbsp; (le brise-glace qui permet la liaison avec la Terre Ad\u00e9lie)<\/p>\n\n\n\n<p class=\"has-text-align-center has-accent-2-color has-sitebg-background-color has-text-color has-background has-large-font-size\">Nous avons vraiment appr\u00e9ci\u00e9 cette matin\u00e9e.<\/p>\n\n\n\n<p class=\"has-text-align-center has-accent-2-color has-sitebg-background-color has-text-color has-background has-large-font-size\">Lisa, Alexis, Sarah<\/p>\n\n\n\n<figure class=\"wp-block-gallery has-nested-images columns-default is-cropped wp-block-gallery-1 is-layout-flex wp-block-gallery-is-layout-flex\">\n<figure class=\"wp-block-image size-large\"><a href=\"https:\/\/etab.ac-reunion.fr\/clg-ravine-des-cabris\/wp-content\/uploads\/sites\/158\/2022\/11\/IMG_1848-rotated.jpeg\"><img loading=\"lazy\" decoding=\"async\" width=\"1920\" height=\"1440\" data-id=\"2057\" src=\"https:\/\/etab.ac-reunion.fr\/clg-ravine-des-cabris\/wp-content\/uploads\/sites\/158\/2022\/11\/IMG_1848-rotated.jpeg\" alt=\"\" class=\"wp-image-2057\" srcset=\"https:\/\/etab.ac-reunion.fr\/clg-ravine-des-cabris\/wp-content\/uploads\/sites\/158\/2022\/11\/IMG_1848-rotated.jpeg 1920w, https:\/\/etab.ac-reunion.fr\/clg-ravine-des-cabris\/wp-content\/uploads\/sites\/158\/2022\/11\/IMG_1848-800x600.jpeg 800w, https:\/\/etab.ac-reunion.fr\/clg-ravine-des-cabris\/wp-content\/uploads\/sites\/158\/2022\/11\/IMG_1848-768x576.jpeg 768w, https:\/\/etab.ac-reunion.fr\/clg-ravine-des-cabris\/wp-content\/uploads\/sites\/158\/2022\/11\/IMG_1848-1536x1152.jpeg 1536w, https:\/\/etab.ac-reunion.fr\/clg-ravine-des-cabris\/wp-content\/uploads\/sites\/158\/2022\/11\/IMG_1848-176x132.jpeg 176w\" sizes=\"auto, (max-width: 1920px) 100vw, 1920px\" \/><\/a><\/figure>\n\n\n\n<figure class=\"wp-block-image size-large\"><a href=\"https:\/\/etab.ac-reunion.fr\/clg-ravine-des-cabris\/wp-content\/uploads\/sites\/158\/2022\/11\/IMG_1849-rotated.jpeg\"><img loading=\"lazy\" decoding=\"async\" width=\"1440\" height=\"1920\" data-id=\"2054\" src=\"https:\/\/etab.ac-reunion.fr\/clg-ravine-des-cabris\/wp-content\/uploads\/sites\/158\/2022\/11\/IMG_1849-rotated.jpeg\" alt=\"\" class=\"wp-image-2054\" srcset=\"https:\/\/etab.ac-reunion.fr\/clg-ravine-des-cabris\/wp-content\/uploads\/sites\/158\/2022\/11\/IMG_1849-rotated.jpeg 1440w, https:\/\/etab.ac-reunion.fr\/clg-ravine-des-cabris\/wp-content\/uploads\/sites\/158\/2022\/11\/IMG_1849-450x600.jpeg 450w, https:\/\/etab.ac-reunion.fr\/clg-ravine-des-cabris\/wp-content\/uploads\/sites\/158\/2022\/11\/IMG_1849-768x1024.jpeg 768w, https:\/\/etab.ac-reunion.fr\/clg-ravine-des-cabris\/wp-content\/uploads\/sites\/158\/2022\/11\/IMG_1849-1152x1536.jpeg 1152w, https:\/\/etab.ac-reunion.fr\/clg-ravine-des-cabris\/wp-content\/uploads\/sites\/158\/2022\/11\/IMG_1849-99x132.jpeg 99w\" sizes=\"auto, (max-width: 1440px) 100vw, 1440px\" \/><\/a><\/figure>\n\n\n\n<figure class=\"wp-block-image size-large\"><a href=\"https:\/\/etab.ac-reunion.fr\/clg-ravine-des-cabris\/wp-content\/uploads\/sites\/158\/2022\/11\/IMG_1850-rotated.jpeg\"><img loading=\"lazy\" decoding=\"async\" width=\"1440\" height=\"1920\" data-id=\"2055\" src=\"https:\/\/etab.ac-reunion.fr\/clg-ravine-des-cabris\/wp-content\/uploads\/sites\/158\/2022\/11\/IMG_1850-rotated.jpeg\" alt=\"\" class=\"wp-image-2055\" srcset=\"https:\/\/etab.ac-reunion.fr\/clg-ravine-des-cabris\/wp-content\/uploads\/sites\/158\/2022\/11\/IMG_1850-rotated.jpeg 1440w, https:\/\/etab.ac-reunion.fr\/clg-ravine-des-cabris\/wp-content\/uploads\/sites\/158\/2022\/11\/IMG_1850-450x600.jpeg 450w, https:\/\/etab.ac-reunion.fr\/clg-ravine-des-cabris\/wp-content\/uploads\/sites\/158\/2022\/11\/IMG_1850-768x1024.jpeg 768w, https:\/\/etab.ac-reunion.fr\/clg-ravine-des-cabris\/wp-content\/uploads\/sites\/158\/2022\/11\/IMG_1850-1152x1536.jpeg 1152w, https:\/\/etab.ac-reunion.fr\/clg-ravine-des-cabris\/wp-content\/uploads\/sites\/158\/2022\/11\/IMG_1850-99x132.jpeg 99w\" sizes=\"auto, (max-width: 1440px) 100vw, 1440px\" \/><\/a><\/figure>\n\n\n\n<figure class=\"wp-block-image size-large\"><a href=\"https:\/\/etab.ac-reunion.fr\/clg-ravine-des-cabris\/wp-content\/uploads\/sites\/158\/2022\/11\/IMG_1852-1-rotated.jpeg\"><img loading=\"lazy\" decoding=\"async\" width=\"1440\" height=\"1920\" data-id=\"2053\" src=\"https:\/\/etab.ac-reunion.fr\/clg-ravine-des-cabris\/wp-content\/uploads\/sites\/158\/2022\/11\/IMG_1852-1-rotated.jpeg\" alt=\"\" class=\"wp-image-2053\" srcset=\"https:\/\/etab.ac-reunion.fr\/clg-ravine-des-cabris\/wp-content\/uploads\/sites\/158\/2022\/11\/IMG_1852-1-rotated.jpeg 1440w, https:\/\/etab.ac-reunion.fr\/clg-ravine-des-cabris\/wp-content\/uploads\/sites\/158\/2022\/11\/IMG_1852-1-450x600.jpeg 450w, https:\/\/etab.ac-reunion.fr\/clg-ravine-des-cabris\/wp-content\/uploads\/sites\/158\/2022\/11\/IMG_1852-1-768x1024.jpeg 768w, https:\/\/etab.ac-reunion.fr\/clg-ravine-des-cabris\/wp-content\/uploads\/sites\/158\/2022\/11\/IMG_1852-1-1152x1536.jpeg 1152w, https:\/\/etab.ac-reunion.fr\/clg-ravine-des-cabris\/wp-content\/uploads\/sites\/158\/2022\/11\/IMG_1852-1-99x132.jpeg 99w\" sizes=\"auto, (max-width: 1440px) 100vw, 1440px\" \/><\/a><\/figure>\n\n\n\n<figure class=\"wp-block-image size-large\"><a href=\"https:\/\/etab.ac-reunion.fr\/clg-ravine-des-cabris\/wp-content\/uploads\/sites\/158\/2022\/11\/IMG_1853-rotated.jpeg\"><img loading=\"lazy\" decoding=\"async\" width=\"1440\" height=\"1920\" data-id=\"2058\" src=\"https:\/\/etab.ac-reunion.fr\/clg-ravine-des-cabris\/wp-content\/uploads\/sites\/158\/2022\/11\/IMG_1853-rotated.jpeg\" alt=\"\" class=\"wp-image-2058\" srcset=\"https:\/\/etab.ac-reunion.fr\/clg-ravine-des-cabris\/wp-content\/uploads\/sites\/158\/2022\/11\/IMG_1853-rotated.jpeg 1440w, https:\/\/etab.ac-reunion.fr\/clg-ravine-des-cabris\/wp-content\/uploads\/sites\/158\/2022\/11\/IMG_1853-450x600.jpeg 450w, https:\/\/etab.ac-reunion.fr\/clg-ravine-des-cabris\/wp-content\/uploads\/sites\/158\/2022\/11\/IMG_1853-768x1024.jpeg 768w, https:\/\/etab.ac-reunion.fr\/clg-ravine-des-cabris\/wp-content\/uploads\/sites\/158\/2022\/11\/IMG_1853-1152x1536.jpeg 1152w, https:\/\/etab.ac-reunion.fr\/clg-ravine-des-cabris\/wp-content\/uploads\/sites\/158\/2022\/11\/IMG_1853-99x132.jpeg 99w\" sizes=\"auto, (max-width: 1440px) 100vw, 1440px\" \/><\/a><\/figure>\n\n\n\n<figure class=\"wp-block-image size-large\"><a href=\"https:\/\/etab.ac-reunion.fr\/clg-ravine-des-cabris\/wp-content\/uploads\/sites\/158\/2022\/11\/IMG_1855-rotated.jpeg\"><img loading=\"lazy\" decoding=\"async\" width=\"1440\" height=\"1920\" data-id=\"2059\" src=\"https:\/\/etab.ac-reunion.fr\/clg-ravine-des-cabris\/wp-content\/uploads\/sites\/158\/2022\/11\/IMG_1855-rotated.jpeg\" alt=\"\" class=\"wp-image-2059\" srcset=\"https:\/\/etab.ac-reunion.fr\/clg-ravine-des-cabris\/wp-content\/uploads\/sites\/158\/2022\/11\/IMG_1855-rotated.jpeg 1440w, https:\/\/etab.ac-reunion.fr\/clg-ravine-des-cabris\/wp-content\/uploads\/sites\/158\/2022\/11\/IMG_1855-450x600.jpeg 450w, https:\/\/etab.ac-reunion.fr\/clg-ravine-des-cabris\/wp-content\/uploads\/sites\/158\/2022\/11\/IMG_1855-768x1024.jpeg 768w, https:\/\/etab.ac-reunion.fr\/clg-ravine-des-cabris\/wp-content\/uploads\/sites\/158\/2022\/11\/IMG_1855-1152x1536.jpeg 1152w, https:\/\/etab.ac-reunion.fr\/clg-ravine-des-cabris\/wp-content\/uploads\/sites\/158\/2022\/11\/IMG_1855-99x132.jpeg 99w\" sizes=\"auto, (max-width: 1440px) 100vw, 1440px\" \/><\/a><\/figure>\n\n\n\n<figure class=\"wp-block-image size-large\"><a href=\"https:\/\/etab.ac-reunion.fr\/clg-ravine-des-cabris\/wp-content\/uploads\/sites\/158\/2022\/11\/IMG_1856-rotated.jpeg\"><img loading=\"lazy\" decoding=\"async\" width=\"1440\" height=\"1920\" data-id=\"2060\" src=\"https:\/\/etab.ac-reunion.fr\/clg-ravine-des-cabris\/wp-content\/uploads\/sites\/158\/2022\/11\/IMG_1856-rotated.jpeg\" alt=\"\" class=\"wp-image-2060\" srcset=\"https:\/\/etab.ac-reunion.fr\/clg-ravine-des-cabris\/wp-content\/uploads\/sites\/158\/2022\/11\/IMG_1856-rotated.jpeg 1440w, https:\/\/etab.ac-reunion.fr\/clg-ravine-des-cabris\/wp-content\/uploads\/sites\/158\/2022\/11\/IMG_1856-450x600.jpeg 450w, https:\/\/etab.ac-reunion.fr\/clg-ravine-des-cabris\/wp-content\/uploads\/sites\/158\/2022\/11\/IMG_1856-768x1024.jpeg 768w, https:\/\/etab.ac-reunion.fr\/clg-ravine-des-cabris\/wp-content\/uploads\/sites\/158\/2022\/11\/IMG_1856-1152x1536.jpeg 1152w, https:\/\/etab.ac-reunion.fr\/clg-ravine-des-cabris\/wp-content\/uploads\/sites\/158\/2022\/11\/IMG_1856-99x132.jpeg 99w\" sizes=\"auto, (max-width: 1440px) 100vw, 1440px\" \/><\/a><\/figure>\n\n\n\n<figure class=\"wp-block-image size-large\"><a href=\"https:\/\/etab.ac-reunion.fr\/clg-ravine-des-cabris\/wp-content\/uploads\/sites\/158\/2022\/11\/IMG_1857-rotated.jpeg\"><img loading=\"lazy\" decoding=\"async\" width=\"1440\" height=\"1920\" data-id=\"2061\" src=\"https:\/\/etab.ac-reunion.fr\/clg-ravine-des-cabris\/wp-content\/uploads\/sites\/158\/2022\/11\/IMG_1857-rotated.jpeg\" alt=\"\" class=\"wp-image-2061\" srcset=\"https:\/\/etab.ac-reunion.fr\/clg-ravine-des-cabris\/wp-content\/uploads\/sites\/158\/2022\/11\/IMG_1857-rotated.jpeg 1440w, https:\/\/etab.ac-reunion.fr\/clg-ravine-des-cabris\/wp-content\/uploads\/sites\/158\/2022\/11\/IMG_1857-450x600.jpeg 450w, https:\/\/etab.ac-reunion.fr\/clg-ravine-des-cabris\/wp-content\/uploads\/sites\/158\/2022\/11\/IMG_1857-768x1024.jpeg 768w, https:\/\/etab.ac-reunion.fr\/clg-ravine-des-cabris\/wp-content\/uploads\/sites\/158\/2022\/11\/IMG_1857-1152x1536.jpeg 1152w, https:\/\/etab.ac-reunion.fr\/clg-ravine-des-cabris\/wp-content\/uploads\/sites\/158\/2022\/11\/IMG_1857-99x132.jpeg 99w\" sizes=\"auto, (max-width: 1440px) 100vw, 1440px\" \/><\/a><\/figure>\n\n\n\n<figure class=\"wp-block-image size-large\"><a href=\"https:\/\/etab.ac-reunion.fr\/clg-ravine-des-cabris\/wp-content\/uploads\/sites\/158\/2022\/11\/IMG_1858.jpeg\"><img loading=\"lazy\" decoding=\"async\" width=\"1920\" height=\"1440\" data-id=\"2062\" src=\"https:\/\/etab.ac-reunion.fr\/clg-ravine-des-cabris\/wp-content\/uploads\/sites\/158\/2022\/11\/IMG_1858.jpeg\" alt=\"\" class=\"wp-image-2062\" srcset=\"https:\/\/etab.ac-reunion.fr\/clg-ravine-des-cabris\/wp-content\/uploads\/sites\/158\/2022\/11\/IMG_1858.jpeg 1920w, https:\/\/etab.ac-reunion.fr\/clg-ravine-des-cabris\/wp-content\/uploads\/sites\/158\/2022\/11\/IMG_1858-800x600.jpeg 800w, https:\/\/etab.ac-reunion.fr\/clg-ravine-des-cabris\/wp-content\/uploads\/sites\/158\/2022\/11\/IMG_1858-768x576.jpeg 768w, https:\/\/etab.ac-reunion.fr\/clg-ravine-des-cabris\/wp-content\/uploads\/sites\/158\/2022\/11\/IMG_1858-1536x1152.jpeg 1536w, https:\/\/etab.ac-reunion.fr\/clg-ravine-des-cabris\/wp-content\/uploads\/sites\/158\/2022\/11\/IMG_1858-176x132.jpeg 176w\" sizes=\"auto, (max-width: 1920px) 100vw, 1920px\" \/><\/a><\/figure>\n\n\n\n<figure class=\"wp-block-image size-large\"><a href=\"https:\/\/etab.ac-reunion.fr\/clg-ravine-des-cabris\/wp-content\/uploads\/sites\/158\/2022\/11\/IMG_1862.jpeg\"><img loading=\"lazy\" decoding=\"async\" width=\"1920\" height=\"1440\" data-id=\"2063\" src=\"https:\/\/etab.ac-reunion.fr\/clg-ravine-des-cabris\/wp-content\/uploads\/sites\/158\/2022\/11\/IMG_1862.jpeg\" alt=\"\" class=\"wp-image-2063\" srcset=\"https:\/\/etab.ac-reunion.fr\/clg-ravine-des-cabris\/wp-content\/uploads\/sites\/158\/2022\/11\/IMG_1862.jpeg 1920w, https:\/\/etab.ac-reunion.fr\/clg-ravine-des-cabris\/wp-content\/uploads\/sites\/158\/2022\/11\/IMG_1862-800x600.jpeg 800w, https:\/\/etab.ac-reunion.fr\/clg-ravine-des-cabris\/wp-content\/uploads\/sites\/158\/2022\/11\/IMG_1862-768x576.jpeg 768w, https:\/\/etab.ac-reunion.fr\/clg-ravine-des-cabris\/wp-content\/uploads\/sites\/158\/2022\/11\/IMG_1862-1536x1152.jpeg 1536w, https:\/\/etab.ac-reunion.fr\/clg-ravine-des-cabris\/wp-content\/uploads\/sites\/158\/2022\/11\/IMG_1862-176x132.jpeg 176w\" sizes=\"auto, (max-width: 1920px) 100vw, 1920px\" \/><\/a><\/figure>\n\n\n\n<figure class=\"wp-block-image size-large\"><a href=\"https:\/\/etab.ac-reunion.fr\/clg-ravine-des-cabris\/wp-content\/uploads\/sites\/158\/2022\/11\/IMG_3796-rotated.jpg\"><img loading=\"lazy\" decoding=\"async\" width=\"1440\" height=\"1920\" data-id=\"2064\" src=\"https:\/\/etab.ac-reunion.fr\/clg-ravine-des-cabris\/wp-content\/uploads\/sites\/158\/2022\/11\/IMG_3796-rotated.jpg\" alt=\"\" class=\"wp-image-2064\" srcset=\"https:\/\/etab.ac-reunion.fr\/clg-ravine-des-cabris\/wp-content\/uploads\/sites\/158\/2022\/11\/IMG_3796-rotated.jpg 1440w, https:\/\/etab.ac-reunion.fr\/clg-ravine-des-cabris\/wp-content\/uploads\/sites\/158\/2022\/11\/IMG_3796-450x600.jpg 450w, https:\/\/etab.ac-reunion.fr\/clg-ravine-des-cabris\/wp-content\/uploads\/sites\/158\/2022\/11\/IMG_3796-768x1024.jpg 768w, https:\/\/etab.ac-reunion.fr\/clg-ravine-des-cabris\/wp-content\/uploads\/sites\/158\/2022\/11\/IMG_3796-1152x1536.jpg 1152w, https:\/\/etab.ac-reunion.fr\/clg-ravine-des-cabris\/wp-content\/uploads\/sites\/158\/2022\/11\/IMG_3796-99x132.jpg 99w\" sizes=\"auto, (max-width: 1440px) 100vw, 1440px\" \/><\/a><\/figure>\n\n\n\n<figure class=\"wp-block-image size-large\"><a href=\"https:\/\/etab.ac-reunion.fr\/clg-ravine-des-cabris\/wp-content\/uploads\/sites\/158\/2022\/11\/IMG_3804.jpg\"><img loading=\"lazy\" decoding=\"async\" width=\"1920\" height=\"1440\" data-id=\"2065\" src=\"https:\/\/etab.ac-reunion.fr\/clg-ravine-des-cabris\/wp-content\/uploads\/sites\/158\/2022\/11\/IMG_3804.jpg\" alt=\"\" class=\"wp-image-2065\" srcset=\"https:\/\/etab.ac-reunion.fr\/clg-ravine-des-cabris\/wp-content\/uploads\/sites\/158\/2022\/11\/IMG_3804.jpg 1920w, https:\/\/etab.ac-reunion.fr\/clg-ravine-des-cabris\/wp-content\/uploads\/sites\/158\/2022\/11\/IMG_3804-800x600.jpg 800w, https:\/\/etab.ac-reunion.fr\/clg-ravine-des-cabris\/wp-content\/uploads\/sites\/158\/2022\/11\/IMG_3804-768x576.jpg 768w, https:\/\/etab.ac-reunion.fr\/clg-ravine-des-cabris\/wp-content\/uploads\/sites\/158\/2022\/11\/IMG_3804-1536x1152.jpg 1536w, https:\/\/etab.ac-reunion.fr\/clg-ravine-des-cabris\/wp-content\/uploads\/sites\/158\/2022\/11\/IMG_3804-176x132.jpg 176w\" sizes=\"auto, (max-width: 1920px) 100vw, 1920px\" \/><\/a><\/figure>\n\n\n\n<figure class=\"wp-block-image size-large\"><a href=\"https:\/\/etab.ac-reunion.fr\/clg-ravine-des-cabris\/wp-content\/uploads\/sites\/158\/2022\/11\/IMG_3809-rotated.jpg\"><img loading=\"lazy\" decoding=\"async\" width=\"1440\" height=\"1920\" data-id=\"2066\" src=\"https:\/\/etab.ac-reunion.fr\/clg-ravine-des-cabris\/wp-content\/uploads\/sites\/158\/2022\/11\/IMG_3809-rotated.jpg\" alt=\"\" class=\"wp-image-2066\" srcset=\"https:\/\/etab.ac-reunion.fr\/clg-ravine-des-cabris\/wp-content\/uploads\/sites\/158\/2022\/11\/IMG_3809-rotated.jpg 1440w, https:\/\/etab.ac-reunion.fr\/clg-ravine-des-cabris\/wp-content\/uploads\/sites\/158\/2022\/11\/IMG_3809-450x600.jpg 450w, https:\/\/etab.ac-reunion.fr\/clg-ravine-des-cabris\/wp-content\/uploads\/sites\/158\/2022\/11\/IMG_3809-768x1024.jpg 768w, https:\/\/etab.ac-reunion.fr\/clg-ravine-des-cabris\/wp-content\/uploads\/sites\/158\/2022\/11\/IMG_3809-1152x1536.jpg 1152w, https:\/\/etab.ac-reunion.fr\/clg-ravine-des-cabris\/wp-content\/uploads\/sites\/158\/2022\/11\/IMG_3809-99x132.jpg 99w\" sizes=\"auto, (max-width: 1440px) 100vw, 1440px\" \/><\/a><\/figure>\n\n\n\n<figure class=\"wp-block-image size-large\"><a href=\"https:\/\/etab.ac-reunion.fr\/clg-ravine-des-cabris\/wp-content\/uploads\/sites\/158\/2022\/11\/IMG_3815-rotated.jpg\"><img loading=\"lazy\" decoding=\"async\" width=\"1440\" height=\"1920\" data-id=\"2067\" src=\"https:\/\/etab.ac-reunion.fr\/clg-ravine-des-cabris\/wp-content\/uploads\/sites\/158\/2022\/11\/IMG_3815-rotated.jpg\" alt=\"\" class=\"wp-image-2067\" srcset=\"https:\/\/etab.ac-reunion.fr\/clg-ravine-des-cabris\/wp-content\/uploads\/sites\/158\/2022\/11\/IMG_3815-rotated.jpg 1440w, https:\/\/etab.ac-reunion.fr\/clg-ravine-des-cabris\/wp-content\/uploads\/sites\/158\/2022\/11\/IMG_3815-450x600.jpg 450w, https:\/\/etab.ac-reunion.fr\/clg-ravine-des-cabris\/wp-content\/uploads\/sites\/158\/2022\/11\/IMG_3815-768x1024.jpg 768w, https:\/\/etab.ac-reunion.fr\/clg-ravine-des-cabris\/wp-content\/uploads\/sites\/158\/2022\/11\/IMG_3815-1152x1536.jpg 1152w, https:\/\/etab.ac-reunion.fr\/clg-ravine-des-cabris\/wp-content\/uploads\/sites\/158\/2022\/11\/IMG_3815-99x132.jpg 99w\" sizes=\"auto, (max-width: 1440px) 100vw, 1440px\" \/><\/a><\/figure>\n\n\n\n<figure class=\"wp-block-image size-large\"><a href=\"https:\/\/etab.ac-reunion.fr\/clg-ravine-des-cabris\/wp-content\/uploads\/sites\/158\/2022\/11\/IMG_3816-rotated.jpg\"><img loading=\"lazy\" decoding=\"async\" width=\"1440\" height=\"1920\" data-id=\"2068\" src=\"https:\/\/etab.ac-reunion.fr\/clg-ravine-des-cabris\/wp-content\/uploads\/sites\/158\/2022\/11\/IMG_3816-rotated.jpg\" alt=\"\" class=\"wp-image-2068\" srcset=\"https:\/\/etab.ac-reunion.fr\/clg-ravine-des-cabris\/wp-content\/uploads\/sites\/158\/2022\/11\/IMG_3816-rotated.jpg 1440w, https:\/\/etab.ac-reunion.fr\/clg-ravine-des-cabris\/wp-content\/uploads\/sites\/158\/2022\/11\/IMG_3816-450x600.jpg 450w, https:\/\/etab.ac-reunion.fr\/clg-ravine-des-cabris\/wp-content\/uploads\/sites\/158\/2022\/11\/IMG_3816-768x1024.jpg 768w, https:\/\/etab.ac-reunion.fr\/clg-ravine-des-cabris\/wp-content\/uploads\/sites\/158\/2022\/11\/IMG_3816-1152x1536.jpg 1152w, https:\/\/etab.ac-reunion.fr\/clg-ravine-des-cabris\/wp-content\/uploads\/sites\/158\/2022\/11\/IMG_3816-99x132.jpg 99w\" sizes=\"auto, (max-width: 1440px) 100vw, 1440px\" \/><\/a><\/figure>\n\n\n\n<figure class=\"wp-block-image size-large\"><a href=\"https:\/\/etab.ac-reunion.fr\/clg-ravine-des-cabris\/wp-content\/uploads\/sites\/158\/2022\/11\/IMG_3817-rotated.jpg\"><img loading=\"lazy\" decoding=\"async\" width=\"1440\" height=\"1920\" data-id=\"2069\" src=\"https:\/\/etab.ac-reunion.fr\/clg-ravine-des-cabris\/wp-content\/uploads\/sites\/158\/2022\/11\/IMG_3817-rotated.jpg\" alt=\"\" class=\"wp-image-2069\" srcset=\"https:\/\/etab.ac-reunion.fr\/clg-ravine-des-cabris\/wp-content\/uploads\/sites\/158\/2022\/11\/IMG_3817-rotated.jpg 1440w, https:\/\/etab.ac-reunion.fr\/clg-ravine-des-cabris\/wp-content\/uploads\/sites\/158\/2022\/11\/IMG_3817-450x600.jpg 450w, https:\/\/etab.ac-reunion.fr\/clg-ravine-des-cabris\/wp-content\/uploads\/sites\/158\/2022\/11\/IMG_3817-768x1024.jpg 768w, https:\/\/etab.ac-reunion.fr\/clg-ravine-des-cabris\/wp-content\/uploads\/sites\/158\/2022\/11\/IMG_3817-1152x1536.jpg 1152w, https:\/\/etab.ac-reunion.fr\/clg-ravine-des-cabris\/wp-content\/uploads\/sites\/158\/2022\/11\/IMG_3817-99x132.jpg 99w\" sizes=\"auto, (max-width: 1440px) 100vw, 1440px\" \/><\/a><\/figure>\n\n\n\n<figure class=\"wp-block-image size-large\"><a href=\"https:\/\/etab.ac-reunion.fr\/clg-ravine-des-cabris\/wp-content\/uploads\/sites\/158\/2022\/11\/IMG_3819.jpg\"><img loading=\"lazy\" decoding=\"async\" width=\"1920\" height=\"1440\" data-id=\"2070\" src=\"https:\/\/etab.ac-reunion.fr\/clg-ravine-des-cabris\/wp-content\/uploads\/sites\/158\/2022\/11\/IMG_3819.jpg\" alt=\"\" class=\"wp-image-2070\" srcset=\"https:\/\/etab.ac-reunion.fr\/clg-ravine-des-cabris\/wp-content\/uploads\/sites\/158\/2022\/11\/IMG_3819.jpg 1920w, https:\/\/etab.ac-reunion.fr\/clg-ravine-des-cabris\/wp-content\/uploads\/sites\/158\/2022\/11\/IMG_3819-800x600.jpg 800w, https:\/\/etab.ac-reunion.fr\/clg-ravine-des-cabris\/wp-content\/uploads\/sites\/158\/2022\/11\/IMG_3819-768x576.jpg 768w, https:\/\/etab.ac-reunion.fr\/clg-ravine-des-cabris\/wp-content\/uploads\/sites\/158\/2022\/11\/IMG_3819-1536x1152.jpg 1536w, https:\/\/etab.ac-reunion.fr\/clg-ravine-des-cabris\/wp-content\/uploads\/sites\/158\/2022\/11\/IMG_3819-176x132.jpg 176w\" sizes=\"auto, (max-width: 1920px) 100vw, 1920px\" \/><\/a><\/figure>\n\n\n\n<figure class=\"wp-block-image size-large\"><a href=\"https:\/\/etab.ac-reunion.fr\/clg-ravine-des-cabris\/wp-content\/uploads\/sites\/158\/2022\/11\/PHOTO-EXPO-TAAF.jpg\"><img loading=\"lazy\" decoding=\"async\" width=\"1920\" height=\"1315\" data-id=\"2071\" src=\"https:\/\/etab.ac-reunion.fr\/clg-ravine-des-cabris\/wp-content\/uploads\/sites\/158\/2022\/11\/PHOTO-EXPO-TAAF.jpg\" alt=\"\" class=\"wp-image-2071\" srcset=\"https:\/\/etab.ac-reunion.fr\/clg-ravine-des-cabris\/wp-content\/uploads\/sites\/158\/2022\/11\/PHOTO-EXPO-TAAF.jpg 1920w, https:\/\/etab.ac-reunion.fr\/clg-ravine-des-cabris\/wp-content\/uploads\/sites\/158\/2022\/11\/PHOTO-EXPO-TAAF-800x548.jpg 800w, https:\/\/etab.ac-reunion.fr\/clg-ravine-des-cabris\/wp-content\/uploads\/sites\/158\/2022\/11\/PHOTO-EXPO-TAAF-768x526.jpg 768w, https:\/\/etab.ac-reunion.fr\/clg-ravine-des-cabris\/wp-content\/uploads\/sites\/158\/2022\/11\/PHOTO-EXPO-TAAF-1536x1052.jpg 1536w, https:\/\/etab.ac-reunion.fr\/clg-ravine-des-cabris\/wp-content\/uploads\/sites\/158\/2022\/11\/PHOTO-EXPO-TAAF-193x132.jpg 193w\" sizes=\"auto, (max-width: 1920px) 100vw, 1920px\" \/><\/a><\/figure>\n\n\n\n<figure class=\"wp-block-image size-large\"><a href=\"https:\/\/etab.ac-reunion.fr\/clg-ravine-des-cabris\/wp-content\/uploads\/sites\/158\/2022\/11\/photo-e\u0301xterieure-TAAF.jpg\"><img loading=\"lazy\" decoding=\"async\" width=\"1920\" height=\"1400\" data-id=\"2072\" src=\"https:\/\/etab.ac-reunion.fr\/clg-ravine-des-cabris\/wp-content\/uploads\/sites\/158\/2022\/11\/photo-e\u0301xterieure-TAAF.jpg\" alt=\"\" class=\"wp-image-2072\" srcset=\"https:\/\/etab.ac-reunion.fr\/clg-ravine-des-cabris\/wp-content\/uploads\/sites\/158\/2022\/11\/photo-e\u0301xterieure-TAAF.jpg 1920w, https:\/\/etab.ac-reunion.fr\/clg-ravine-des-cabris\/wp-content\/uploads\/sites\/158\/2022\/11\/photo-e\u0301xterieure-TAAF-800x583.jpg 800w, https:\/\/etab.ac-reunion.fr\/clg-ravine-des-cabris\/wp-content\/uploads\/sites\/158\/2022\/11\/photo-e\u0301xterieure-TAAF-768x560.jpg 768w, https:\/\/etab.ac-reunion.fr\/clg-ravine-des-cabris\/wp-content\/uploads\/sites\/158\/2022\/11\/photo-e\u0301xterieure-TAAF-1536x1120.jpg 1536w, https:\/\/etab.ac-reunion.fr\/clg-ravine-des-cabris\/wp-content\/uploads\/sites\/158\/2022\/11\/photo-e\u0301xterieure-TAAF-181x132.jpg 181w\" sizes=\"auto, (max-width: 1920px) 100vw, 1920px\" \/><\/a><\/figure>\n\n\n\n<figure class=\"wp-block-image size-large\"><a href=\"https:\/\/etab.ac-reunion.fr\/clg-ravine-des-cabris\/wp-content\/uploads\/sites\/158\/2022\/11\/sie\u0300ge-TAAF.jpg\"><img loading=\"lazy\" decoding=\"async\" width=\"1920\" height=\"1354\" data-id=\"2073\" src=\"https:\/\/etab.ac-reunion.fr\/clg-ravine-des-cabris\/wp-content\/uploads\/sites\/158\/2022\/11\/sie\u0300ge-TAAF.jpg\" alt=\"\" class=\"wp-image-2073\" srcset=\"https:\/\/etab.ac-reunion.fr\/clg-ravine-des-cabris\/wp-content\/uploads\/sites\/158\/2022\/11\/sie\u0300ge-TAAF.jpg 1920w, https:\/\/etab.ac-reunion.fr\/clg-ravine-des-cabris\/wp-content\/uploads\/sites\/158\/2022\/11\/sie\u0300ge-TAAF-800x564.jpg 800w, https:\/\/etab.ac-reunion.fr\/clg-ravine-des-cabris\/wp-content\/uploads\/sites\/158\/2022\/11\/sie\u0300ge-TAAF-768x542.jpg 768w, https:\/\/etab.ac-reunion.fr\/clg-ravine-des-cabris\/wp-content\/uploads\/sites\/158\/2022\/11\/sie\u0300ge-TAAF-1536x1083.jpg 1536w, https:\/\/etab.ac-reunion.fr\/clg-ravine-des-cabris\/wp-content\/uploads\/sites\/158\/2022\/11\/sie\u0300ge-TAAF-187x132.jpg 187w\" sizes=\"auto, (max-width: 1920px) 100vw, 1920px\" \/><\/a><\/figure>\n<\/figure>\n","protected":false},"excerpt":{"rendered":"","protected":false},"author":28090,"featured_media":2073,"comment_status":"closed","ping_status":"closed","sticky":false,"template":"","format":"standard","meta":{"footnotes":"","_links_to":"","_links_to_target":""},"categories":[27,17,18],"tags":[],"class_list":["post-2052","post","type-post","status-publish","format-standard","has-post-thumbnail","hentry","category-education-physique-et-sportive","category-francais-latin","category-histoire-geographie-emc"],"_links":{"self":[{"href":"https:\/\/etab.ac-reunion.fr\/clg-ravine-des-cabris\/wp-json\/wp\/v2\/posts\/2052","targetHints":{"allow":["GET"]}}],"collection":[{"href":"https:\/\/etab.ac-reunion.fr\/clg-ravine-des-cabris\/wp-json\/wp\/v2\/posts"}],"about":[{"href":"https:\/\/etab.ac-reunion.fr\/clg-ravine-des-cabris\/wp-json\/wp\/v2\/types\/post"}],"author":[{"embeddable":true,"href":"https:\/\/etab.ac-reunion.fr\/clg-ravine-des-cabris\/wp-json\/wp\/v2\/users\/28090"}],"replies":[{"embeddable":true,"href":"https:\/\/etab.ac-reunion.fr\/clg-ravine-des-cabris\/wp-json\/wp\/v2\/comments?post=2052"}],"version-history":[{"count":6,"href":"https:\/\/etab.ac-reunion.fr\/clg-ravine-des-cabris\/wp-json\/wp\/v2\/posts\/2052\/revisions"}],"predecessor-version":[{"id":2178,"href":"https:\/\/etab.ac-reunion.fr\/clg-ravine-des-cabris\/wp-json\/wp\/v2\/posts\/2052\/revisions\/2178"}],"wp:featuredmedia":[{"embeddable":true,"href":"https:\/\/etab.ac-reunion.fr\/clg-ravine-des-cabris\/wp-json\/wp\/v2\/media\/2073"}],"wp:attachment":[{"href":"https:\/\/etab.ac-reunion.fr\/clg-ravine-des-cabris\/wp-json\/wp\/v2\/media?parent=2052"}],"wp:term":[{"taxonomy":"category","embeddable":true,"href":"https:\/\/etab.ac-reunion.fr\/clg-ravine-des-cabris\/wp-json\/wp\/v2\/categories?post=2052"},{"taxonomy":"post_tag","embeddable":true,"href":"https:\/\/etab.ac-reunion.fr\/clg-ravine-des-cabris\/wp-json\/wp\/v2\/tags?post=2052"}],"curies":[{"name":"wp","href":"https:\/\/api.w.org\/{rel}","templated":true}]}}