{"id":2179,"date":"2022-12-15T16:46:48","date_gmt":"2022-12-15T15:46:48","guid":{"rendered":"https:\/\/etab.ac-reunion.fr\/clg-ravine-des-cabris\/?p=2179"},"modified":"2022-12-15T16:47:52","modified_gmt":"2022-12-15T15:47:52","slug":"junk-couture-deux-eleves-du-college-en-finale-a-dubai","status":"publish","type":"post","link":"https:\/\/etab.ac-reunion.fr\/clg-ravine-des-cabris\/2022\/12\/15\/junk-couture-deux-eleves-du-college-en-finale-a-dubai\/","title":{"rendered":"Junk Couture : deux \u00e9l\u00e8ves du coll\u00e8ge en finale \u00e0 Duba\u00ef"},"content":{"rendered":"\n<blockquote class=\"wp-block-quote is-layout-flow wp-block-quote-is-layout-flow\">\n<p class=\"has-accent-1-background-color has-background has-large-font-size\">Junk Kouture est ouvert aux&nbsp;<strong>13-18 ans et<\/strong>&nbsp;met les jeunes au d\u00e9fi de<strong>&nbsp;concevoir, de recycler et de cr\u00e9er des Kouture haut de gamme<\/strong>&nbsp;\u00e0 partir de d\u00e9chets recycl\u00e9s, avant de pr\u00e9senter leur conception et de repr\u00e9senter leur \u00e9cole sur des sc\u00e8nes du monde entier ! Deux \u00e9l\u00e8ves du coll\u00e8ge Ravine des Cabris ont particip\u00e9 \u00e0 la finale \u00e0 Paris et ont \u00e9t\u00e9 s\u00e9lectionn\u00e9es parmi les 10 finalistes. Elles vont participer \u00e0 la finale mondiale \u00e0 Abu Dhabi le 11 janvier 2023. Bonne chance \u00e0 elles !<\/p>\n\n\n\n<p> ! <\/p>\n\n\n\n<blockquote class=\"wp-block-quote is-layout-flow wp-block-quote-is-layout-flow\">\n<blockquote class=\"wp-block-quote is-layout-flow wp-block-quote-is-layout-flow\">\n<div class=\"wp-block-media-text alignwide is-stacked-on-mobile\"><figure class=\"wp-block-media-text__media\"><img loading=\"lazy\" decoding=\"async\" width=\"560\" height=\"630\" src=\"https:\/\/etab.ac-reunion.fr\/clg-ravine-des-cabris\/wp-content\/uploads\/sites\/158\/2022\/12\/Event-Page-Upper-Mobile.png\" alt=\"\" class=\"wp-image-2180 size-full\" srcset=\"https:\/\/etab.ac-reunion.fr\/clg-ravine-des-cabris\/wp-content\/uploads\/sites\/158\/2022\/12\/Event-Page-Upper-Mobile.png 560w, https:\/\/etab.ac-reunion.fr\/clg-ravine-des-cabris\/wp-content\/uploads\/sites\/158\/2022\/12\/Event-Page-Upper-Mobile-533x600.png 533w, https:\/\/etab.ac-reunion.fr\/clg-ravine-des-cabris\/wp-content\/uploads\/sites\/158\/2022\/12\/Event-Page-Upper-Mobile-117x132.png 117w\" sizes=\"auto, (max-width: 560px) 100vw, 560px\" \/><\/figure><div class=\"wp-block-media-text__content\">\n<p class=\"has-small-font-size\"><a href=\"https:\/\/www.youtube.com\/watch?app=desktop&amp;utm_campaign=Schools+Targeted+Campaign+France&amp;utm_medium=email&amp;_hsmi=230929873&amp;_hsenc=p2ANqtz-9d6M7eaMV2wxYN3dL5bulP-RyloGrgzuLxrmLsiH0CZnFxXr1UdBSZfIKDO7_STTk6576M_oJy2lnW6YXSJociPcTZe8F18XEUMBbTE3oVB5J8FS0&amp;utm_content=230929873&amp;utm_source=hs_email&amp;v=U8BpavESgqw&amp;feature=youtu.be\" data-type=\"URL\" data-id=\"https:\/\/www.youtube.com\/watch?app=desktop&amp;utm_campaign=Schools+Targeted+Campaign+France&amp;utm_medium=email&amp;_hsmi=230929873&amp;_hsenc=p2ANqtz-9d6M7eaMV2wxYN3dL5bulP-RyloGrgzuLxrmLsiH0CZnFxXr1UdBSZfIKDO7_STTk6576M_oJy2lnW6YXSJociPcTZe8F18XEUMBbTE3oVB5J8FS0&amp;utm_content=230929873&amp;utm_source=hs_email&amp;v=U8BpavESgqw&amp;feature=youtu.be\">https:\/\/www.youtube.com\/watch?app=desktop&amp;utm_campaign=Schools+Targeted+Campaign+France&amp;utm_medium=email&amp;_hsmi=230929873&amp;_hsenc=p2ANqtz-9d6M7eaMV2wxYN3dL5bulP-RyloGrgzuLxrmLsiH0CZnFxXr1UdBSZfIKDO7_STTk6576M_oJy2lnW6YXSJociPcTZe8F18XEUMBbTE3oVB5J8FS0&amp;utm_content=230929873&amp;utm_source=hs_email&amp;v=U8BpavESgqw&amp;feature=youtu.be<\/a><\/p>\n<\/div><\/div>\n<\/blockquote>\n<\/blockquote>\n<\/blockquote>\n","protected":false},"excerpt":{"rendered":"","protected":false},"author":28090,"featured_media":2181,"comment_status":"closed","ping_status":"closed","sticky":false,"template":"","format":"standard","meta":{"footnotes":"","_links_to":"","_links_to_target":""},"categories":[32,55],"tags":[],"class_list":["post-2179","post","type-post","status-publish","format-standard","has-post-thumbnail","hentry","category-arts-plastiques","category-parcours-deducation-artistique-et-culturelle"],"_links":{"self":[{"href":"https:\/\/etab.ac-reunion.fr\/clg-ravine-des-cabris\/wp-json\/wp\/v2\/posts\/2179","targetHints":{"allow":["GET"]}}],"collection":[{"href":"https:\/\/etab.ac-reunion.fr\/clg-ravine-des-cabris\/wp-json\/wp\/v2\/posts"}],"about":[{"href":"https:\/\/etab.ac-reunion.fr\/clg-ravine-des-cabris\/wp-json\/wp\/v2\/types\/post"}],"author":[{"embeddable":true,"href":"https:\/\/etab.ac-reunion.fr\/clg-ravine-des-cabris\/wp-json\/wp\/v2\/users\/28090"}],"replies":[{"embeddable":true,"href":"https:\/\/etab.ac-reunion.fr\/clg-ravine-des-cabris\/wp-json\/wp\/v2\/comments?post=2179"}],"version-history":[{"count":2,"href":"https:\/\/etab.ac-reunion.fr\/clg-ravine-des-cabris\/wp-json\/wp\/v2\/posts\/2179\/revisions"}],"predecessor-version":[{"id":2183,"href":"https:\/\/etab.ac-reunion.fr\/clg-ravine-des-cabris\/wp-json\/wp\/v2\/posts\/2179\/revisions\/2183"}],"wp:featuredmedia":[{"embeddable":true,"href":"https:\/\/etab.ac-reunion.fr\/clg-ravine-des-cabris\/wp-json\/wp\/v2\/media\/2181"}],"wp:attachment":[{"href":"https:\/\/etab.ac-reunion.fr\/clg-ravine-des-cabris\/wp-json\/wp\/v2\/media?parent=2179"}],"wp:term":[{"taxonomy":"category","embeddable":true,"href":"https:\/\/etab.ac-reunion.fr\/clg-ravine-des-cabris\/wp-json\/wp\/v2\/categories?post=2179"},{"taxonomy":"post_tag","embeddable":true,"href":"https:\/\/etab.ac-reunion.fr\/clg-ravine-des-cabris\/wp-json\/wp\/v2\/tags?post=2179"}],"curies":[{"name":"wp","href":"https:\/\/api.w.org\/{rel}","templated":true}]}}