{"id":2215,"date":"2023-02-28T18:19:59","date_gmt":"2023-02-28T17:19:59","guid":{"rendered":"https:\/\/etab.ac-reunion.fr\/clg-ravine-des-cabris\/?p=2215"},"modified":"2023-03-02T12:55:52","modified_gmt":"2023-03-02T11:55:52","slug":"semaine-des-langues-jouez-en-decouvrant","status":"publish","type":"post","link":"https:\/\/etab.ac-reunion.fr\/clg-ravine-des-cabris\/2023\/02\/28\/semaine-des-langues-jouez-en-decouvrant\/","title":{"rendered":"Semaine des langues : Jouez en d\u00e9couvrant !"},"content":{"rendered":"\n<blockquote class=\"wp-block-quote is-layout-flow wp-block-quote-is-layout-flow\">\n<div class=\"wp-block-media-text alignwide is-stacked-on-mobile\"><figure class=\"wp-block-media-text__media\"><img loading=\"lazy\" decoding=\"async\" width=\"1012\" height=\"666\" src=\"https:\/\/etab.ac-reunion.fr\/clg-ravine-des-cabris\/wp-content\/uploads\/sites\/158\/2023\/02\/Capture-decran-2023-02-28-a-21.10.01.png\" alt=\"\" class=\"wp-image-2217 size-full\" srcset=\"https:\/\/etab.ac-reunion.fr\/clg-ravine-des-cabris\/wp-content\/uploads\/sites\/158\/2023\/02\/Capture-decran-2023-02-28-a-21.10.01.png 1012w, https:\/\/etab.ac-reunion.fr\/clg-ravine-des-cabris\/wp-content\/uploads\/sites\/158\/2023\/02\/Capture-decran-2023-02-28-a-21.10.01-800x526.png 800w, https:\/\/etab.ac-reunion.fr\/clg-ravine-des-cabris\/wp-content\/uploads\/sites\/158\/2023\/02\/Capture-decran-2023-02-28-a-21.10.01-768x505.png 768w, https:\/\/etab.ac-reunion.fr\/clg-ravine-des-cabris\/wp-content\/uploads\/sites\/158\/2023\/02\/Capture-decran-2023-02-28-a-21.10.01-201x132.png 201w\" sizes=\"auto, (max-width: 1012px) 100vw, 1012px\" \/><\/figure><div class=\"wp-block-media-text__content\">\n<p class=\"has-text-align-center has-sitebg-background-color has-background has-normal-font-size\">Venez d\u00e9couvrir les jeux de l\u2019oie de la classe bilangue LCE de 4\u00e8me Becker et Aristote, pour en savoir plus sur Barcelone, ville pleine de surprises tout en s\u2019amusant.<\/p>\n\n\n\n<p class=\"has-text-align-center has-sitebg-color has-accent-1-background-color has-text-color has-background has-normal-font-size\">Des questions et quiz de tous niveaux pour les grands et les petits ! Des mod\u00e8les diff\u00e9rents, des propositions&nbsp; diff\u00e9rentes, le tout pour vous faire d\u00e9couvrir cette ville magique.<\/p>\n<\/div><\/div>\n<\/blockquote>\n\n\n\n<div class=\"wp-block-media-text alignwide is-stacked-on-mobile\"><figure class=\"wp-block-media-text__media\"><img loading=\"lazy\" decoding=\"async\" width=\"1248\" height=\"1032\" src=\"https:\/\/etab.ac-reunion.fr\/clg-ravine-des-cabris\/wp-content\/uploads\/sites\/158\/2023\/02\/Capture-decran-2023-02-28-a-21.10.17-1.png\" alt=\"\" class=\"wp-image-2218 size-full\" srcset=\"https:\/\/etab.ac-reunion.fr\/clg-ravine-des-cabris\/wp-content\/uploads\/sites\/158\/2023\/02\/Capture-decran-2023-02-28-a-21.10.17-1.png 1248w, https:\/\/etab.ac-reunion.fr\/clg-ravine-des-cabris\/wp-content\/uploads\/sites\/158\/2023\/02\/Capture-decran-2023-02-28-a-21.10.17-1-726x600.png 726w, https:\/\/etab.ac-reunion.fr\/clg-ravine-des-cabris\/wp-content\/uploads\/sites\/158\/2023\/02\/Capture-decran-2023-02-28-a-21.10.17-1-768x635.png 768w, https:\/\/etab.ac-reunion.fr\/clg-ravine-des-cabris\/wp-content\/uploads\/sites\/158\/2023\/02\/Capture-decran-2023-02-28-a-21.10.17-1-160x132.png 160w\" sizes=\"auto, (max-width: 1248px) 100vw, 1248px\" \/><\/figure><div class=\"wp-block-media-text__content\">\n<p class=\"has-text-align-center has-large-font-size\">Venez nous rejoindre en salle B202, pendant la semaine des langues pour proc\u00e9der au vote du meilleur jeu de l\u2019oie qui se tiendra le mardi 4 et le mercredi 5 Avril pendant la r\u00e9cr\u00e9ation.<\/p>\n\n\n\n<p class=\"has-text-align-center has-large-font-size\"><strong>Souhaitez bonne chance aux participants,<\/strong><\/p>\n\n\n\n<p class=\"has-text-align-center has-large-font-size\"><strong>\u00a1 y que gane el mejor !\u00a1 Hasta luego!<\/strong><\/p>\n<\/div><\/div>\n","protected":false},"excerpt":{"rendered":"","protected":false},"author":28090,"featured_media":2227,"comment_status":"closed","ping_status":"closed","sticky":false,"template":"","format":"standard","meta":{"footnotes":"","_links_to":"","_links_to_target":""},"categories":[16,57],"tags":[],"class_list":["post-2215","post","type-post","status-publish","format-standard","has-post-thumbnail","hentry","category-espagnol","category-lce-espagnol"],"_links":{"self":[{"href":"https:\/\/etab.ac-reunion.fr\/clg-ravine-des-cabris\/wp-json\/wp\/v2\/posts\/2215","targetHints":{"allow":["GET"]}}],"collection":[{"href":"https:\/\/etab.ac-reunion.fr\/clg-ravine-des-cabris\/wp-json\/wp\/v2\/posts"}],"about":[{"href":"https:\/\/etab.ac-reunion.fr\/clg-ravine-des-cabris\/wp-json\/wp\/v2\/types\/post"}],"author":[{"embeddable":true,"href":"https:\/\/etab.ac-reunion.fr\/clg-ravine-des-cabris\/wp-json\/wp\/v2\/users\/28090"}],"replies":[{"embeddable":true,"href":"https:\/\/etab.ac-reunion.fr\/clg-ravine-des-cabris\/wp-json\/wp\/v2\/comments?post=2215"}],"version-history":[{"count":7,"href":"https:\/\/etab.ac-reunion.fr\/clg-ravine-des-cabris\/wp-json\/wp\/v2\/posts\/2215\/revisions"}],"predecessor-version":[{"id":2228,"href":"https:\/\/etab.ac-reunion.fr\/clg-ravine-des-cabris\/wp-json\/wp\/v2\/posts\/2215\/revisions\/2228"}],"wp:featuredmedia":[{"embeddable":true,"href":"https:\/\/etab.ac-reunion.fr\/clg-ravine-des-cabris\/wp-json\/wp\/v2\/media\/2227"}],"wp:attachment":[{"href":"https:\/\/etab.ac-reunion.fr\/clg-ravine-des-cabris\/wp-json\/wp\/v2\/media?parent=2215"}],"wp:term":[{"taxonomy":"category","embeddable":true,"href":"https:\/\/etab.ac-reunion.fr\/clg-ravine-des-cabris\/wp-json\/wp\/v2\/categories?post=2215"},{"taxonomy":"post_tag","embeddable":true,"href":"https:\/\/etab.ac-reunion.fr\/clg-ravine-des-cabris\/wp-json\/wp\/v2\/tags?post=2215"}],"curies":[{"name":"wp","href":"https:\/\/api.w.org\/{rel}","templated":true}]}}