{"id":2229,"date":"2023-03-02T13:22:39","date_gmt":"2023-03-02T12:22:39","guid":{"rendered":"https:\/\/etab.ac-reunion.fr\/clg-ravine-des-cabris\/?p=2229"},"modified":"2023-03-04T10:10:40","modified_gmt":"2023-03-04T09:10:40","slug":"les-4-novalis-en-sortie-au-tribunal-correctionnel-de-saint-pierre","status":"publish","type":"post","link":"https:\/\/etab.ac-reunion.fr\/clg-ravine-des-cabris\/2023\/03\/02\/les-4-novalis-en-sortie-au-tribunal-correctionnel-de-saint-pierre\/","title":{"rendered":"Les 4\u00b0 Novalis en sortie au tribunal correctionnel de Saint-Pierre"},"content":{"rendered":"\n<p class=\"has-text-align-center has-sitebg-color has-accent-1-background-color has-text-color has-background has-large-font-size\"><strong>Dans le cadre du Parcours citoyen, les 4\u00b0 Novalis ont assist\u00e9 \u00e0 des audiences du tribunal correctionnel le jeudi 23 f\u00e9vrier. Ils ont d&rsquo;abord donn\u00e9 leurs impressions.<\/strong><\/p>\n\n\n\n<div class=\"wp-block-media-text alignwide is-stacked-on-mobile\"><figure class=\"wp-block-media-text__media\"><img loading=\"lazy\" decoding=\"async\" width=\"1920\" height=\"1080\" src=\"https:\/\/etab.ac-reunion.fr\/clg-ravine-des-cabris\/wp-content\/uploads\/sites\/158\/2023\/03\/famille-separation-droit.jpg\" alt=\"\" class=\"wp-image-2230 size-full\" srcset=\"https:\/\/etab.ac-reunion.fr\/clg-ravine-des-cabris\/wp-content\/uploads\/sites\/158\/2023\/03\/famille-separation-droit.jpg 1920w, https:\/\/etab.ac-reunion.fr\/clg-ravine-des-cabris\/wp-content\/uploads\/sites\/158\/2023\/03\/famille-separation-droit-800x450.jpg 800w, https:\/\/etab.ac-reunion.fr\/clg-ravine-des-cabris\/wp-content\/uploads\/sites\/158\/2023\/03\/famille-separation-droit-768x432.jpg 768w, https:\/\/etab.ac-reunion.fr\/clg-ravine-des-cabris\/wp-content\/uploads\/sites\/158\/2023\/03\/famille-separation-droit-1536x864.jpg 1536w, https:\/\/etab.ac-reunion.fr\/clg-ravine-des-cabris\/wp-content\/uploads\/sites\/158\/2023\/03\/famille-separation-droit-235x132.jpg 235w\" sizes=\"auto, (max-width: 1920px) 100vw, 1920px\" \/><\/figure><div class=\"wp-block-media-text__content\">\n<p><strong>Lorsque je suis rentr\u00e9e je n\u2019imaginais pas le tribunal comme \u00e7a. Dans la salle d\u2019audience j\u2019ai bien aim\u00e9 mais je n\u2019ai pas compris pourquoi les suspects \u00e9taient au m\u00eame banc que nous. En tout cas j\u2019ai ador\u00e9.<\/strong><\/p>\n\n\n\n<p class=\"has-text-align-right\"><strong>TASNIM<\/strong><\/p>\n\n\n\n<p><strong>J\u2019\u00e9tais un peu stress\u00e9e \u00e0 l\u2019entr\u00e9e du tribunal mais avec le temps c\u2019est mieux pass\u00e9.<\/strong><\/p>\n\n\n\n<p><strong>Je craignais un peu les gendarmes mais ils sont partis.<\/strong><\/p>\n\n\n\n<p class=\"has-text-align-right\"><strong>CHLO\u00c9<\/strong><\/p>\n<\/div><\/div>\n\n\n\n<blockquote class=\"wp-block-quote is-layout-flow wp-block-quote-is-layout-flow\">\n<p><strong>En entrant dans le palais de la justice c&rsquo;\u00e9tait impressionnant, incroyable et \u00e7a m&rsquo;a m\u00eame donn\u00e9 envie d\u2019\u00eatre juge ou avocat. J\u2019ai aussi aim\u00e9 passer au d\u00e9tecteur et qu\u2019on fouille mon sac, on aurait dit un film d\u2019action, j\u2019ai vraiment aim\u00e9.<\/strong><\/p>\n\n\n\n<p><strong>Et aussi pour moi, les gens autour de moi mis \u00e0 part les avocats&nbsp;.\u2026. \u00e9taient soit des criminels, des victimes de violence conjugales ou encore dealers de drogues.<\/strong><\/p>\n\n\n\n<p><strong>En entrant dans la salle d\u2019audience c&rsquo;\u00e9tait l\u00e0 qu\u2019il y avait le plus d\u2019action et il y en a eu au tout d\u00e9but mais apr\u00e8s moins, on avait beaucoup de violences conjugales, et comme la dit Mme la procureure \u00ab Qu\u2019on soit pauvre, riche qu\u2019on travaille ou pas il y a et il y aura toujours des violences conjugales !\u00bb et ma derni\u00e8re impression est que Mme la procureure \u00e9tait g\u00e9niale.<\/strong><\/p>\n\n\n\n<p class=\"has-text-align-right\">SLOANN<\/p>\n\n\n\n<div class=\"wp-block-media-text alignwide is-stacked-on-mobile\"><figure class=\"wp-block-media-text__media\"><img loading=\"lazy\" decoding=\"async\" width=\"1600\" height=\"1067\" src=\"https:\/\/etab.ac-reunion.fr\/clg-ravine-des-cabris\/wp-content\/uploads\/sites\/158\/2023\/03\/ob_fa21ba_gouzou-justice1.jpg\" alt=\"\" class=\"wp-image-2247 size-full\" srcset=\"https:\/\/etab.ac-reunion.fr\/clg-ravine-des-cabris\/wp-content\/uploads\/sites\/158\/2023\/03\/ob_fa21ba_gouzou-justice1.jpg 1600w, https:\/\/etab.ac-reunion.fr\/clg-ravine-des-cabris\/wp-content\/uploads\/sites\/158\/2023\/03\/ob_fa21ba_gouzou-justice1-800x534.jpg 800w, https:\/\/etab.ac-reunion.fr\/clg-ravine-des-cabris\/wp-content\/uploads\/sites\/158\/2023\/03\/ob_fa21ba_gouzou-justice1-768x512.jpg 768w, https:\/\/etab.ac-reunion.fr\/clg-ravine-des-cabris\/wp-content\/uploads\/sites\/158\/2023\/03\/ob_fa21ba_gouzou-justice1-1536x1024.jpg 1536w, https:\/\/etab.ac-reunion.fr\/clg-ravine-des-cabris\/wp-content\/uploads\/sites\/158\/2023\/03\/ob_fa21ba_gouzou-justice1-198x132.jpg 198w\" sizes=\"auto, (max-width: 1600px) 100vw, 1600px\" \/><\/figure><div class=\"wp-block-media-text__content\">\n<p>Quand on est arriv\u00e9 au tribunal au tribunal, on sentait une certaine pression dans la pi\u00e8ce.<\/p>\n\n\n\n<p>On sentait vraiment que c\u2019\u00e9tait un lieu important (le d\u00e9tecteur de m\u00e9taux, les policiers, les personnes). C\u2019\u00e9tait comme si on avait totalement chang\u00e9 d\u2019environnement. A l&rsquo;entr\u00e9e de la salle d&rsquo;audience, des gens passaient (avocats, juges, victimes, suspects). On avait l&rsquo;impression que c&rsquo;\u00e9tait des personnes tr\u00e8s importantes pour l&rsquo;audience. Les avocats \u00e9taient tr\u00e8s bien habill\u00e9s et s\u00e9rieux. <\/p>\n\n\n\n<p class=\"has-text-align-right\">RYAN<\/p>\n<\/div><\/div>\n\n\n\n<div class=\"wp-block-media-text alignwide is-stacked-on-mobile\"><figure class=\"wp-block-media-text__media\"><img loading=\"lazy\" decoding=\"async\" width=\"1920\" height=\"1046\" src=\"https:\/\/etab.ac-reunion.fr\/clg-ravine-des-cabris\/wp-content\/uploads\/sites\/158\/2023\/03\/tribunal-correctionnel.jpg\" alt=\"\" class=\"wp-image-2231 size-full\" srcset=\"https:\/\/etab.ac-reunion.fr\/clg-ravine-des-cabris\/wp-content\/uploads\/sites\/158\/2023\/03\/tribunal-correctionnel.jpg 1920w, https:\/\/etab.ac-reunion.fr\/clg-ravine-des-cabris\/wp-content\/uploads\/sites\/158\/2023\/03\/tribunal-correctionnel-800x436.jpg 800w, https:\/\/etab.ac-reunion.fr\/clg-ravine-des-cabris\/wp-content\/uploads\/sites\/158\/2023\/03\/tribunal-correctionnel-768x418.jpg 768w, https:\/\/etab.ac-reunion.fr\/clg-ravine-des-cabris\/wp-content\/uploads\/sites\/158\/2023\/03\/tribunal-correctionnel-1536x837.jpg 1536w, https:\/\/etab.ac-reunion.fr\/clg-ravine-des-cabris\/wp-content\/uploads\/sites\/158\/2023\/03\/tribunal-correctionnel-242x132.jpg 242w\" sizes=\"auto, (max-width: 1920px) 100vw, 1920px\" \/><\/figure><div class=\"wp-block-media-text__content\">\n<p class=\"has-text-align-left has-sitebg-color has-accent-2-background-color has-text-color has-background\">Quand je suis arriv\u00e9e au tribunal je stressais un peu de passer sous le d\u00e9tecteur car j\u2019avais peur d\u2019avoir un truc sur moi ou dans mon sac qui \u00e9tait interdit. Quand je suis rentr\u00e9e dans la salle d\u2019audience, j\u2019\u00e9tais contente car j\u2019avais toujours r\u00eav\u00e9 de voir des proc\u00e8s en r\u00e9alit\u00e9. J\u2019ai bien aim\u00e9 cette sortie !&nbsp;&nbsp;<\/p>\n\n\n\n<p class=\"has-text-align-right has-sitebg-color has-accent-2-background-color has-text-color has-background\">&nbsp;&nbsp;LORENA<\/p>\n\n\n\n<p><\/p>\n\n\n\n<p class=\"has-text-align-left has-sitebg-color has-accent-2-background-color has-text-color has-background\">J\u2019ai aim\u00e9 car il y avait des discours. La procureure parlait fort et avait de beaux arguments pour expliquer qu\u2019une femme ne se fait pas frapper. Le petit truc n\u00e9gatif, c\u2019est qu\u2019on a pas pu assister au jugement des violences conjugales.&nbsp;&nbsp;&nbsp;&nbsp;&nbsp;&nbsp;&nbsp;&nbsp;&nbsp;&nbsp;&nbsp;&nbsp;&nbsp;&nbsp;&nbsp;&nbsp;&nbsp;&nbsp;&nbsp;&nbsp;&nbsp;&nbsp;&nbsp;&nbsp;&nbsp;&nbsp;&nbsp;&nbsp;&nbsp;&nbsp;&nbsp;&nbsp;&nbsp;&nbsp;&nbsp;&nbsp;&nbsp;&nbsp;&nbsp;&nbsp;&nbsp;&nbsp;&nbsp;&nbsp;&nbsp;&nbsp;&nbsp;&nbsp;&nbsp;&nbsp;&nbsp;&nbsp;&nbsp;&nbsp;&nbsp;&nbsp;&nbsp;<\/p>\n\n\n\n<p class=\"has-text-align-right has-sitebg-color has-accent-2-background-color has-text-color has-background\">VALERIE<\/p>\n<\/div><\/div>\n\n\n\n<p><strong>J\u2019ai bien aim\u00e9 parce qu\u2019il y avait dans la salle des criminels. Et aussi parce que je n\u2019avais jamais vu d\u2019avocats ni de juges pour de vrai.<\/strong><\/p>\n\n\n\n<p><strong>Mais en m\u00eame temps, c\u2019\u00e9tait un peu long c\u2019est dommage que l&rsquo;on n&rsquo;ait pas vu le d\u00e9but de la premi\u00e8re affaire o\u00f9 il y avait les policiers.&nbsp;&nbsp;<\/strong><\/p>\n\n\n\n<p class=\"has-text-align-right\"><strong>&nbsp;&nbsp;&nbsp;&nbsp;&nbsp;&nbsp;&nbsp;&nbsp;&nbsp;&nbsp;&nbsp;&nbsp;&nbsp;&nbsp;&nbsp;&nbsp;&nbsp;&nbsp;&nbsp;&nbsp;&nbsp;&nbsp;&nbsp;&nbsp;&nbsp;&nbsp;&nbsp;&nbsp;&nbsp;&nbsp;&nbsp;&nbsp;&nbsp;&nbsp;&nbsp;&nbsp;&nbsp;&nbsp;&nbsp;&nbsp;&nbsp;&nbsp;&nbsp;&nbsp;&nbsp;&nbsp;&nbsp;&nbsp;&nbsp;&nbsp;&nbsp;&nbsp;&nbsp;&nbsp;&nbsp;&nbsp;&nbsp;&nbsp;&nbsp;&nbsp;&nbsp;&nbsp;&nbsp;&nbsp;&nbsp; &nbsp;&nbsp;&nbsp;&nbsp;&nbsp;&nbsp;&nbsp;&nbsp;&nbsp;&nbsp;&nbsp;&nbsp;&nbsp;&nbsp;&nbsp;&nbsp;&nbsp;&nbsp;&nbsp;&nbsp;&nbsp;&nbsp;&nbsp;&nbsp;&nbsp;&nbsp;&nbsp;&nbsp;&nbsp;&nbsp;&nbsp;&nbsp;&nbsp;&nbsp;&nbsp;&nbsp;&nbsp;&nbsp;&nbsp;&nbsp;&nbsp;&nbsp;&nbsp;&nbsp;&nbsp;&nbsp;&nbsp;&nbsp;&nbsp;&nbsp;&nbsp;&nbsp;&nbsp;&nbsp;&nbsp;&nbsp;&nbsp;&nbsp;&nbsp;&nbsp;&nbsp;&nbsp;&nbsp;&nbsp;&nbsp;&nbsp;&nbsp;&nbsp;&nbsp;&nbsp;&nbsp;&nbsp;&nbsp;&nbsp;&nbsp;&nbsp;&nbsp;&nbsp;&nbsp;&nbsp;&nbsp;&nbsp;&nbsp;&nbsp;MABEL<\/strong><\/p>\n\n\n\n<div class=\"wp-block-media-text alignwide is-stacked-on-mobile\"><figure class=\"wp-block-media-text__media\"><img loading=\"lazy\" decoding=\"async\" width=\"1920\" height=\"1436\" src=\"https:\/\/etab.ac-reunion.fr\/clg-ravine-des-cabris\/wp-content\/uploads\/sites\/158\/2023\/03\/images_list-r4x3w1000-57983e2891264-les-10-tribunaux-les-moins-efficaces-de-france.jpg\" alt=\"\" class=\"wp-image-2232 size-full\" srcset=\"https:\/\/etab.ac-reunion.fr\/clg-ravine-des-cabris\/wp-content\/uploads\/sites\/158\/2023\/03\/images_list-r4x3w1000-57983e2891264-les-10-tribunaux-les-moins-efficaces-de-france.jpg 1920w, https:\/\/etab.ac-reunion.fr\/clg-ravine-des-cabris\/wp-content\/uploads\/sites\/158\/2023\/03\/images_list-r4x3w1000-57983e2891264-les-10-tribunaux-les-moins-efficaces-de-france-800x598.jpg 800w, https:\/\/etab.ac-reunion.fr\/clg-ravine-des-cabris\/wp-content\/uploads\/sites\/158\/2023\/03\/images_list-r4x3w1000-57983e2891264-les-10-tribunaux-les-moins-efficaces-de-france-768x574.jpg 768w, https:\/\/etab.ac-reunion.fr\/clg-ravine-des-cabris\/wp-content\/uploads\/sites\/158\/2023\/03\/images_list-r4x3w1000-57983e2891264-les-10-tribunaux-les-moins-efficaces-de-france-1536x1149.jpg 1536w, https:\/\/etab.ac-reunion.fr\/clg-ravine-des-cabris\/wp-content\/uploads\/sites\/158\/2023\/03\/images_list-r4x3w1000-57983e2891264-les-10-tribunaux-les-moins-efficaces-de-france-176x132.jpg 176w\" sizes=\"auto, (max-width: 1920px) 100vw, 1920px\" \/><\/figure><div class=\"wp-block-media-text__content\">\n<p class=\"has-sitetext-color has-sitebg-background-color has-text-color has-background\"><\/p>\n\n\n\n<p>Quand on est rentr\u00e9 dans la salle, il faisait plus froid que je ne le pensais. Quand le juge est entr\u00e9 et que la cloche a sonn\u00e9, \u00e7a m\u2019a surprise puis je pensais aussi qu\u2019il y aurait des pauses.<\/p>\n\n\n\n<p class=\"has-text-align-right\">&nbsp;&nbsp;&nbsp;&nbsp;&nbsp;&nbsp;&nbsp;&nbsp;&nbsp;&nbsp;&nbsp;&nbsp;&nbsp;&nbsp;&nbsp;&nbsp;&nbsp;&nbsp;&nbsp;&nbsp;&nbsp;&nbsp;&nbsp;&nbsp;&nbsp;&nbsp;&nbsp;&nbsp;&nbsp;&nbsp;&nbsp;&nbsp;&nbsp;&nbsp;&nbsp;&nbsp;&nbsp;&nbsp;&nbsp;&nbsp;&nbsp;&nbsp;&nbsp;&nbsp;&nbsp;&nbsp;&nbsp;&nbsp;&nbsp;&nbsp;&nbsp;&nbsp;&nbsp;&nbsp;&nbsp;&nbsp;&nbsp;&nbsp;&nbsp;&nbsp;&nbsp;&nbsp;&nbsp;&nbsp;&nbsp;&nbsp;&nbsp;&nbsp;&nbsp;&nbsp;&nbsp;&nbsp;&nbsp;&nbsp;&nbsp;&nbsp;&nbsp;&nbsp;&nbsp;&nbsp;&nbsp;&nbsp;&nbsp;&nbsp;&nbsp;&nbsp;&nbsp;&nbsp;&nbsp;&nbsp;&nbsp;&nbsp;&nbsp; &nbsp;SARAH<\/p>\n\n\n\n<p class=\"has-sitebg-color has-headings-background-color has-text-color has-background\">J\u2019ai bien aim\u00e9 mais au d\u00e9but quand il y avait la police et tout j\u2019avais un peu peur.<\/p>\n\n\n\n<p class=\"has-text-align-right has-sitebg-color has-headings-background-color has-text-color has-background\">NELSON<\/p>\n\n\n\n<p><\/p>\n\n\n\n<p><\/p>\n<\/div><\/div>\n<\/blockquote>\n\n\n\n<blockquote class=\"wp-block-quote is-layout-flow wp-block-quote-is-layout-flow\">\n<p>Quand on est rentr\u00e9 dans le tribunal j\u2019\u00e9tais un peu stress\u00e9e de savoir s\u2019il y avait des micros et aussi de voir tous les avocats. (J\u2019ai ador\u00e9 le juge). Dans la salle d\u2019audience la cloche m\u2019a fait peur et j\u2019aurais pens\u00e9 qu\u2019il y avait moins de violences conjugales. Et je trouve \u00e7a dommage qu\u2019on ne sache pas les peines que le pr\u00e9sident a choisi \u00e0 la fin.&nbsp;&nbsp;&nbsp;&nbsp;&nbsp;&nbsp;&nbsp;&nbsp;&nbsp;&nbsp;&nbsp;&nbsp;&nbsp;&nbsp;&nbsp;&nbsp;&nbsp;&nbsp;&nbsp;&nbsp;&nbsp;&nbsp;&nbsp;&nbsp;&nbsp;&nbsp;&nbsp;&nbsp;&nbsp;<\/p>\n\n\n\n<p class=\"has-text-align-right\">&nbsp;SALIA<\/p>\n<\/blockquote>\n\n\n\n<div class=\"wp-block-media-text alignwide is-stacked-on-mobile\"><figure class=\"wp-block-media-text__media\"><img loading=\"lazy\" decoding=\"async\" width=\"1920\" height=\"1441\" src=\"https:\/\/etab.ac-reunion.fr\/clg-ravine-des-cabris\/wp-content\/uploads\/sites\/158\/2023\/03\/92994e66877fb56dbe593e8d4cfa4c50-1920x1441.jpg\" alt=\"\" class=\"wp-image-2251 size-full\" srcset=\"https:\/\/etab.ac-reunion.fr\/clg-ravine-des-cabris\/wp-content\/uploads\/sites\/158\/2023\/03\/92994e66877fb56dbe593e8d4cfa4c50-1920x1441.jpg 1920w, https:\/\/etab.ac-reunion.fr\/clg-ravine-des-cabris\/wp-content\/uploads\/sites\/158\/2023\/03\/92994e66877fb56dbe593e8d4cfa4c50-800x600.jpg 800w, https:\/\/etab.ac-reunion.fr\/clg-ravine-des-cabris\/wp-content\/uploads\/sites\/158\/2023\/03\/92994e66877fb56dbe593e8d4cfa4c50-768x576.jpg 768w, https:\/\/etab.ac-reunion.fr\/clg-ravine-des-cabris\/wp-content\/uploads\/sites\/158\/2023\/03\/92994e66877fb56dbe593e8d4cfa4c50-1536x1153.jpg 1536w, https:\/\/etab.ac-reunion.fr\/clg-ravine-des-cabris\/wp-content\/uploads\/sites\/158\/2023\/03\/92994e66877fb56dbe593e8d4cfa4c50-2048x1537.jpg 2048w, https:\/\/etab.ac-reunion.fr\/clg-ravine-des-cabris\/wp-content\/uploads\/sites\/158\/2023\/03\/92994e66877fb56dbe593e8d4cfa4c50-176x132.jpg 176w\" sizes=\"auto, (max-width: 1920px) 100vw, 1920px\" \/><\/figure><div class=\"wp-block-media-text__content\">\n<p><strong>J\u2019ai pas vraiment aim\u00e9 car pour moi le tribunal est un endroit o\u00f9 de mauvaises personnes se trouvent. De plus le tribunal me fait penser \u00e0 la prison et aux crimes.<\/strong><\/p>\n\n\n\n<p class=\"has-text-align-right\">\u00a0\u00a0\u00a0\u00a0\u00a0\u00a0\u00a0\u00a0\u00a0\u00a0\u00a0\u00a0\u00a0\u00a0\u00a0\u00a0\u00a0\u00a0\u00a0\u00a0\u00a0\u00a0\u00a0\u00a0\u00a0\u00a0\u00a0\u00a0\u00a0\u00a0\u00a0\u00a0\u00a0\u00a0\u00a0\u00a0\u00a0\u00a0\u00a0\u00a0\u00a0\u00a0\u00a0\u00a0\u00a0\u00a0\u00a0\u00a0\u00a0\u00a0\u00a0\u00a0\u00a0\u00a0\u00a0\u00a0\u00a0\u00a0\u00a0\u00a0\u00a0\u00a0\u00a0\u00a0\u00a0\u00a0\u00a0\u00a0\u00a0\u00a0\u00a0\u00a0\u00a0\u00a0\u00a0\u00a0\u00a0\u00a0\u00a0\u00a0\u00a0\u00a0\u00a0\u00a0\u00a0\u00a0\u00a0\u00a0\u00a0\u00a0\u00a0\u00a0\u00a0\u00a0\u00a0\u00a0<strong>AXL<\/strong><\/p>\n\n\n\n<p><strong>Je trouve que c\u2019est inadmissible qu\u2019un homme commette des violences conjugales envers sa femme.<\/strong><\/p>\n\n\n\n<p class=\"has-text-align-right\"><strong>JUDICAEL<\/strong><\/p>\n<\/div><\/div>\n\n\n\n<blockquote class=\"wp-block-quote is-layout-flow wp-block-quote-is-layout-flow\">\n<p class=\"has-sitetext-color has-sitebg-background-color has-text-color has-background\">A l\u2019entr\u00e9e du tribunal j\u2019\u00e9tais un peu stress\u00e9e mais avec le temps, \u00e7a va mais je me suis un peu ennuy\u00e9e.<\/p>\n\n\n\n<p class=\"has-text-align-right has-sitetext-color has-sitebg-background-color has-text-color has-background\">&nbsp;KASSIDY<\/p>\n<\/blockquote>\n","protected":false},"excerpt":{"rendered":"","protected":false},"author":28090,"featured_media":2234,"comment_status":"closed","ping_status":"closed","sticky":false,"template":"","format":"standard","meta":{"footnotes":"","_links_to":"","_links_to_target":""},"categories":[17,18,54],"tags":[],"class_list":["post-2229","post","type-post","status-publish","format-standard","has-post-thumbnail","hentry","category-francais-latin","category-histoire-geographie-emc","category-parcours-citoyen"],"_links":{"self":[{"href":"https:\/\/etab.ac-reunion.fr\/clg-ravine-des-cabris\/wp-json\/wp\/v2\/posts\/2229","targetHints":{"allow":["GET"]}}],"collection":[{"href":"https:\/\/etab.ac-reunion.fr\/clg-ravine-des-cabris\/wp-json\/wp\/v2\/posts"}],"about":[{"href":"https:\/\/etab.ac-reunion.fr\/clg-ravine-des-cabris\/wp-json\/wp\/v2\/types\/post"}],"author":[{"embeddable":true,"href":"https:\/\/etab.ac-reunion.fr\/clg-ravine-des-cabris\/wp-json\/wp\/v2\/users\/28090"}],"replies":[{"embeddable":true,"href":"https:\/\/etab.ac-reunion.fr\/clg-ravine-des-cabris\/wp-json\/wp\/v2\/comments?post=2229"}],"version-history":[{"count":15,"href":"https:\/\/etab.ac-reunion.fr\/clg-ravine-des-cabris\/wp-json\/wp\/v2\/posts\/2229\/revisions"}],"predecessor-version":[{"id":2258,"href":"https:\/\/etab.ac-reunion.fr\/clg-ravine-des-cabris\/wp-json\/wp\/v2\/posts\/2229\/revisions\/2258"}],"wp:featuredmedia":[{"embeddable":true,"href":"https:\/\/etab.ac-reunion.fr\/clg-ravine-des-cabris\/wp-json\/wp\/v2\/media\/2234"}],"wp:attachment":[{"href":"https:\/\/etab.ac-reunion.fr\/clg-ravine-des-cabris\/wp-json\/wp\/v2\/media?parent=2229"}],"wp:term":[{"taxonomy":"category","embeddable":true,"href":"https:\/\/etab.ac-reunion.fr\/clg-ravine-des-cabris\/wp-json\/wp\/v2\/categories?post=2229"},{"taxonomy":"post_tag","embeddable":true,"href":"https:\/\/etab.ac-reunion.fr\/clg-ravine-des-cabris\/wp-json\/wp\/v2\/tags?post=2229"}],"curies":[{"name":"wp","href":"https:\/\/api.w.org\/{rel}","templated":true}]}}