{"id":229,"date":"2020-10-27T11:24:07","date_gmt":"2020-10-27T10:24:07","guid":{"rendered":"http:\/\/college-ravinedescabris-tmp.ac-reunion.fr\/?p=229"},"modified":"2020-12-17T08:38:39","modified_gmt":"2020-12-17T07:38:39","slug":"le-francais-autrement","status":"publish","type":"post","link":"https:\/\/etab.ac-reunion.fr\/clg-ravine-des-cabris\/2020\/10\/27\/le-francais-autrement\/","title":{"rendered":"Le fran\u00e7ais autrement"},"content":{"rendered":"\n<p>Nous avons r\u00e9fl\u00e9chi \u00e0 un moyen ludique et simple qui proposerait aux coll\u00e9giens (tous niveaux) des activit\u00e9s construites en filigrane sur des comp\u00e9tences fondamentales (lire, \u00e9crire, parler, \u00e9couter, \u00e9tudier la langue, enrichir sa culture) et vari\u00e9es dans leur r\u00e9alisation \u00ab&nbsp;seul(e), en famille, avec d\u2019autres&nbsp;\u00bb. Ce n\u2019est qu\u2019un compl\u00e9ment de continuit\u00e9 p\u00e9dagogique, notre publication acad\u00e9mique \u00ab&nbsp;Le fran\u00e7ais autrement&nbsp;\u00bb n\u2019a pas vocation \u00e0 remplacer le travail d\u2019un enseignant. Le num\u00e9ro 1 a \u00e9t\u00e9 diffus\u00e9 vendredi dernier sur la plateforme M@gist\u00e8re coll\u00e8ge par Mme Anne Boulanger, webmestre, sous ma supervision. Tous les enseignants de lettres ont pu en prendre connaissance. Le num\u00e9ro 2 est presque pr\u00eat.<\/p>\n\n\n\n<p>Il m\u2019a sembl\u00e9 int\u00e9ressant de vous communiquer notre publication comme ressource disponible si n\u00e9cessaire. Si vous le souhaitez, vous pouvez la proposer \u00e0 des \u00e9l\u00e8ves qui seraient priv\u00e9s d\u2019activit\u00e9s de fran\u00e7ais, pour une raison ou pour une autre.<\/p>\n\n\n\n<p>Je vous en souhaite bonne r\u00e9ception et vous souhaite un bon week-end de P\u00e2ques. Reposez-vous et prenez soin de vous et de vos proches.<\/p>\n\n\n\n<p>Bien cordialement<\/p>\n\n\n\n<p>Mme V\u00e9n\u00e9rin, IA-IPR de lettres<\/p>\n\n\n<a href=\"https:\/\/wpetab.ac-reunion.fr\/ravinedescabris\/wp-content\/uploads\/sites\/158\/2020\/10\/Le-franc\u0327ais-autrement-Nume\u0301ro-1.pdf\" class=\"pdfemb-viewer\" style=\"\" data-width=\"max\" data-height=\"max\" data-toolbar=\"both\" data-toolbar-fixed=\"on\">Le-franc\u0327ais-autrement-Nume\u0301ro-1<\/a>\n<p class=\"wp-block-pdfemb-pdf-embedder-viewer\"><\/p>\n\n\n\n<div class=\"wp-block-buttons is-layout-flex wp-block-buttons-is-layout-flex\">\n<div class=\"wp-block-button\"><a class=\"wp-block-button__link has-accent-1-background-color has-background\" href=\"http:\/\/wpetab.ac-reunion.fr\/ravinedescabris\/wp-content\/uploads\/sites\/158\/2020\/10\/Le-franc\u0327ais-autrement-Nume\u0301ro-1.pdf\">agrandir<\/a><\/div>\n<\/div>\n","protected":false},"excerpt":{"rendered":"","protected":false},"author":27941,"featured_media":231,"comment_status":"closed","ping_status":"closed","sticky":false,"template":"","format":"standard","meta":{"footnotes":"","_links_to":"","_links_to_target":""},"categories":[17,46],"tags":[],"class_list":["post-229","post","type-post","status-publish","format-standard","has-post-thumbnail","hentry","category-francais-latin","category-infos-generales"],"_links":{"self":[{"href":"https:\/\/etab.ac-reunion.fr\/clg-ravine-des-cabris\/wp-json\/wp\/v2\/posts\/229","targetHints":{"allow":["GET"]}}],"collection":[{"href":"https:\/\/etab.ac-reunion.fr\/clg-ravine-des-cabris\/wp-json\/wp\/v2\/posts"}],"about":[{"href":"https:\/\/etab.ac-reunion.fr\/clg-ravine-des-cabris\/wp-json\/wp\/v2\/types\/post"}],"author":[{"embeddable":true,"href":"https:\/\/etab.ac-reunion.fr\/clg-ravine-des-cabris\/wp-json\/wp\/v2\/users\/27941"}],"replies":[{"embeddable":true,"href":"https:\/\/etab.ac-reunion.fr\/clg-ravine-des-cabris\/wp-json\/wp\/v2\/comments?post=229"}],"version-history":[{"count":2,"href":"https:\/\/etab.ac-reunion.fr\/clg-ravine-des-cabris\/wp-json\/wp\/v2\/posts\/229\/revisions"}],"predecessor-version":[{"id":639,"href":"https:\/\/etab.ac-reunion.fr\/clg-ravine-des-cabris\/wp-json\/wp\/v2\/posts\/229\/revisions\/639"}],"wp:featuredmedia":[{"embeddable":true,"href":"https:\/\/etab.ac-reunion.fr\/clg-ravine-des-cabris\/wp-json\/wp\/v2\/media\/231"}],"wp:attachment":[{"href":"https:\/\/etab.ac-reunion.fr\/clg-ravine-des-cabris\/wp-json\/wp\/v2\/media?parent=229"}],"wp:term":[{"taxonomy":"category","embeddable":true,"href":"https:\/\/etab.ac-reunion.fr\/clg-ravine-des-cabris\/wp-json\/wp\/v2\/categories?post=229"},{"taxonomy":"post_tag","embeddable":true,"href":"https:\/\/etab.ac-reunion.fr\/clg-ravine-des-cabris\/wp-json\/wp\/v2\/tags?post=229"}],"curies":[{"name":"wp","href":"https:\/\/api.w.org\/{rel}","templated":true}]}}