{"id":2317,"date":"2023-03-08T14:56:09","date_gmt":"2023-03-08T13:56:09","guid":{"rendered":"https:\/\/etab.ac-reunion.fr\/clg-ravine-des-cabris\/?p=2317"},"modified":"2023-03-08T15:13:16","modified_gmt":"2023-03-08T14:13:16","slug":"les-60-ans-du-traite-de-lelysee","status":"publish","type":"post","link":"https:\/\/etab.ac-reunion.fr\/clg-ravine-des-cabris\/2023\/03\/08\/les-60-ans-du-traite-de-lelysee\/","title":{"rendered":"<strong>LES 60 ANS DU TRAITE DE L\u2019ELYSEE<\/strong>"},"content":{"rendered":"\n<div class=\"wp-block-media-text alignwide is-stacked-on-mobile\"><figure class=\"wp-block-media-text__media\"><img loading=\"lazy\" decoding=\"async\" width=\"596\" height=\"328\" src=\"https:\/\/etab.ac-reunion.fr\/clg-ravine-des-cabris\/wp-content\/uploads\/sites\/158\/2023\/03\/Capture-decran-2023-03-08-a-17.52.07.png\" alt=\"\" class=\"wp-image-2318 size-full\" srcset=\"https:\/\/etab.ac-reunion.fr\/clg-ravine-des-cabris\/wp-content\/uploads\/sites\/158\/2023\/03\/Capture-decran-2023-03-08-a-17.52.07.png 596w, https:\/\/etab.ac-reunion.fr\/clg-ravine-des-cabris\/wp-content\/uploads\/sites\/158\/2023\/03\/Capture-decran-2023-03-08-a-17.52.07-240x132.png 240w\" sizes=\"auto, (max-width: 596px) 100vw, 596px\" \/><\/figure><div class=\"wp-block-media-text__content\">\n<p class=\"has-text-align-center has-accent-2-color has-text-color has-normal-font-size\"><strong>A l\u2019occasion des 60 ans du Trait\u00e9 de l\u2019Elys\u00e9e du 22 janvier 1963, les \u00e9l\u00e8ves de 3<sup>\u00e8me<\/sup> LCE ont r\u00e9alis\u00e9 une exposition mettant en lumi\u00e8re sur fond de construction europ\u00e9enne le couple franco-allemand Adenauer-De Gaulle, la cr\u00e9ation de l\u2019OFAJ et l\u2019h\u00e9ritage l\u00e9gu\u00e9 par le trait\u00e9. Chacun choisissant son format de pr\u00e9sentation\u00a0: carte mentale, frise chronologique, textes<\/strong>.<\/p>\n<\/div><\/div>\n\n\n\n<figure class=\"wp-block-gallery has-nested-images columns-1 is-cropped wp-block-gallery-1 is-layout-flex wp-block-gallery-is-layout-flex\">\n<figure class=\"wp-block-image size-large\"><a href=\"https:\/\/etab.ac-reunion.fr\/clg-ravine-des-cabris\/wp-content\/uploads\/sites\/158\/2023\/03\/Capture-decran-2023-03-08-a-17.58.17.png\"><img loading=\"lazy\" decoding=\"async\" width=\"1370\" height=\"1366\" data-id=\"2327\" src=\"https:\/\/etab.ac-reunion.fr\/clg-ravine-des-cabris\/wp-content\/uploads\/sites\/158\/2023\/03\/Capture-decran-2023-03-08-a-17.58.17.png\" alt=\"\" class=\"wp-image-2327\" srcset=\"https:\/\/etab.ac-reunion.fr\/clg-ravine-des-cabris\/wp-content\/uploads\/sites\/158\/2023\/03\/Capture-decran-2023-03-08-a-17.58.17.png 1370w, https:\/\/etab.ac-reunion.fr\/clg-ravine-des-cabris\/wp-content\/uploads\/sites\/158\/2023\/03\/Capture-decran-2023-03-08-a-17.58.17-602x600.png 602w, https:\/\/etab.ac-reunion.fr\/clg-ravine-des-cabris\/wp-content\/uploads\/sites\/158\/2023\/03\/Capture-decran-2023-03-08-a-17.58.17-150x150.png 150w, https:\/\/etab.ac-reunion.fr\/clg-ravine-des-cabris\/wp-content\/uploads\/sites\/158\/2023\/03\/Capture-decran-2023-03-08-a-17.58.17-768x766.png 768w, https:\/\/etab.ac-reunion.fr\/clg-ravine-des-cabris\/wp-content\/uploads\/sites\/158\/2023\/03\/Capture-decran-2023-03-08-a-17.58.17-132x132.png 132w\" sizes=\"auto, (max-width: 1370px) 100vw, 1370px\" \/><\/a><\/figure>\n\n\n\n<figure class=\"wp-block-image size-large\"><a href=\"https:\/\/etab.ac-reunion.fr\/clg-ravine-des-cabris\/wp-content\/uploads\/sites\/158\/2023\/03\/Capture-decran-2023-03-08-a-17.59.55.png\"><img loading=\"lazy\" decoding=\"async\" width=\"1824\" height=\"1032\" data-id=\"2331\" src=\"https:\/\/etab.ac-reunion.fr\/clg-ravine-des-cabris\/wp-content\/uploads\/sites\/158\/2023\/03\/Capture-decran-2023-03-08-a-17.59.55.png\" alt=\"\" class=\"wp-image-2331\" srcset=\"https:\/\/etab.ac-reunion.fr\/clg-ravine-des-cabris\/wp-content\/uploads\/sites\/158\/2023\/03\/Capture-decran-2023-03-08-a-17.59.55.png 1824w, https:\/\/etab.ac-reunion.fr\/clg-ravine-des-cabris\/wp-content\/uploads\/sites\/158\/2023\/03\/Capture-decran-2023-03-08-a-17.59.55-800x453.png 800w, https:\/\/etab.ac-reunion.fr\/clg-ravine-des-cabris\/wp-content\/uploads\/sites\/158\/2023\/03\/Capture-decran-2023-03-08-a-17.59.55-768x435.png 768w, https:\/\/etab.ac-reunion.fr\/clg-ravine-des-cabris\/wp-content\/uploads\/sites\/158\/2023\/03\/Capture-decran-2023-03-08-a-17.59.55-1536x869.png 1536w, https:\/\/etab.ac-reunion.fr\/clg-ravine-des-cabris\/wp-content\/uploads\/sites\/158\/2023\/03\/Capture-decran-2023-03-08-a-17.59.55-233x132.png 233w\" sizes=\"auto, (max-width: 1824px) 100vw, 1824px\" \/><\/a><\/figure>\n\n\n\n<figure class=\"wp-block-image size-large\"><a href=\"https:\/\/etab.ac-reunion.fr\/clg-ravine-des-cabris\/wp-content\/uploads\/sites\/158\/2023\/03\/Capture-decran-2023-03-08-a-18.00.05.png\"><img loading=\"lazy\" decoding=\"async\" width=\"1832\" height=\"708\" data-id=\"2330\" src=\"https:\/\/etab.ac-reunion.fr\/clg-ravine-des-cabris\/wp-content\/uploads\/sites\/158\/2023\/03\/Capture-decran-2023-03-08-a-18.00.05.png\" alt=\"\" class=\"wp-image-2330\" srcset=\"https:\/\/etab.ac-reunion.fr\/clg-ravine-des-cabris\/wp-content\/uploads\/sites\/158\/2023\/03\/Capture-decran-2023-03-08-a-18.00.05.png 1832w, https:\/\/etab.ac-reunion.fr\/clg-ravine-des-cabris\/wp-content\/uploads\/sites\/158\/2023\/03\/Capture-decran-2023-03-08-a-18.00.05-800x309.png 800w, https:\/\/etab.ac-reunion.fr\/clg-ravine-des-cabris\/wp-content\/uploads\/sites\/158\/2023\/03\/Capture-decran-2023-03-08-a-18.00.05-768x297.png 768w, https:\/\/etab.ac-reunion.fr\/clg-ravine-des-cabris\/wp-content\/uploads\/sites\/158\/2023\/03\/Capture-decran-2023-03-08-a-18.00.05-1536x594.png 1536w, https:\/\/etab.ac-reunion.fr\/clg-ravine-des-cabris\/wp-content\/uploads\/sites\/158\/2023\/03\/Capture-decran-2023-03-08-a-18.00.05-342x132.png 342w\" sizes=\"auto, (max-width: 1832px) 100vw, 1832px\" \/><\/a><\/figure>\n\n\n\n<figure class=\"wp-block-image size-large\"><a href=\"https:\/\/etab.ac-reunion.fr\/clg-ravine-des-cabris\/wp-content\/uploads\/sites\/158\/2023\/03\/Capture-decran-2023-03-08-a-18.07.38.png\"><img loading=\"lazy\" decoding=\"async\" width=\"1838\" height=\"1240\" data-id=\"2337\" src=\"https:\/\/etab.ac-reunion.fr\/clg-ravine-des-cabris\/wp-content\/uploads\/sites\/158\/2023\/03\/Capture-decran-2023-03-08-a-18.07.38.png\" alt=\"\" class=\"wp-image-2337\" srcset=\"https:\/\/etab.ac-reunion.fr\/clg-ravine-des-cabris\/wp-content\/uploads\/sites\/158\/2023\/03\/Capture-decran-2023-03-08-a-18.07.38.png 1838w, https:\/\/etab.ac-reunion.fr\/clg-ravine-des-cabris\/wp-content\/uploads\/sites\/158\/2023\/03\/Capture-decran-2023-03-08-a-18.07.38-800x540.png 800w, https:\/\/etab.ac-reunion.fr\/clg-ravine-des-cabris\/wp-content\/uploads\/sites\/158\/2023\/03\/Capture-decran-2023-03-08-a-18.07.38-768x518.png 768w, https:\/\/etab.ac-reunion.fr\/clg-ravine-des-cabris\/wp-content\/uploads\/sites\/158\/2023\/03\/Capture-decran-2023-03-08-a-18.07.38-1536x1036.png 1536w, https:\/\/etab.ac-reunion.fr\/clg-ravine-des-cabris\/wp-content\/uploads\/sites\/158\/2023\/03\/Capture-decran-2023-03-08-a-18.07.38-196x132.png 196w\" sizes=\"auto, (max-width: 1838px) 100vw, 1838px\" \/><\/a><\/figure>\n\n\n\n<figure class=\"wp-block-image size-large\"><a href=\"https:\/\/etab.ac-reunion.fr\/clg-ravine-des-cabris\/wp-content\/uploads\/sites\/158\/2023\/03\/Capture-decran-2023-03-08-a-18.07.22.png\"><img loading=\"lazy\" decoding=\"async\" width=\"1588\" height=\"1134\" data-id=\"2338\" src=\"https:\/\/etab.ac-reunion.fr\/clg-ravine-des-cabris\/wp-content\/uploads\/sites\/158\/2023\/03\/Capture-decran-2023-03-08-a-18.07.22.png\" alt=\"\" class=\"wp-image-2338\" srcset=\"https:\/\/etab.ac-reunion.fr\/clg-ravine-des-cabris\/wp-content\/uploads\/sites\/158\/2023\/03\/Capture-decran-2023-03-08-a-18.07.22.png 1588w, https:\/\/etab.ac-reunion.fr\/clg-ravine-des-cabris\/wp-content\/uploads\/sites\/158\/2023\/03\/Capture-decran-2023-03-08-a-18.07.22-800x571.png 800w, https:\/\/etab.ac-reunion.fr\/clg-ravine-des-cabris\/wp-content\/uploads\/sites\/158\/2023\/03\/Capture-decran-2023-03-08-a-18.07.22-768x548.png 768w, https:\/\/etab.ac-reunion.fr\/clg-ravine-des-cabris\/wp-content\/uploads\/sites\/158\/2023\/03\/Capture-decran-2023-03-08-a-18.07.22-1536x1097.png 1536w, https:\/\/etab.ac-reunion.fr\/clg-ravine-des-cabris\/wp-content\/uploads\/sites\/158\/2023\/03\/Capture-decran-2023-03-08-a-18.07.22-185x132.png 185w\" sizes=\"auto, (max-width: 1588px) 100vw, 1588px\" \/><\/a><\/figure>\n\n\n\n<figure class=\"wp-block-image size-large\"><a href=\"https:\/\/etab.ac-reunion.fr\/clg-ravine-des-cabris\/wp-content\/uploads\/sites\/158\/2023\/03\/Capture-decran-2023-03-08-a-18.08.00.png\"><img loading=\"lazy\" decoding=\"async\" width=\"1920\" height=\"1407\" data-id=\"2335\" src=\"https:\/\/etab.ac-reunion.fr\/clg-ravine-des-cabris\/wp-content\/uploads\/sites\/158\/2023\/03\/Capture-decran-2023-03-08-a-18.08.00-1920x1407.png\" alt=\"\" class=\"wp-image-2335\" srcset=\"https:\/\/etab.ac-reunion.fr\/clg-ravine-des-cabris\/wp-content\/uploads\/sites\/158\/2023\/03\/Capture-decran-2023-03-08-a-18.08.00-1920x1407.png 1920w, https:\/\/etab.ac-reunion.fr\/clg-ravine-des-cabris\/wp-content\/uploads\/sites\/158\/2023\/03\/Capture-decran-2023-03-08-a-18.08.00-800x586.png 800w, https:\/\/etab.ac-reunion.fr\/clg-ravine-des-cabris\/wp-content\/uploads\/sites\/158\/2023\/03\/Capture-decran-2023-03-08-a-18.08.00-768x563.png 768w, https:\/\/etab.ac-reunion.fr\/clg-ravine-des-cabris\/wp-content\/uploads\/sites\/158\/2023\/03\/Capture-decran-2023-03-08-a-18.08.00-1536x1126.png 1536w, https:\/\/etab.ac-reunion.fr\/clg-ravine-des-cabris\/wp-content\/uploads\/sites\/158\/2023\/03\/Capture-decran-2023-03-08-a-18.08.00-180x132.png 180w, https:\/\/etab.ac-reunion.fr\/clg-ravine-des-cabris\/wp-content\/uploads\/sites\/158\/2023\/03\/Capture-decran-2023-03-08-a-18.08.00.png 2030w\" sizes=\"auto, (max-width: 1920px) 100vw, 1920px\" \/><\/a><\/figure>\n<\/figure>\n","protected":false},"excerpt":{"rendered":"","protected":false},"author":28090,"featured_media":2324,"comment_status":"closed","ping_status":"closed","sticky":false,"template":"","format":"standard","meta":{"footnotes":"","_links_to":"","_links_to_target":""},"categories":[35,55],"tags":[],"class_list":["post-2317","post","type-post","status-publish","format-standard","has-post-thumbnail","hentry","category-allemand","category-parcours-deducation-artistique-et-culturelle"],"_links":{"self":[{"href":"https:\/\/etab.ac-reunion.fr\/clg-ravine-des-cabris\/wp-json\/wp\/v2\/posts\/2317","targetHints":{"allow":["GET"]}}],"collection":[{"href":"https:\/\/etab.ac-reunion.fr\/clg-ravine-des-cabris\/wp-json\/wp\/v2\/posts"}],"about":[{"href":"https:\/\/etab.ac-reunion.fr\/clg-ravine-des-cabris\/wp-json\/wp\/v2\/types\/post"}],"author":[{"embeddable":true,"href":"https:\/\/etab.ac-reunion.fr\/clg-ravine-des-cabris\/wp-json\/wp\/v2\/users\/28090"}],"replies":[{"embeddable":true,"href":"https:\/\/etab.ac-reunion.fr\/clg-ravine-des-cabris\/wp-json\/wp\/v2\/comments?post=2317"}],"version-history":[{"count":5,"href":"https:\/\/etab.ac-reunion.fr\/clg-ravine-des-cabris\/wp-json\/wp\/v2\/posts\/2317\/revisions"}],"predecessor-version":[{"id":2339,"href":"https:\/\/etab.ac-reunion.fr\/clg-ravine-des-cabris\/wp-json\/wp\/v2\/posts\/2317\/revisions\/2339"}],"wp:featuredmedia":[{"embeddable":true,"href":"https:\/\/etab.ac-reunion.fr\/clg-ravine-des-cabris\/wp-json\/wp\/v2\/media\/2324"}],"wp:attachment":[{"href":"https:\/\/etab.ac-reunion.fr\/clg-ravine-des-cabris\/wp-json\/wp\/v2\/media?parent=2317"}],"wp:term":[{"taxonomy":"category","embeddable":true,"href":"https:\/\/etab.ac-reunion.fr\/clg-ravine-des-cabris\/wp-json\/wp\/v2\/categories?post=2317"},{"taxonomy":"post_tag","embeddable":true,"href":"https:\/\/etab.ac-reunion.fr\/clg-ravine-des-cabris\/wp-json\/wp\/v2\/tags?post=2317"}],"curies":[{"name":"wp","href":"https:\/\/api.w.org\/{rel}","templated":true}]}}