{"id":2341,"date":"2023-03-09T17:59:57","date_gmt":"2023-03-09T16:59:57","guid":{"rendered":"https:\/\/etab.ac-reunion.fr\/clg-ravine-des-cabris\/?p=2341"},"modified":"2023-03-09T18:22:41","modified_gmt":"2023-03-09T17:22:41","slug":"le-coin-des-ambassadeurs","status":"publish","type":"post","link":"https:\/\/etab.ac-reunion.fr\/clg-ravine-des-cabris\/2023\/03\/09\/le-coin-des-ambassadeurs\/","title":{"rendered":"<strong>LE COIN DES AMBASSADEURS &#8230;<\/strong>"},"content":{"rendered":"\n<div class=\"wp-block-media-text alignwide is-stacked-on-mobile\" style=\"grid-template-columns:58% auto\"><figure class=\"wp-block-media-text__media\"><img loading=\"lazy\" decoding=\"async\" width=\"1106\" height=\"826\" src=\"https:\/\/etab.ac-reunion.fr\/clg-ravine-des-cabris\/wp-content\/uploads\/sites\/158\/2023\/03\/Capture-decran-2023-03-09-a-20.55.24.png\" alt=\"\" class=\"wp-image-2342 size-full\" srcset=\"https:\/\/etab.ac-reunion.fr\/clg-ravine-des-cabris\/wp-content\/uploads\/sites\/158\/2023\/03\/Capture-decran-2023-03-09-a-20.55.24.png 1106w, https:\/\/etab.ac-reunion.fr\/clg-ravine-des-cabris\/wp-content\/uploads\/sites\/158\/2023\/03\/Capture-decran-2023-03-09-a-20.55.24-800x597.png 800w, https:\/\/etab.ac-reunion.fr\/clg-ravine-des-cabris\/wp-content\/uploads\/sites\/158\/2023\/03\/Capture-decran-2023-03-09-a-20.55.24-768x574.png 768w, https:\/\/etab.ac-reunion.fr\/clg-ravine-des-cabris\/wp-content\/uploads\/sites\/158\/2023\/03\/Capture-decran-2023-03-09-a-20.55.24-177x132.png 177w\" sizes=\"auto, (max-width: 1106px) 100vw, 1106px\" \/><\/figure><div class=\"wp-block-media-text__content\">\n<p class=\"has-text-align-center has-accent-2-color has-text-color has-normal-font-size\"><strong>Dans le cadre de la liaison Coll\u00e8ge-Lyc\u00e9e et du Parcours Avenir, au mois de novembre 2022, les anciens \u00e9l\u00e8ves du coll\u00e8ge ayant int\u00e9gr\u00e9 la section ABIBAC du lyc\u00e9e Roland Garros sont venus t\u00e9moigner de leur exp\u00e9rience\u00a0: entr\u00e9e en seconde, exigences de travail, emploi du temps, ambiance de classe, organisation scolaire, orientation, des sujets vari\u00e9s ont \u00e9t\u00e9 abord\u00e9s et de nombreuses questions ont donn\u00e9 lieu \u00e0 des \u00e9changes instructifs.<\/strong><\/p>\n<\/div><\/div>\n\n\n\n<p class=\"has-large-font-size\">En mars 2023, dans le cadre des \u00ab&nbsp;Schnupperstunden&nbsp;\u00bb, les \u00e9l\u00e8ves de 3<sup>\u00e8me<\/sup> int\u00e9ress\u00e9s par la section ABIBAC ont pass\u00e9 quelques heures en immersion en classe de seconde, l\u2019occasion d\u2019enrichir par l\u2019exp\u00e9rience les pr\u00e9c\u00e9dents t\u00e9moignages des ambassadeurs. Les rencontres, les discussions avec les \u00e9l\u00e8ves de seconde et leurs enseignants ont confort\u00e9 les coll\u00e9giens dans leur projet de candidature en section binationale.<\/p>\n","protected":false},"excerpt":{"rendered":"","protected":false},"author":28090,"featured_media":2348,"comment_status":"closed","ping_status":"closed","sticky":false,"template":"","format":"standard","meta":{"footnotes":"","_links_to":"","_links_to_target":""},"categories":[35],"tags":[],"class_list":["post-2341","post","type-post","status-publish","format-standard","has-post-thumbnail","hentry","category-allemand"],"_links":{"self":[{"href":"https:\/\/etab.ac-reunion.fr\/clg-ravine-des-cabris\/wp-json\/wp\/v2\/posts\/2341","targetHints":{"allow":["GET"]}}],"collection":[{"href":"https:\/\/etab.ac-reunion.fr\/clg-ravine-des-cabris\/wp-json\/wp\/v2\/posts"}],"about":[{"href":"https:\/\/etab.ac-reunion.fr\/clg-ravine-des-cabris\/wp-json\/wp\/v2\/types\/post"}],"author":[{"embeddable":true,"href":"https:\/\/etab.ac-reunion.fr\/clg-ravine-des-cabris\/wp-json\/wp\/v2\/users\/28090"}],"replies":[{"embeddable":true,"href":"https:\/\/etab.ac-reunion.fr\/clg-ravine-des-cabris\/wp-json\/wp\/v2\/comments?post=2341"}],"version-history":[{"count":2,"href":"https:\/\/etab.ac-reunion.fr\/clg-ravine-des-cabris\/wp-json\/wp\/v2\/posts\/2341\/revisions"}],"predecessor-version":[{"id":2349,"href":"https:\/\/etab.ac-reunion.fr\/clg-ravine-des-cabris\/wp-json\/wp\/v2\/posts\/2341\/revisions\/2349"}],"wp:featuredmedia":[{"embeddable":true,"href":"https:\/\/etab.ac-reunion.fr\/clg-ravine-des-cabris\/wp-json\/wp\/v2\/media\/2348"}],"wp:attachment":[{"href":"https:\/\/etab.ac-reunion.fr\/clg-ravine-des-cabris\/wp-json\/wp\/v2\/media?parent=2341"}],"wp:term":[{"taxonomy":"category","embeddable":true,"href":"https:\/\/etab.ac-reunion.fr\/clg-ravine-des-cabris\/wp-json\/wp\/v2\/categories?post=2341"},{"taxonomy":"post_tag","embeddable":true,"href":"https:\/\/etab.ac-reunion.fr\/clg-ravine-des-cabris\/wp-json\/wp\/v2\/tags?post=2341"}],"curies":[{"name":"wp","href":"https:\/\/api.w.org\/{rel}","templated":true}]}}