{"id":2350,"date":"2023-03-09T18:43:41","date_gmt":"2023-03-09T17:43:41","guid":{"rendered":"https:\/\/etab.ac-reunion.fr\/clg-ravine-des-cabris\/?p=2350"},"modified":"2023-03-09T18:56:42","modified_gmt":"2023-03-09T17:56:42","slug":"internationaler-frauentag","status":"publish","type":"post","link":"https:\/\/etab.ac-reunion.fr\/clg-ravine-des-cabris\/2023\/03\/09\/internationaler-frauentag\/","title":{"rendered":"<strong>Internationaler Frauentag<\/strong>"},"content":{"rendered":"\n<p>La Journ\u00e9e internationale des droits des femmes trouve son origine dans&nbsp;les manifestations de femmes au d\u00e9but du XXe si\u00e8cle, en Europe et aux \u00c9tats-Unis, r\u00e9clamant&nbsp;de meilleures conditions de travail et le droit de vote. Le 8 mars est&nbsp;une journ\u00e9e de rassemblements&nbsp;\u00e0 travers le monde et l&rsquo;occasion de&nbsp;faire un bilan sur la situation des femmes. Il s\u2019agit de f\u00eater les victoires et les acquis du combat des femmes, de faire entendre leurs revendications et d\u2019am\u00e9liorer leur situation.<\/p>\n\n\n\n<p>Les \u00e9l\u00e8ves de 4<sup>\u00e8me<\/sup> et 3<sup>\u00e8me<\/sup> LCE ont \u00e9tudi\u00e9 le parcours de quelques femmes inspirantes et nous en proposent un portrait inspir\u00e9 qui met en perspective le combat des femmes, toujours d\u2019actualit\u00e9, pour l\u2019\u00e9galit\u00e9 des sexes, contre les st\u00e9r\u00e9otypes.<\/p>\n\n\n\n<figure class=\"wp-block-image size-full is-resized\"><img loading=\"lazy\" decoding=\"async\" src=\"https:\/\/etab.ac-reunion.fr\/clg-ravine-des-cabris\/wp-content\/uploads\/sites\/158\/2023\/03\/Capture-decran-2023-03-09-a-21.35.54.png\" alt=\"\" class=\"wp-image-2379\" width=\"1280\" height=\"955\" srcset=\"https:\/\/etab.ac-reunion.fr\/clg-ravine-des-cabris\/wp-content\/uploads\/sites\/158\/2023\/03\/Capture-decran-2023-03-09-a-21.35.54.png 1920w, https:\/\/etab.ac-reunion.fr\/clg-ravine-des-cabris\/wp-content\/uploads\/sites\/158\/2023\/03\/Capture-decran-2023-03-09-a-21.35.54-800x597.png 800w, https:\/\/etab.ac-reunion.fr\/clg-ravine-des-cabris\/wp-content\/uploads\/sites\/158\/2023\/03\/Capture-decran-2023-03-09-a-21.35.54-768x573.png 768w, https:\/\/etab.ac-reunion.fr\/clg-ravine-des-cabris\/wp-content\/uploads\/sites\/158\/2023\/03\/Capture-decran-2023-03-09-a-21.35.54-1536x1146.png 1536w, https:\/\/etab.ac-reunion.fr\/clg-ravine-des-cabris\/wp-content\/uploads\/sites\/158\/2023\/03\/Capture-decran-2023-03-09-a-21.35.54-177x132.png 177w\" sizes=\"auto, (max-width: 1280px) 100vw, 1280px\" \/><figcaption class=\"wp-element-caption\"><strong>Amalie Emmy Noether\u00a0(<a href=\"https:\/\/fr.wikipedia.org\/wiki\/23_mars\">23<\/a>\u00a0<a href=\"https:\/\/fr.wikipedia.org\/wiki\/Mars_1882\">mars<\/a>\u00a0<a href=\"https:\/\/fr.wikipedia.org\/wiki\/1882\">1882<\/a>\u00a0\u2013\u00a0<a href=\"https:\/\/fr.wikipedia.org\/wiki\/14_avril\">14<\/a>\u00a0<a href=\"https:\/\/fr.wikipedia.org\/wiki\/Avril_1935\">avril<\/a>\u00a0<a href=\"https:\/\/fr.wikipedia.org\/wiki\/1935\">1935<\/a>) est une\u00a0<a href=\"https:\/\/fr.wikipedia.org\/wiki\/Math%C3%A9maticien\">math\u00e9maticienne<\/a>\u00a0<a href=\"https:\/\/fr.wikipedia.org\/wiki\/Allemagne\">allemande<\/a> sp\u00e9cialiste d&rsquo;<a href=\"https:\/\/fr.wikipedia.org\/wiki\/Alg%C3%A8bre_g%C3%A9n%C3%A9rale\">alg\u00e8bre abstraite<\/a>\u00a0et de\u00a0<a href=\"https:\/\/fr.wikipedia.org\/wiki\/Physique_th%C3%A9orique\">physique th\u00e9orique<\/a>. Consid\u00e9r\u00e9e par\u00a0<a href=\"https:\/\/fr.wikipedia.org\/wiki\/Albert_Einstein\">Albert Einstein<\/a>\u00a0comme\u00a0\u00ab\u00a0le g\u00e9nie math\u00e9matique cr\u00e9atif le plus consid\u00e9rable produit depuis que les femmes ont eu acc\u00e8s aux \u00e9tudes sup\u00e9rieures\u00a0\u00bb, elle a r\u00e9volutionn\u00e9 les th\u00e9ories des\u00a0<a href=\"https:\/\/fr.wikipedia.org\/wiki\/Anneau_unitaire\">anneaux<\/a>, des\u00a0<a href=\"https:\/\/fr.wikipedia.org\/wiki\/Corps_commutatif\">corps<\/a>\u00a0et des\u00a0<a href=\"https:\/\/fr.wikipedia.org\/wiki\/Alg%C3%A8bre_sur_un_corps\">alg\u00e8bres<\/a>. En physique, le\u00a0<a href=\"https:\/\/fr.wikipedia.org\/wiki\/Th%C3%A9or%C3%A8me_de_Noether_(physique)\">th\u00e9or\u00e8me de Noether<\/a>\u00a0explique le lien fondamental entre la\u00a0<a href=\"https:\/\/fr.wikipedia.org\/wiki\/Sym%C3%A9trie\">sym\u00e9trie<\/a>\u00a0et les\u00a0<a href=\"https:\/\/fr.wikipedia.org\/wiki\/Loi_de_conservation\">lois de conservation<\/a>\u00a0et est consid\u00e9r\u00e9 comme aussi important que la\u00a0<a href=\"https:\/\/fr.wikipedia.org\/wiki\/Th%C3%A9orie_de_la_relativit%C3%A9\">th\u00e9orie de la relativit\u00e9<\/a>.<\/strong><sup><a href=\"https:\/\/fr.wikipedia.org\/wiki\/Emmy_Noether#cite_note-1\"><\/a><\/sup><\/figcaption><\/figure>\n\n\n\n<figure class=\"wp-block-image size-full\"><img loading=\"lazy\" decoding=\"async\" width=\"1920\" height=\"1425\" src=\"https:\/\/etab.ac-reunion.fr\/clg-ravine-des-cabris\/wp-content\/uploads\/sites\/158\/2023\/03\/Capture-decran-2023-03-09-a-21.34.24.png\" alt=\"\" class=\"wp-image-2381\" srcset=\"https:\/\/etab.ac-reunion.fr\/clg-ravine-des-cabris\/wp-content\/uploads\/sites\/158\/2023\/03\/Capture-decran-2023-03-09-a-21.34.24.png 1920w, https:\/\/etab.ac-reunion.fr\/clg-ravine-des-cabris\/wp-content\/uploads\/sites\/158\/2023\/03\/Capture-decran-2023-03-09-a-21.34.24-800x594.png 800w, https:\/\/etab.ac-reunion.fr\/clg-ravine-des-cabris\/wp-content\/uploads\/sites\/158\/2023\/03\/Capture-decran-2023-03-09-a-21.34.24-768x570.png 768w, https:\/\/etab.ac-reunion.fr\/clg-ravine-des-cabris\/wp-content\/uploads\/sites\/158\/2023\/03\/Capture-decran-2023-03-09-a-21.34.24-1536x1140.png 1536w, https:\/\/etab.ac-reunion.fr\/clg-ravine-des-cabris\/wp-content\/uploads\/sites\/158\/2023\/03\/Capture-decran-2023-03-09-a-21.34.24-178x132.png 178w\" sizes=\"auto, (max-width: 1920px) 100vw, 1920px\" \/><figcaption class=\"wp-element-caption\"><strong>Clara Zetkin\u00a0(5 juillet 1857 \u2013 20 juin 1933) est une enseignante, journaliste et femme politique marxiste allemande, figure historique du f\u00e9minisme, plus pr\u00e9cis\u00e9ment du f\u00e9minisme socialiste. Apr\u00e8s avoir \u00e9t\u00e9 membre jusqu\u2019en 1917 de l\u2019aide gauche du SPD, elle rejoint l\u2019USPD (pacifistes) pour se retrouver dans le courant r\u00e9volutionnaire que constitue la Ligue spartakiste. Ce courant donne naissance pendant la r\u00e9volution allemande au Parti communiste d\u2019Allemagne (KPD), dont Clara Zetkin est d\u00e9put\u00e9e au Reichstag durant la R\u00e9publique de Weimar, de 1920 \u00e0 1933. Elle est \u00e0 l\u2019origine de la journ\u00e9e internationale des droits des femmes.<\/strong><\/figcaption><\/figure>\n\n\n\n<figure class=\"wp-block-image size-large\"><img loading=\"lazy\" decoding=\"async\" width=\"1430\" height=\"1920\" src=\"https:\/\/etab.ac-reunion.fr\/clg-ravine-des-cabris\/wp-content\/uploads\/sites\/158\/2023\/03\/Capture-decran-2023-03-09-a-21.34.41-1430x1920.png\" alt=\"\" class=\"wp-image-2380\" srcset=\"https:\/\/etab.ac-reunion.fr\/clg-ravine-des-cabris\/wp-content\/uploads\/sites\/158\/2023\/03\/Capture-decran-2023-03-09-a-21.34.41-1430x1920.png 1430w, https:\/\/etab.ac-reunion.fr\/clg-ravine-des-cabris\/wp-content\/uploads\/sites\/158\/2023\/03\/Capture-decran-2023-03-09-a-21.34.41-447x600.png 447w, https:\/\/etab.ac-reunion.fr\/clg-ravine-des-cabris\/wp-content\/uploads\/sites\/158\/2023\/03\/Capture-decran-2023-03-09-a-21.34.41-768x1031.png 768w, https:\/\/etab.ac-reunion.fr\/clg-ravine-des-cabris\/wp-content\/uploads\/sites\/158\/2023\/03\/Capture-decran-2023-03-09-a-21.34.41-1144x1536.png 1144w, https:\/\/etab.ac-reunion.fr\/clg-ravine-des-cabris\/wp-content\/uploads\/sites\/158\/2023\/03\/Capture-decran-2023-03-09-a-21.34.41-1525x2048.png 1525w, https:\/\/etab.ac-reunion.fr\/clg-ravine-des-cabris\/wp-content\/uploads\/sites\/158\/2023\/03\/Capture-decran-2023-03-09-a-21.34.41-98x132.png 98w, https:\/\/etab.ac-reunion.fr\/clg-ravine-des-cabris\/wp-content\/uploads\/sites\/158\/2023\/03\/Capture-decran-2023-03-09-a-21.34.41.png 1920w\" sizes=\"auto, (max-width: 1430px) 100vw, 1430px\" \/><figcaption class=\"wp-element-caption\"><strong>Gabriele M\u00fcnter\u00a0(19\u00a0<a href=\"https:\/\/fr.wikipedia.org\/wiki\/F%C3%A9vrier_1877\">f\u00e9vrier<\/a>\u00a0<a href=\"https:\/\/fr.wikipedia.org\/wiki\/1877\">1877<\/a>\u00a0&#8211;\u00a0 <a href=\"https:\/\/fr.wikipedia.org\/wiki\/19_mai\">19<\/a>\u00a0<a href=\"https:\/\/fr.wikipedia.org\/wiki\/Mai_1962\">mai<\/a>\u00a0<a href=\"https:\/\/fr.wikipedia.org\/wiki\/1962\">1962<\/a>) est une\u00a0<a href=\"https:\/\/fr.wikipedia.org\/wiki\/Artiste_peintre\">peintre<\/a>\u00a0<a href=\"https:\/\/fr.wikipedia.org\/wiki\/Allemagne\">allemande<\/a>\u00a0du\u00a0<a href=\"https:\/\/fr.wikipedia.org\/wiki\/Expressionnisme\">mouvement expressionniste<\/a>.<br>Elle est l&rsquo;une des repr\u00e9sentantes majeures de l&rsquo;avant-garde\u00a0<a href=\"https:\/\/fr.wikipedia.org\/wiki\/Munich\">munichoise<\/a>\u00a0du d\u00e9but du\u00a0<a href=\"https:\/\/fr.wikipedia.org\/wiki\/XXe_si%C3%A8cle\">xx<sup>e<\/sup>\u00a0si\u00e8cle<\/a>\u00a0en tant que membre du mouvement artistique\u00a0<a href=\"https:\/\/fr.wikipedia.org\/wiki\/Le_Cavalier_bleu\"><em>Der blaue Reiter<\/em><\/a>\u00a0(mouvement du Cavalier bleu).<\/strong><\/figcaption><\/figure>\n","protected":false},"excerpt":{"rendered":"","protected":false},"author":28090,"featured_media":2376,"comment_status":"closed","ping_status":"closed","sticky":false,"template":"","format":"standard","meta":{"footnotes":"","_links_to":"","_links_to_target":""},"categories":[35],"tags":[],"class_list":["post-2350","post","type-post","status-publish","format-standard","has-post-thumbnail","hentry","category-allemand"],"_links":{"self":[{"href":"https:\/\/etab.ac-reunion.fr\/clg-ravine-des-cabris\/wp-json\/wp\/v2\/posts\/2350","targetHints":{"allow":["GET"]}}],"collection":[{"href":"https:\/\/etab.ac-reunion.fr\/clg-ravine-des-cabris\/wp-json\/wp\/v2\/posts"}],"about":[{"href":"https:\/\/etab.ac-reunion.fr\/clg-ravine-des-cabris\/wp-json\/wp\/v2\/types\/post"}],"author":[{"embeddable":true,"href":"https:\/\/etab.ac-reunion.fr\/clg-ravine-des-cabris\/wp-json\/wp\/v2\/users\/28090"}],"replies":[{"embeddable":true,"href":"https:\/\/etab.ac-reunion.fr\/clg-ravine-des-cabris\/wp-json\/wp\/v2\/comments?post=2350"}],"version-history":[{"count":3,"href":"https:\/\/etab.ac-reunion.fr\/clg-ravine-des-cabris\/wp-json\/wp\/v2\/posts\/2350\/revisions"}],"predecessor-version":[{"id":2382,"href":"https:\/\/etab.ac-reunion.fr\/clg-ravine-des-cabris\/wp-json\/wp\/v2\/posts\/2350\/revisions\/2382"}],"wp:featuredmedia":[{"embeddable":true,"href":"https:\/\/etab.ac-reunion.fr\/clg-ravine-des-cabris\/wp-json\/wp\/v2\/media\/2376"}],"wp:attachment":[{"href":"https:\/\/etab.ac-reunion.fr\/clg-ravine-des-cabris\/wp-json\/wp\/v2\/media?parent=2350"}],"wp:term":[{"taxonomy":"category","embeddable":true,"href":"https:\/\/etab.ac-reunion.fr\/clg-ravine-des-cabris\/wp-json\/wp\/v2\/categories?post=2350"},{"taxonomy":"post_tag","embeddable":true,"href":"https:\/\/etab.ac-reunion.fr\/clg-ravine-des-cabris\/wp-json\/wp\/v2\/tags?post=2350"}],"curies":[{"name":"wp","href":"https:\/\/api.w.org\/{rel}","templated":true}]}}