{"id":2386,"date":"2023-04-10T18:13:48","date_gmt":"2023-04-10T16:13:48","guid":{"rendered":"https:\/\/etab.ac-reunion.fr\/clg-ravine-des-cabris\/?p=2386"},"modified":"2023-04-10T18:13:51","modified_gmt":"2023-04-10T16:13:51","slug":"lorchestre-du-college-de-la-ravine-des-cabris-la-reunion-concert-du-15-12-2022","status":"publish","type":"post","link":"https:\/\/etab.ac-reunion.fr\/clg-ravine-des-cabris\/2023\/04\/10\/lorchestre-du-college-de-la-ravine-des-cabris-la-reunion-concert-du-15-12-2022\/","title":{"rendered":"L&rsquo;orchestre du coll\u00e8ge de la Ravine des Cabris, La R\u00e9union, concert du 15\/12\/2022"},"content":{"rendered":"\n<div class=\"wp-block-cover\"><span aria-hidden=\"true\" class=\"wp-block-cover__background has-background-dim\"><\/span><img loading=\"lazy\" decoding=\"async\" width=\"1742\" height=\"836\" class=\"wp-block-cover__image-background wp-image-2387\" alt=\"\" src=\"https:\/\/etab.ac-reunion.fr\/clg-ravine-des-cabris\/wp-content\/uploads\/sites\/158\/2023\/04\/Capture-decran-2023-04-10-a-20.04.02.png\" data-object-fit=\"cover\" srcset=\"https:\/\/etab.ac-reunion.fr\/clg-ravine-des-cabris\/wp-content\/uploads\/sites\/158\/2023\/04\/Capture-decran-2023-04-10-a-20.04.02.png 1742w, https:\/\/etab.ac-reunion.fr\/clg-ravine-des-cabris\/wp-content\/uploads\/sites\/158\/2023\/04\/Capture-decran-2023-04-10-a-20.04.02-800x384.png 800w, https:\/\/etab.ac-reunion.fr\/clg-ravine-des-cabris\/wp-content\/uploads\/sites\/158\/2023\/04\/Capture-decran-2023-04-10-a-20.04.02-768x369.png 768w, https:\/\/etab.ac-reunion.fr\/clg-ravine-des-cabris\/wp-content\/uploads\/sites\/158\/2023\/04\/Capture-decran-2023-04-10-a-20.04.02-1536x737.png 1536w, https:\/\/etab.ac-reunion.fr\/clg-ravine-des-cabris\/wp-content\/uploads\/sites\/158\/2023\/04\/Capture-decran-2023-04-10-a-20.04.02-275x132.png 275w\" sizes=\"auto, (max-width: 1742px) 100vw, 1742px\" \/><div class=\"wp-block-cover__inner-container is-layout-flow wp-block-cover-is-layout-flow\">\n<p class=\"has-text-align-center has-large-font-size\">Depuis fin ao\u00fbt 2022, un orchestre \u00e0 l&rsquo;\u00e9cole est n\u00e9 au coll\u00e8ge de la Ravine des Cabris (Saint Pierre de la R\u00e9union). Quinze instruments nous ont \u00e9t\u00e9 pr\u00eat\u00e9s par la F.M.R. (F\u00e9d\u00e9ration Musicale de la R\u00e9union), deux intervenants enseignent le trombone&#8230;<a href=\"https:\/\/tube-arts-lettres-sciences-humaines.apps.education.fr\/w\/db96fa07-5304-424e-aa83-cd4c5a2f3585\" data-type=\"URL\" data-id=\"https:\/\/tube-arts-lettres-sciences-humaines.apps.education.fr\/w\/db96fa07-5304-424e-aa83-cd4c5a2f3585\">https:\/\/tube-arts-lettres-sciences-humaines.apps.education.fr\/w\/db96fa07-5304-424e-aa83-cd4c5a2f3585<\/a><\/p>\n<\/div><\/div>\n","protected":false},"excerpt":{"rendered":"","protected":false},"author":28090,"featured_media":2389,"comment_status":"closed","ping_status":"closed","sticky":false,"template":"","format":"standard","meta":{"footnotes":"","_links_to":"","_links_to_target":""},"categories":[28],"tags":[],"class_list":["post-2386","post","type-post","status-publish","format-standard","has-post-thumbnail","hentry","category-education-musicale"],"_links":{"self":[{"href":"https:\/\/etab.ac-reunion.fr\/clg-ravine-des-cabris\/wp-json\/wp\/v2\/posts\/2386","targetHints":{"allow":["GET"]}}],"collection":[{"href":"https:\/\/etab.ac-reunion.fr\/clg-ravine-des-cabris\/wp-json\/wp\/v2\/posts"}],"about":[{"href":"https:\/\/etab.ac-reunion.fr\/clg-ravine-des-cabris\/wp-json\/wp\/v2\/types\/post"}],"author":[{"embeddable":true,"href":"https:\/\/etab.ac-reunion.fr\/clg-ravine-des-cabris\/wp-json\/wp\/v2\/users\/28090"}],"replies":[{"embeddable":true,"href":"https:\/\/etab.ac-reunion.fr\/clg-ravine-des-cabris\/wp-json\/wp\/v2\/comments?post=2386"}],"version-history":[{"count":1,"href":"https:\/\/etab.ac-reunion.fr\/clg-ravine-des-cabris\/wp-json\/wp\/v2\/posts\/2386\/revisions"}],"predecessor-version":[{"id":2390,"href":"https:\/\/etab.ac-reunion.fr\/clg-ravine-des-cabris\/wp-json\/wp\/v2\/posts\/2386\/revisions\/2390"}],"wp:featuredmedia":[{"embeddable":true,"href":"https:\/\/etab.ac-reunion.fr\/clg-ravine-des-cabris\/wp-json\/wp\/v2\/media\/2389"}],"wp:attachment":[{"href":"https:\/\/etab.ac-reunion.fr\/clg-ravine-des-cabris\/wp-json\/wp\/v2\/media?parent=2386"}],"wp:term":[{"taxonomy":"category","embeddable":true,"href":"https:\/\/etab.ac-reunion.fr\/clg-ravine-des-cabris\/wp-json\/wp\/v2\/categories?post=2386"},{"taxonomy":"post_tag","embeddable":true,"href":"https:\/\/etab.ac-reunion.fr\/clg-ravine-des-cabris\/wp-json\/wp\/v2\/tags?post=2386"}],"curies":[{"name":"wp","href":"https:\/\/api.w.org\/{rel}","templated":true}]}}