{"id":2391,"date":"2023-04-12T12:21:18","date_gmt":"2023-04-12T10:21:18","guid":{"rendered":"https:\/\/etab.ac-reunion.fr\/clg-ravine-des-cabris\/?p=2391"},"modified":"2023-04-12T12:21:20","modified_gmt":"2023-04-12T10:21:20","slug":"concours-junk-kouture","status":"publish","type":"post","link":"https:\/\/etab.ac-reunion.fr\/clg-ravine-des-cabris\/2023\/04\/12\/concours-junk-kouture\/","title":{"rendered":"Concours Junk Kouture"},"content":{"rendered":"\n<p>Les \u00e9l\u00e8ves de l\u2019atelier d\u2019art portable de Mme Ch\u00e9neau-Ziegler ont particip\u00e9 au concours Junk Kouture 2023 en pr\u00e9sentant cette ann\u00e9e quatre tenues cr\u00e9\u00e9es en mat\u00e9riaux recyclables. \u00ab&nbsp;Nou l\u00e9 la&nbsp;\u00bb questionne les traditions cr\u00e9oles face \u00e0 la soci\u00e9t\u00e9 de consommation. \u00ab&nbsp;Mes tissages&nbsp;\u00bb \u00e9voque la double culture d\u2019une \u00e9l\u00e8ve en rendant hommage aux tresseuses. \u00ab&nbsp;Faux cul&nbsp;\u00bb et \u00ab&nbsp;La zourite&nbsp;\u00bb critiquent avec finesse la pollution de la nature par nos d\u00e9chets.<\/p>\n\n\n\n<p>Les quatre ont \u00e9t\u00e9 s\u00e9lectionn\u00e9es pour participer \u00e0 la finale nationale le 8 mai prochain&nbsp;!<\/p>\n\n\n\n<p>Junk Kouture est un concours cr\u00e9atif liant la mode et la durabilit\u00e9. Il met les jeunes de 13 \u00e0 18 ans au d\u00e9fi de concevoir, de cr\u00e9er et de pr\u00e9senter une tenue \u00e0 partir de mat\u00e9riaux 100% recycl\u00e9s. Chaque ann\u00e9e, des \u00e9l\u00e8ves d\u2019Irlande, du Royaume-Uni, des \u00c9tats-Unis, de France, d\u2019Espagne, de Belgique, d\u2019Italie et des \u00c9mirats arabes unis notamment, soumettent leurs cr\u00e9ations durables pour avoir une chance de participer aux finales organis\u00e9es dans des lieux embl\u00e9matiques \u00e0 Paris, Dublin, Londres, New York, Milan et Abu Dhabi. Les laur\u00e9ats participeront ensuite \u00e0 la finale mondiale de Junk Kouture \u00e0 Abu Dhabi, o\u00f9 60 finalistes mondiaux s\u2019affronteront sur une m\u00eame sc\u00e8ne pour le titre de \u201cDesigner mondial de l\u2019ann\u00e9e\u201d.<\/p>\n\n\n\n<p>L\u2019an dernier, notre coll\u00e8ge brilla en finale \u00e0 Paris, puis en finale mondiale avec la tenue d\u2019Alycia Grondin. Pour sa seconde participation, le coll\u00e8ge ravine des cabris renouv\u00e8le deux exploits&nbsp;: \u00eatre le seul \u00e9tablissement d\u2019Outre-mer \u00e0 avoir \u00e9t\u00e9 s\u00e9lectionn\u00e9 et avoir les cr\u00e9atrices benjamines de ce concours difficile.<\/p>\n\n\n\n<p>Souhaitons leur bonne chance pour repr\u00e9senter les couleurs de la R\u00e9union\u00a0! La finale sera retransmise en direct sur Youtube le 8 mai 2023 \u00e0 21h (heure R\u00e9union).<\/p>\n\n\n\n<figure class=\"wp-block-gallery has-nested-images columns-1 is-cropped wp-block-gallery-1 is-layout-flex wp-block-gallery-is-layout-flex\">\n<figure class=\"wp-block-image size-full\"><a href=\"https:\/\/etab.ac-reunion.fr\/clg-ravine-des-cabris\/wp-content\/uploads\/sites\/158\/2023\/04\/nou-le-la-montage-min.jpg\"><img loading=\"lazy\" decoding=\"async\" width=\"1920\" height=\"1762\" data-id=\"2395\" src=\"https:\/\/etab.ac-reunion.fr\/clg-ravine-des-cabris\/wp-content\/uploads\/sites\/158\/2023\/04\/nou-le-la-montage-min.jpg\" alt=\"\" class=\"wp-image-2395\" srcset=\"https:\/\/etab.ac-reunion.fr\/clg-ravine-des-cabris\/wp-content\/uploads\/sites\/158\/2023\/04\/nou-le-la-montage-min.jpg 1920w, https:\/\/etab.ac-reunion.fr\/clg-ravine-des-cabris\/wp-content\/uploads\/sites\/158\/2023\/04\/nou-le-la-montage-min-654x600.jpg 654w, https:\/\/etab.ac-reunion.fr\/clg-ravine-des-cabris\/wp-content\/uploads\/sites\/158\/2023\/04\/nou-le-la-montage-min-768x705.jpg 768w, https:\/\/etab.ac-reunion.fr\/clg-ravine-des-cabris\/wp-content\/uploads\/sites\/158\/2023\/04\/nou-le-la-montage-min-1536x1410.jpg 1536w, https:\/\/etab.ac-reunion.fr\/clg-ravine-des-cabris\/wp-content\/uploads\/sites\/158\/2023\/04\/nou-le-la-montage-min-144x132.jpg 144w\" sizes=\"auto, (max-width: 1920px) 100vw, 1920px\" \/><\/a><\/figure>\n\n\n\n<figure class=\"wp-block-image size-large\"><a href=\"https:\/\/etab.ac-reunion.fr\/clg-ravine-des-cabris\/wp-content\/uploads\/sites\/158\/2023\/04\/mes-tissages-montage-min.jpg\"><img loading=\"lazy\" decoding=\"async\" width=\"1920\" height=\"961\" data-id=\"2392\" src=\"https:\/\/etab.ac-reunion.fr\/clg-ravine-des-cabris\/wp-content\/uploads\/sites\/158\/2023\/04\/mes-tissages-montage-min.jpg\" alt=\"\" class=\"wp-image-2392\" srcset=\"https:\/\/etab.ac-reunion.fr\/clg-ravine-des-cabris\/wp-content\/uploads\/sites\/158\/2023\/04\/mes-tissages-montage-min.jpg 1920w, https:\/\/etab.ac-reunion.fr\/clg-ravine-des-cabris\/wp-content\/uploads\/sites\/158\/2023\/04\/mes-tissages-montage-min-800x400.jpg 800w, https:\/\/etab.ac-reunion.fr\/clg-ravine-des-cabris\/wp-content\/uploads\/sites\/158\/2023\/04\/mes-tissages-montage-min-768x384.jpg 768w, https:\/\/etab.ac-reunion.fr\/clg-ravine-des-cabris\/wp-content\/uploads\/sites\/158\/2023\/04\/mes-tissages-montage-min-1536x769.jpg 1536w, https:\/\/etab.ac-reunion.fr\/clg-ravine-des-cabris\/wp-content\/uploads\/sites\/158\/2023\/04\/mes-tissages-montage-min-264x132.jpg 264w\" sizes=\"auto, (max-width: 1920px) 100vw, 1920px\" \/><\/a><\/figure>\n\n\n\n<figure class=\"wp-block-image size-large\"><a href=\"https:\/\/etab.ac-reunion.fr\/clg-ravine-des-cabris\/wp-content\/uploads\/sites\/158\/2023\/04\/faux-cul-montage.jpg\"><img loading=\"lazy\" decoding=\"async\" width=\"1920\" height=\"1619\" data-id=\"2394\" src=\"https:\/\/etab.ac-reunion.fr\/clg-ravine-des-cabris\/wp-content\/uploads\/sites\/158\/2023\/04\/faux-cul-montage.jpg\" alt=\"\" class=\"wp-image-2394\" srcset=\"https:\/\/etab.ac-reunion.fr\/clg-ravine-des-cabris\/wp-content\/uploads\/sites\/158\/2023\/04\/faux-cul-montage.jpg 1920w, https:\/\/etab.ac-reunion.fr\/clg-ravine-des-cabris\/wp-content\/uploads\/sites\/158\/2023\/04\/faux-cul-montage-712x600.jpg 712w, https:\/\/etab.ac-reunion.fr\/clg-ravine-des-cabris\/wp-content\/uploads\/sites\/158\/2023\/04\/faux-cul-montage-768x648.jpg 768w, https:\/\/etab.ac-reunion.fr\/clg-ravine-des-cabris\/wp-content\/uploads\/sites\/158\/2023\/04\/faux-cul-montage-1536x1295.jpg 1536w, https:\/\/etab.ac-reunion.fr\/clg-ravine-des-cabris\/wp-content\/uploads\/sites\/158\/2023\/04\/faux-cul-montage-157x132.jpg 157w\" sizes=\"auto, (max-width: 1920px) 100vw, 1920px\" \/><\/a><\/figure>\n\n\n\n<figure class=\"wp-block-image size-large\"><a href=\"https:\/\/etab.ac-reunion.fr\/clg-ravine-des-cabris\/wp-content\/uploads\/sites\/158\/2023\/04\/la-zourite-montage-min-1.jpg\"><img loading=\"lazy\" decoding=\"async\" width=\"1920\" height=\"973\" data-id=\"2393\" src=\"https:\/\/etab.ac-reunion.fr\/clg-ravine-des-cabris\/wp-content\/uploads\/sites\/158\/2023\/04\/la-zourite-montage-min-1.jpg\" alt=\"\" class=\"wp-image-2393\" srcset=\"https:\/\/etab.ac-reunion.fr\/clg-ravine-des-cabris\/wp-content\/uploads\/sites\/158\/2023\/04\/la-zourite-montage-min-1.jpg 1920w, https:\/\/etab.ac-reunion.fr\/clg-ravine-des-cabris\/wp-content\/uploads\/sites\/158\/2023\/04\/la-zourite-montage-min-1-800x405.jpg 800w, https:\/\/etab.ac-reunion.fr\/clg-ravine-des-cabris\/wp-content\/uploads\/sites\/158\/2023\/04\/la-zourite-montage-min-1-768x389.jpg 768w, https:\/\/etab.ac-reunion.fr\/clg-ravine-des-cabris\/wp-content\/uploads\/sites\/158\/2023\/04\/la-zourite-montage-min-1-1536x778.jpg 1536w, https:\/\/etab.ac-reunion.fr\/clg-ravine-des-cabris\/wp-content\/uploads\/sites\/158\/2023\/04\/la-zourite-montage-min-1-260x132.jpg 260w\" sizes=\"auto, (max-width: 1920px) 100vw, 1920px\" \/><\/a><\/figure>\n<\/figure>\n","protected":false},"excerpt":{"rendered":"","protected":false},"author":28090,"featured_media":2181,"comment_status":"closed","ping_status":"closed","sticky":false,"template":"","format":"standard","meta":{"footnotes":"","_links_to":"","_links_to_target":""},"categories":[32],"tags":[],"class_list":["post-2391","post","type-post","status-publish","format-standard","has-post-thumbnail","hentry","category-arts-plastiques"],"_links":{"self":[{"href":"https:\/\/etab.ac-reunion.fr\/clg-ravine-des-cabris\/wp-json\/wp\/v2\/posts\/2391","targetHints":{"allow":["GET"]}}],"collection":[{"href":"https:\/\/etab.ac-reunion.fr\/clg-ravine-des-cabris\/wp-json\/wp\/v2\/posts"}],"about":[{"href":"https:\/\/etab.ac-reunion.fr\/clg-ravine-des-cabris\/wp-json\/wp\/v2\/types\/post"}],"author":[{"embeddable":true,"href":"https:\/\/etab.ac-reunion.fr\/clg-ravine-des-cabris\/wp-json\/wp\/v2\/users\/28090"}],"replies":[{"embeddable":true,"href":"https:\/\/etab.ac-reunion.fr\/clg-ravine-des-cabris\/wp-json\/wp\/v2\/comments?post=2391"}],"version-history":[{"count":1,"href":"https:\/\/etab.ac-reunion.fr\/clg-ravine-des-cabris\/wp-json\/wp\/v2\/posts\/2391\/revisions"}],"predecessor-version":[{"id":2396,"href":"https:\/\/etab.ac-reunion.fr\/clg-ravine-des-cabris\/wp-json\/wp\/v2\/posts\/2391\/revisions\/2396"}],"wp:featuredmedia":[{"embeddable":true,"href":"https:\/\/etab.ac-reunion.fr\/clg-ravine-des-cabris\/wp-json\/wp\/v2\/media\/2181"}],"wp:attachment":[{"href":"https:\/\/etab.ac-reunion.fr\/clg-ravine-des-cabris\/wp-json\/wp\/v2\/media?parent=2391"}],"wp:term":[{"taxonomy":"category","embeddable":true,"href":"https:\/\/etab.ac-reunion.fr\/clg-ravine-des-cabris\/wp-json\/wp\/v2\/categories?post=2391"},{"taxonomy":"post_tag","embeddable":true,"href":"https:\/\/etab.ac-reunion.fr\/clg-ravine-des-cabris\/wp-json\/wp\/v2\/tags?post=2391"}],"curies":[{"name":"wp","href":"https:\/\/api.w.org\/{rel}","templated":true}]}}