{"id":2502,"date":"2023-04-14T14:38:05","date_gmt":"2023-04-14T12:38:05","guid":{"rendered":"https:\/\/etab.ac-reunion.fr\/clg-ravine-des-cabris\/?p=2502"},"modified":"2026-01-23T13:44:36","modified_gmt":"2026-01-23T12:44:36","slug":"information-festival-komidi","status":"publish","type":"post","link":"https:\/\/etab.ac-reunion.fr\/clg-ravine-des-cabris\/2023\/04\/14\/information-festival-komidi\/","title":{"rendered":"information festival KOMIDI"},"content":{"rendered":"\n<div class=\"wp-block-media-text alignwide is-stacked-on-mobile\"><figure class=\"wp-block-media-text__media\"><img loading=\"lazy\" decoding=\"async\" width=\"1920\" height=\"1080\" src=\"https:\/\/etab.ac-reunion.fr\/clg-ravine-des-cabris\/wp-content\/uploads\/sites\/158\/2023\/04\/Page-daccueil-copie.jpg\" alt=\"\" class=\"wp-image-2503 size-full\" srcset=\"https:\/\/etab.ac-reunion.fr\/clg-ravine-des-cabris\/wp-content\/uploads\/sites\/158\/2023\/04\/Page-daccueil-copie.jpg 1920w, https:\/\/etab.ac-reunion.fr\/clg-ravine-des-cabris\/wp-content\/uploads\/sites\/158\/2023\/04\/Page-daccueil-copie-800x450.jpg 800w, https:\/\/etab.ac-reunion.fr\/clg-ravine-des-cabris\/wp-content\/uploads\/sites\/158\/2023\/04\/Page-daccueil-copie-768x432.jpg 768w, https:\/\/etab.ac-reunion.fr\/clg-ravine-des-cabris\/wp-content\/uploads\/sites\/158\/2023\/04\/Page-daccueil-copie-1536x864.jpg 1536w, https:\/\/etab.ac-reunion.fr\/clg-ravine-des-cabris\/wp-content\/uploads\/sites\/158\/2023\/04\/Page-daccueil-copie-235x132.jpg 235w\" sizes=\"auto, (max-width: 1920px) 100vw, 1920px\" \/><\/figure><div class=\"wp-block-media-text__content\">\n<p>Cette ann\u00e9e l\u2019association Komidi f\u00eate sa 15<sup>\u00e8me<\/sup>&nbsp;\u00e9dition.\u200bLe but de ce festival est de proposer des spectacles de th\u00e9\u00e2tre r\u00e9unionnais, m\u00e9tropolitains et internationaux (cette ann\u00e9e Belgique et Allemagne) aux plus grands nombres \u00e0 un tarif bas pour tout public.Le festival est gratuit pour les scolaires.Dans le r\u00e9seau de la Ravine des Cabris,&nbsp; 6 classes du coll\u00e8ge, 5 classes de Pablo Picasso et 6 classes de Jean Paul Sartre y participent.<br>Ci dessous, le lien du livret avec l\u2019ensemble des spectacles propos\u00e9s cette ann\u00e9e<a href=\"https:\/\/komidi.re\/un-coup-doeil-sur-le-livret-2023\/\">https:\/\/komidi.re\/un-coup-doeil-sur-le-livret-2023\/<\/a><\/p>\n<\/div><\/div>\n","protected":false},"excerpt":{"rendered":"","protected":false},"author":28090,"featured_media":2507,"comment_status":"closed","ping_status":"closed","sticky":false,"template":"","format":"standard","meta":{"footnotes":"","_links_to":"","_links_to_target":""},"categories":[75,6],"tags":[],"class_list":["post-2502","post","type-post","status-publish","format-standard","has-post-thumbnail","hentry","category-actions-reseau-rep","category-reseau-rep"],"_links":{"self":[{"href":"https:\/\/etab.ac-reunion.fr\/clg-ravine-des-cabris\/wp-json\/wp\/v2\/posts\/2502","targetHints":{"allow":["GET"]}}],"collection":[{"href":"https:\/\/etab.ac-reunion.fr\/clg-ravine-des-cabris\/wp-json\/wp\/v2\/posts"}],"about":[{"href":"https:\/\/etab.ac-reunion.fr\/clg-ravine-des-cabris\/wp-json\/wp\/v2\/types\/post"}],"author":[{"embeddable":true,"href":"https:\/\/etab.ac-reunion.fr\/clg-ravine-des-cabris\/wp-json\/wp\/v2\/users\/28090"}],"replies":[{"embeddable":true,"href":"https:\/\/etab.ac-reunion.fr\/clg-ravine-des-cabris\/wp-json\/wp\/v2\/comments?post=2502"}],"version-history":[{"count":2,"href":"https:\/\/etab.ac-reunion.fr\/clg-ravine-des-cabris\/wp-json\/wp\/v2\/posts\/2502\/revisions"}],"predecessor-version":[{"id":2508,"href":"https:\/\/etab.ac-reunion.fr\/clg-ravine-des-cabris\/wp-json\/wp\/v2\/posts\/2502\/revisions\/2508"}],"wp:featuredmedia":[{"embeddable":true,"href":"https:\/\/etab.ac-reunion.fr\/clg-ravine-des-cabris\/wp-json\/wp\/v2\/media\/2507"}],"wp:attachment":[{"href":"https:\/\/etab.ac-reunion.fr\/clg-ravine-des-cabris\/wp-json\/wp\/v2\/media?parent=2502"}],"wp:term":[{"taxonomy":"category","embeddable":true,"href":"https:\/\/etab.ac-reunion.fr\/clg-ravine-des-cabris\/wp-json\/wp\/v2\/categories?post=2502"},{"taxonomy":"post_tag","embeddable":true,"href":"https:\/\/etab.ac-reunion.fr\/clg-ravine-des-cabris\/wp-json\/wp\/v2\/tags?post=2502"}],"curies":[{"name":"wp","href":"https:\/\/api.w.org\/{rel}","templated":true}]}}