{"id":256,"date":"2020-10-29T07:00:40","date_gmt":"2020-10-29T06:00:40","guid":{"rendered":"http:\/\/college-ravinedescabris-tmp.ac-reunion.fr\/?p=256"},"modified":"2020-10-29T07:00:44","modified_gmt":"2020-10-29T06:00:44","slug":"la-reunion-ma-reunion-au-temps-du-confinement","status":"publish","type":"post","link":"https:\/\/etab.ac-reunion.fr\/clg-ravine-des-cabris\/2020\/10\/29\/la-reunion-ma-reunion-au-temps-du-confinement\/","title":{"rendered":"La R\u00e9union, ma R\u00e9union au temps du confinement"},"content":{"rendered":"\n<p>Pendant le confinement, les \u00e9l\u00e8ves\u00a0 de tout niveau (cycle 3-4 et lyc\u00e9e) ont \u00e9t\u00e9 invit\u00e9s \u00e0 participer \u00e0 un projet d\u2019\u00e9criture intitul\u00e9 -\u00ab La R\u00e9union- Ma R\u00e9union pendant le confinement \u00bb, projet pilot\u00e9 par l\u2019Acad\u00e9mie de la R\u00e9union et\u00a0 les \u00e9ditions l\u2019Harmattan. Certains coll\u00e9giens de la Ravine des Cabris ont adh\u00e9r\u00e9 \u00e0 ce projet en envoyant leur\u00a0 texte. Deux \u00e9l\u00e8ves, Romane Hoareau (4eme Pasteur) et Coline Valade (4eme Velazquez),ont vu leur r\u00e9cit publi\u00e9 dans un e-book\u00a0 \u00e9dit\u00e9 par l\u2019Harmattan. Bravo \u00e0 elles ! Vous pouvez lire leur texte ci-dessous.<\/p>\n\n\n<a href=\"https:\/\/wpetab.ac-reunion.fr\/ravinedescabris\/wp-content\/uploads\/sites\/158\/2020\/10\/publication-confinement-Romane.pdf\" class=\"pdfemb-viewer\" style=\"\" data-width=\"max\" data-height=\"max\" data-toolbar=\"both\" data-toolbar-fixed=\"on\">publication-confinement-Romane<\/a>\n<p class=\"wp-block-pdfemb-pdf-embedder-viewer\"><\/p>\n\n\n\n<hr class=\"wp-block-separator\" \/>\n\n\n<a href=\"https:\/\/wpetab.ac-reunion.fr\/ravinedescabris\/wp-content\/uploads\/sites\/158\/2020\/10\/publication-confinement-Coline.pdf\" class=\"pdfemb-viewer\" style=\"\" data-width=\"max\" data-height=\"max\" data-toolbar=\"both\" data-toolbar-fixed=\"on\">publication-confinement-Coline<\/a>\n<p class=\"wp-block-pdfemb-pdf-embedder-viewer\"><\/p>\n","protected":false},"excerpt":{"rendered":"","protected":false},"author":27941,"featured_media":261,"comment_status":"closed","ping_status":"closed","sticky":false,"template":"","format":"standard","meta":{"footnotes":"","_links_to":"","_links_to_target":""},"categories":[30,17,18],"tags":[],"class_list":["post-256","post","type-post","status-publish","format-standard","has-post-thumbnail","hentry","category-continuite-pedagogique","category-francais-latin","category-histoire-geographie-emc"],"_links":{"self":[{"href":"https:\/\/etab.ac-reunion.fr\/clg-ravine-des-cabris\/wp-json\/wp\/v2\/posts\/256","targetHints":{"allow":["GET"]}}],"collection":[{"href":"https:\/\/etab.ac-reunion.fr\/clg-ravine-des-cabris\/wp-json\/wp\/v2\/posts"}],"about":[{"href":"https:\/\/etab.ac-reunion.fr\/clg-ravine-des-cabris\/wp-json\/wp\/v2\/types\/post"}],"author":[{"embeddable":true,"href":"https:\/\/etab.ac-reunion.fr\/clg-ravine-des-cabris\/wp-json\/wp\/v2\/users\/27941"}],"replies":[{"embeddable":true,"href":"https:\/\/etab.ac-reunion.fr\/clg-ravine-des-cabris\/wp-json\/wp\/v2\/comments?post=256"}],"version-history":[{"count":3,"href":"https:\/\/etab.ac-reunion.fr\/clg-ravine-des-cabris\/wp-json\/wp\/v2\/posts\/256\/revisions"}],"predecessor-version":[{"id":874,"href":"https:\/\/etab.ac-reunion.fr\/clg-ravine-des-cabris\/wp-json\/wp\/v2\/posts\/256\/revisions\/874"}],"wp:featuredmedia":[{"embeddable":true,"href":"https:\/\/etab.ac-reunion.fr\/clg-ravine-des-cabris\/wp-json\/wp\/v2\/media\/261"}],"wp:attachment":[{"href":"https:\/\/etab.ac-reunion.fr\/clg-ravine-des-cabris\/wp-json\/wp\/v2\/media?parent=256"}],"wp:term":[{"taxonomy":"category","embeddable":true,"href":"https:\/\/etab.ac-reunion.fr\/clg-ravine-des-cabris\/wp-json\/wp\/v2\/categories?post=256"},{"taxonomy":"post_tag","embeddable":true,"href":"https:\/\/etab.ac-reunion.fr\/clg-ravine-des-cabris\/wp-json\/wp\/v2\/tags?post=256"}],"curies":[{"name":"wp","href":"https:\/\/api.w.org\/{rel}","templated":true}]}}