{"id":2644,"date":"2023-04-30T09:29:43","date_gmt":"2023-04-30T07:29:43","guid":{"rendered":"https:\/\/etab.ac-reunion.fr\/clg-ravine-des-cabris\/?p=2644"},"modified":"2023-04-30T09:49:52","modified_gmt":"2023-04-30T07:49:52","slug":"espagnol-semaine-des-langues","status":"publish","type":"post","link":"https:\/\/etab.ac-reunion.fr\/clg-ravine-des-cabris\/2023\/04\/30\/espagnol-semaine-des-langues\/","title":{"rendered":"Espagnol : semaine des langues"},"content":{"rendered":"\n<blockquote class=\"wp-block-quote is-layout-flow wp-block-quote-is-layout-flow\">\n<blockquote class=\"wp-block-quote is-layout-flow wp-block-quote-is-layout-flow\">\n<blockquote class=\"wp-block-quote is-layout-flow wp-block-quote-is-layout-flow\">\n<p class=\"has-accent-2-color has-text-color has-large-font-size\"><strong>\u00a1Flamenco!<\/strong><br>Dans le cadre de la Semaine des langues, le 6 avril dernier, les \u00e9l\u00e8ves de bilangue espagnol ainsi que d\u2019autres groupes, ont d\u00e9couvert le flamenco et y ont \u00e9t\u00e9 initi\u00e9s.<br>Barbara Rodrigues, danseuse professionnelle de flamenco de l\u2019association La isle\u00f1a, a assur\u00e9 un spectacle au gymnase (au programme Sevillanas, Sole\u00e1 por buler\u00edas, Tangos) suivi d\u2019un atelier \u00ab palmas \u00bb (rythmes de battements de mains) avec les \u00e9l\u00e8ves et d\u2019une initiation au \u00ab baile por Tangos \u00bb (danse).<br>Des moments d\u2019apprentissage, de convivialit\u00e9 et de partage o\u00f9 nos \u00e9l\u00e8ves se sont essay\u00e9s au rythme et \u00e0 la danse et se sont impliqu\u00e9s avec beaucoup d\u2019enthousiasme\u2026 \u00a1Ol\u00e9!<br>Bravo et merci \u00e0 eux, merci \u00e0 tous les professeurs qui y ont particip\u00e9, particuli\u00e8rement \u00e0 M.Subileau pour son aide pr\u00e9cieuse et \u00e0 Barbara pour son professionnalisme, sa g\u00e9n\u00e9rosit\u00e9 et ce beau \u00ab voyage \u00bb dans la culture andalouse!<br>Voici quelques ressentis des \u00e9l\u00e8ves de la 4\u00e8 bilangue:<br>\u00abTr\u00e8s belle d\u00e9couverte, dur \u00e0 apprendre, franchement respect \u00e0 Barbara! \u00bb, Soan.<br>\u00ab Merci Barbara pour cette initiation, j\u2019ai ador\u00e9, c\u2019\u00e9tait trop bien ! \u00bb, Nathan.<br>\u00ab Moment tr\u00e8s amusant et instructif. J\u2019ai bien aim\u00e9 voir du flamenco pour la premi\u00e8re fois et en plus avoir eu la chance d\u2019avoir pu faire quelques pas de danse. Elle dansait super bien! \u00bb, Alexia.<br>\u00ab C\u2019\u00e9tait bien de voir comment c\u2019est le flamenco. M\u00eame si c\u2019\u00e9tait dur, c\u2019\u00e9tait sympa! \u00bb, Isma\u00ebl.<br>\u00ab C\u2019\u00e9tait une belle d\u00e9couverte. J\u2019ai appris de nouvelles choses. La danseuse \u00e9tait tr\u00e8s belle et tr\u00e8s sympathique. Elle nous a bien expliqu\u00e9 comment faire les pas \u00bb, Kaylliah.<br>\u00ab J\u2019ai aim\u00e9 cette initiation culturelle, c\u2019\u00e9tait tr\u00e8s amusant et dr\u00f4le ! Une heure de d\u00e9couverte du flamenco, une danse originale. Ce spectacle m\u2019a donn\u00e9 une autre image du flamenco \u00bb, Capucine.<br>\u00ab C\u2019\u00e9tait tr\u00e8s sympa, instructif et amusant. J\u2019ai beaucoup aim\u00e9 ! La danse \u00e9tait tr\u00e8s jolie. C\u2019est \u00e0 revoir! \u00bb, Juliette.<br>\u00ab Je trouve que c\u2019\u00e9tait une belle exp\u00e9rience, elle dansait super bien. Quand on a appris quelques pas, je trouvais \u00e7a sympa \u00bb, Lisa.<br>\u00ab C\u2019\u00e9tait vraiment passionnant de d\u00e9couvrir cette danse. J\u2019esp\u00e8re que l\u2019ann\u00e9e prochaine, nous d\u00e9couvrirons encore des choses sur le flamenco \u00bb, Ericka.<br>Voici enfin quelques vid\u00e9os et photos de cette apr\u00e8s-midi andalouse :<\/p>\n<\/blockquote>\n<\/blockquote>\n<\/blockquote>\n\n\n\n<figure class=\"wp-block-video\"><video height=\"576\" style=\"aspect-ratio: 1024 \/ 576;\" width=\"1024\" controls src=\"https:\/\/etab.ac-reunion.fr\/clg-ravine-des-cabris\/wp-content\/uploads\/sites\/158\/2023\/04\/Semaine-des-langues-au-College-de-la-Ravine-des-Cabris-Avril-2023-1-1.mp4\"><\/video><\/figure>\n","protected":false},"excerpt":{"rendered":"","protected":false},"author":28090,"featured_media":2227,"comment_status":"closed","ping_status":"closed","sticky":false,"template":"","format":"standard","meta":{"footnotes":"","_links_to":"","_links_to_target":""},"categories":[16],"tags":[],"class_list":["post-2644","post","type-post","status-publish","format-standard","has-post-thumbnail","hentry","category-espagnol"],"_links":{"self":[{"href":"https:\/\/etab.ac-reunion.fr\/clg-ravine-des-cabris\/wp-json\/wp\/v2\/posts\/2644","targetHints":{"allow":["GET"]}}],"collection":[{"href":"https:\/\/etab.ac-reunion.fr\/clg-ravine-des-cabris\/wp-json\/wp\/v2\/posts"}],"about":[{"href":"https:\/\/etab.ac-reunion.fr\/clg-ravine-des-cabris\/wp-json\/wp\/v2\/types\/post"}],"author":[{"embeddable":true,"href":"https:\/\/etab.ac-reunion.fr\/clg-ravine-des-cabris\/wp-json\/wp\/v2\/users\/28090"}],"replies":[{"embeddable":true,"href":"https:\/\/etab.ac-reunion.fr\/clg-ravine-des-cabris\/wp-json\/wp\/v2\/comments?post=2644"}],"version-history":[{"count":5,"href":"https:\/\/etab.ac-reunion.fr\/clg-ravine-des-cabris\/wp-json\/wp\/v2\/posts\/2644\/revisions"}],"predecessor-version":[{"id":2656,"href":"https:\/\/etab.ac-reunion.fr\/clg-ravine-des-cabris\/wp-json\/wp\/v2\/posts\/2644\/revisions\/2656"}],"wp:featuredmedia":[{"embeddable":true,"href":"https:\/\/etab.ac-reunion.fr\/clg-ravine-des-cabris\/wp-json\/wp\/v2\/media\/2227"}],"wp:attachment":[{"href":"https:\/\/etab.ac-reunion.fr\/clg-ravine-des-cabris\/wp-json\/wp\/v2\/media?parent=2644"}],"wp:term":[{"taxonomy":"category","embeddable":true,"href":"https:\/\/etab.ac-reunion.fr\/clg-ravine-des-cabris\/wp-json\/wp\/v2\/categories?post=2644"},{"taxonomy":"post_tag","embeddable":true,"href":"https:\/\/etab.ac-reunion.fr\/clg-ravine-des-cabris\/wp-json\/wp\/v2\/tags?post=2644"}],"curies":[{"name":"wp","href":"https:\/\/api.w.org\/{rel}","templated":true}]}}