{"id":2657,"date":"2023-05-09T20:43:19","date_gmt":"2023-05-09T18:43:19","guid":{"rendered":"https:\/\/etab.ac-reunion.fr\/clg-ravine-des-cabris\/?p=2657"},"modified":"2023-05-09T20:43:21","modified_gmt":"2023-05-09T18:43:21","slug":"journee-des-cordees-de-la-reussite","status":"publish","type":"post","link":"https:\/\/etab.ac-reunion.fr\/clg-ravine-des-cabris\/2023\/05\/09\/journee-des-cordees-de-la-reussite\/","title":{"rendered":"<strong>Journ\u00e9e des cord\u00e9es de la R\u00e9ussite<\/strong>"},"content":{"rendered":"\n<div class=\"wp-block-media-text alignwide is-stacked-on-mobile\"><figure class=\"wp-block-media-text__media\"><img loading=\"lazy\" decoding=\"async\" width=\"606\" height=\"424\" src=\"https:\/\/etab.ac-reunion.fr\/clg-ravine-des-cabris\/wp-content\/uploads\/sites\/158\/2023\/05\/Capture-decran-2023-05-09-a-22.36.11.png\" alt=\"\" class=\"wp-image-2658 size-full\" srcset=\"https:\/\/etab.ac-reunion.fr\/clg-ravine-des-cabris\/wp-content\/uploads\/sites\/158\/2023\/05\/Capture-decran-2023-05-09-a-22.36.11.png 606w, https:\/\/etab.ac-reunion.fr\/clg-ravine-des-cabris\/wp-content\/uploads\/sites\/158\/2023\/05\/Capture-decran-2023-05-09-a-22.36.11-189x132.png 189w\" sizes=\"auto, (max-width: 606px) 100vw, 606px\" \/><\/figure><div class=\"wp-block-media-text__content\">\n<p class=\"has-sitebg-color has-sitetext-background-color has-text-color has-background\">Le jeudi 13 avril, les 18 \u00e9l\u00e8ves de 3\u00e8me de la cord\u00e9e de la r\u00e9ussite \u00ab&nbsp;Avenir ing\u00e9nieur&nbsp;\u00bb, se sont rendus au lyc\u00e9e Lislet Geoffroy \u00e0 St Denis avec Mme Cobian. Plusieurs coll\u00e8ges \u00e9taient repr\u00e9sent\u00e9s. La journ\u00e9e a \u00e9t\u00e9 ponctu\u00e9e de petits ateliers permettant de d\u00e9couvrir des fili\u00e8res de poursuites d\u2019\u00e9tudes&nbsp;: les m\u00e9tiers du num\u00e9rique, atelier neurosciences, atelier sciences de l\u2019ing\u00e9nieur, atelier sciences et techniques de laboratoire, atelier th\u00e9\u00e2tre, atelier graff, mixit\u00e9, e-sport, imprimante 3D\u2026 Les \u00e9l\u00e8ves sont repartis contents et enrichis.<\/p>\n\n\n\n<p>NB&nbsp;: Si vous \u00eates en classe de 4\u00e8me et que vous souhaitez faire partie de cette cord\u00e9e de la r\u00e9ussite l\u2019an prochain, parlez-en d\u00e8s la rentr\u00e9e \u00e0 votre prof de SVT Mme Cobian ou Mme Brancieq. Vous pourrez ainsi faire des mini stages au lyc\u00e9e bois d\u2019Olive&nbsp;!<\/p>\n<\/div><\/div>\n","protected":false},"excerpt":{"rendered":"","protected":false},"author":28090,"featured_media":2659,"comment_status":"closed","ping_status":"closed","sticky":false,"template":"","format":"standard","meta":{"footnotes":"","_links_to":"","_links_to_target":""},"categories":[22],"tags":[],"class_list":["post-2657","post","type-post","status-publish","format-standard","has-post-thumbnail","hentry","category-s-v-t-physique"],"_links":{"self":[{"href":"https:\/\/etab.ac-reunion.fr\/clg-ravine-des-cabris\/wp-json\/wp\/v2\/posts\/2657","targetHints":{"allow":["GET"]}}],"collection":[{"href":"https:\/\/etab.ac-reunion.fr\/clg-ravine-des-cabris\/wp-json\/wp\/v2\/posts"}],"about":[{"href":"https:\/\/etab.ac-reunion.fr\/clg-ravine-des-cabris\/wp-json\/wp\/v2\/types\/post"}],"author":[{"embeddable":true,"href":"https:\/\/etab.ac-reunion.fr\/clg-ravine-des-cabris\/wp-json\/wp\/v2\/users\/28090"}],"replies":[{"embeddable":true,"href":"https:\/\/etab.ac-reunion.fr\/clg-ravine-des-cabris\/wp-json\/wp\/v2\/comments?post=2657"}],"version-history":[{"count":1,"href":"https:\/\/etab.ac-reunion.fr\/clg-ravine-des-cabris\/wp-json\/wp\/v2\/posts\/2657\/revisions"}],"predecessor-version":[{"id":2660,"href":"https:\/\/etab.ac-reunion.fr\/clg-ravine-des-cabris\/wp-json\/wp\/v2\/posts\/2657\/revisions\/2660"}],"wp:featuredmedia":[{"embeddable":true,"href":"https:\/\/etab.ac-reunion.fr\/clg-ravine-des-cabris\/wp-json\/wp\/v2\/media\/2659"}],"wp:attachment":[{"href":"https:\/\/etab.ac-reunion.fr\/clg-ravine-des-cabris\/wp-json\/wp\/v2\/media?parent=2657"}],"wp:term":[{"taxonomy":"category","embeddable":true,"href":"https:\/\/etab.ac-reunion.fr\/clg-ravine-des-cabris\/wp-json\/wp\/v2\/categories?post=2657"},{"taxonomy":"post_tag","embeddable":true,"href":"https:\/\/etab.ac-reunion.fr\/clg-ravine-des-cabris\/wp-json\/wp\/v2\/tags?post=2657"}],"curies":[{"name":"wp","href":"https:\/\/api.w.org\/{rel}","templated":true}]}}