{"id":2661,"date":"2023-05-12T11:16:54","date_gmt":"2023-05-12T09:16:54","guid":{"rendered":"https:\/\/etab.ac-reunion.fr\/clg-ravine-des-cabris\/?p=2661"},"modified":"2023-05-12T11:16:55","modified_gmt":"2023-05-12T09:16:55","slug":"sortie-a-la-riviere-st-etienne","status":"publish","type":"post","link":"https:\/\/etab.ac-reunion.fr\/clg-ravine-des-cabris\/2023\/05\/12\/sortie-a-la-riviere-st-etienne\/","title":{"rendered":"Sortie \u00e0 la Rivi\u00e8re St \u00c9tienne"},"content":{"rendered":"\n<p>Dans le cadre de l\u2019EPI (Enseignement Pratique Interdisciplinaire) sur le th\u00e8me de l\u2019eau, 4 classes de 5\u00e8me ont b\u00e9n\u00e9fici\u00e9 d\u2019une sortie \u00e0 la Rivi\u00e8re St Etienne avec les \u00e9cogardes de la f\u00e9d\u00e9ration de p\u00eache\u00a0: les 5VEIL et 5EXUPERY le mercredi 3 mai et les 5AUBRAC et 5 TABARLY le vendredi 5 mai. Les \u00e9l\u00e8ves ont \u00e9t\u00e9 sensibilis\u00e9s \u00e0 la protection des esp\u00e8ces de poissons et de crustac\u00e9s end\u00e9miques comme le cabot bouche ronde (aussi appel\u00e9 bichique lorsqu\u2019il est juv\u00e9nile) ou l\u2019\u00e9crevisse. Les \u00e9l\u00e8ves ont pu observer des poissons en aquarium car les \u00e9cogardes avaient r\u00e9alis\u00e9 t\u00f4t le matin une p\u00eache \u00e9lectrique, des bichiques et des anguilles. Puis des analyses d\u2019eau de la rivi\u00e8re ont \u00e9t\u00e9 faites (PH, temp\u00e9rature, oxym\u00e9trie, pr\u00e9sence de nitrates\u2026). Les observations seront reprises en classe.<\/p>\n\n\n\n<figure class=\"wp-block-gallery has-nested-images columns-default is-cropped wp-block-gallery-1 is-layout-flex wp-block-gallery-is-layout-flex\">\n<figure class=\"wp-block-image size-large\"><a href=\"https:\/\/etab.ac-reunion.fr\/clg-ravine-des-cabris\/wp-content\/uploads\/sites\/158\/2023\/05\/Capture-decran-2023-05-12-a-12.39.41.png\"><img loading=\"lazy\" decoding=\"async\" width=\"1572\" height=\"1920\" data-id=\"2667\" src=\"https:\/\/etab.ac-reunion.fr\/clg-ravine-des-cabris\/wp-content\/uploads\/sites\/158\/2023\/05\/Capture-decran-2023-05-12-a-12.39.41-1572x1920.png\" alt=\"\" class=\"wp-image-2667\" srcset=\"https:\/\/etab.ac-reunion.fr\/clg-ravine-des-cabris\/wp-content\/uploads\/sites\/158\/2023\/05\/Capture-decran-2023-05-12-a-12.39.41-1572x1920.png 1572w, https:\/\/etab.ac-reunion.fr\/clg-ravine-des-cabris\/wp-content\/uploads\/sites\/158\/2023\/05\/Capture-decran-2023-05-12-a-12.39.41-491x600.png 491w, https:\/\/etab.ac-reunion.fr\/clg-ravine-des-cabris\/wp-content\/uploads\/sites\/158\/2023\/05\/Capture-decran-2023-05-12-a-12.39.41-768x938.png 768w, https:\/\/etab.ac-reunion.fr\/clg-ravine-des-cabris\/wp-content\/uploads\/sites\/158\/2023\/05\/Capture-decran-2023-05-12-a-12.39.41-1258x1536.png 1258w, https:\/\/etab.ac-reunion.fr\/clg-ravine-des-cabris\/wp-content\/uploads\/sites\/158\/2023\/05\/Capture-decran-2023-05-12-a-12.39.41-1677x2048.png 1677w, https:\/\/etab.ac-reunion.fr\/clg-ravine-des-cabris\/wp-content\/uploads\/sites\/158\/2023\/05\/Capture-decran-2023-05-12-a-12.39.41-108x132.png 108w, https:\/\/etab.ac-reunion.fr\/clg-ravine-des-cabris\/wp-content\/uploads\/sites\/158\/2023\/05\/Capture-decran-2023-05-12-a-12.39.41.png 1920w\" sizes=\"auto, (max-width: 1572px) 100vw, 1572px\" \/><\/a><\/figure>\n\n\n\n<figure class=\"wp-block-image size-large\"><a href=\"https:\/\/etab.ac-reunion.fr\/clg-ravine-des-cabris\/wp-content\/uploads\/sites\/158\/2023\/05\/IMG_20230505_084629.jpg\"><img loading=\"lazy\" decoding=\"async\" width=\"1920\" height=\"1436\" data-id=\"2663\" src=\"https:\/\/etab.ac-reunion.fr\/clg-ravine-des-cabris\/wp-content\/uploads\/sites\/158\/2023\/05\/IMG_20230505_084629.jpg\" alt=\"\" class=\"wp-image-2663\" srcset=\"https:\/\/etab.ac-reunion.fr\/clg-ravine-des-cabris\/wp-content\/uploads\/sites\/158\/2023\/05\/IMG_20230505_084629.jpg 1920w, https:\/\/etab.ac-reunion.fr\/clg-ravine-des-cabris\/wp-content\/uploads\/sites\/158\/2023\/05\/IMG_20230505_084629-800x598.jpg 800w, https:\/\/etab.ac-reunion.fr\/clg-ravine-des-cabris\/wp-content\/uploads\/sites\/158\/2023\/05\/IMG_20230505_084629-768x574.jpg 768w, https:\/\/etab.ac-reunion.fr\/clg-ravine-des-cabris\/wp-content\/uploads\/sites\/158\/2023\/05\/IMG_20230505_084629-1536x1149.jpg 1536w, https:\/\/etab.ac-reunion.fr\/clg-ravine-des-cabris\/wp-content\/uploads\/sites\/158\/2023\/05\/IMG_20230505_084629-176x132.jpg 176w\" sizes=\"auto, (max-width: 1920px) 100vw, 1920px\" \/><\/a><\/figure>\n\n\n\n<figure class=\"wp-block-image size-large\"><a href=\"https:\/\/etab.ac-reunion.fr\/clg-ravine-des-cabris\/wp-content\/uploads\/sites\/158\/2023\/05\/IMG_20230505_090756-scaled.jpg\"><img loading=\"lazy\" decoding=\"async\" width=\"1436\" height=\"1920\" data-id=\"2662\" src=\"https:\/\/etab.ac-reunion.fr\/clg-ravine-des-cabris\/wp-content\/uploads\/sites\/158\/2023\/05\/IMG_20230505_090756-1436x1920.jpg\" alt=\"\" class=\"wp-image-2662\" srcset=\"https:\/\/etab.ac-reunion.fr\/clg-ravine-des-cabris\/wp-content\/uploads\/sites\/158\/2023\/05\/IMG_20230505_090756-1436x1920.jpg 1436w, https:\/\/etab.ac-reunion.fr\/clg-ravine-des-cabris\/wp-content\/uploads\/sites\/158\/2023\/05\/IMG_20230505_090756-449x600.jpg 449w, https:\/\/etab.ac-reunion.fr\/clg-ravine-des-cabris\/wp-content\/uploads\/sites\/158\/2023\/05\/IMG_20230505_090756-768x1027.jpg 768w, https:\/\/etab.ac-reunion.fr\/clg-ravine-des-cabris\/wp-content\/uploads\/sites\/158\/2023\/05\/IMG_20230505_090756-1149x1536.jpg 1149w, https:\/\/etab.ac-reunion.fr\/clg-ravine-des-cabris\/wp-content\/uploads\/sites\/158\/2023\/05\/IMG_20230505_090756-1532x2048.jpg 1532w, https:\/\/etab.ac-reunion.fr\/clg-ravine-des-cabris\/wp-content\/uploads\/sites\/158\/2023\/05\/IMG_20230505_090756-99x132.jpg 99w, https:\/\/etab.ac-reunion.fr\/clg-ravine-des-cabris\/wp-content\/uploads\/sites\/158\/2023\/05\/IMG_20230505_090756-scaled.jpg 1915w\" sizes=\"auto, (max-width: 1436px) 100vw, 1436px\" \/><\/a><\/figure>\n\n\n\n<figure class=\"wp-block-image size-large\"><a href=\"https:\/\/etab.ac-reunion.fr\/clg-ravine-des-cabris\/wp-content\/uploads\/sites\/158\/2023\/05\/IMG_20230505_093924-scaled.jpg\"><img loading=\"lazy\" decoding=\"async\" width=\"1436\" height=\"1920\" data-id=\"2665\" src=\"https:\/\/etab.ac-reunion.fr\/clg-ravine-des-cabris\/wp-content\/uploads\/sites\/158\/2023\/05\/IMG_20230505_093924-1436x1920.jpg\" alt=\"\" class=\"wp-image-2665\" srcset=\"https:\/\/etab.ac-reunion.fr\/clg-ravine-des-cabris\/wp-content\/uploads\/sites\/158\/2023\/05\/IMG_20230505_093924-1436x1920.jpg 1436w, https:\/\/etab.ac-reunion.fr\/clg-ravine-des-cabris\/wp-content\/uploads\/sites\/158\/2023\/05\/IMG_20230505_093924-449x600.jpg 449w, https:\/\/etab.ac-reunion.fr\/clg-ravine-des-cabris\/wp-content\/uploads\/sites\/158\/2023\/05\/IMG_20230505_093924-768x1027.jpg 768w, https:\/\/etab.ac-reunion.fr\/clg-ravine-des-cabris\/wp-content\/uploads\/sites\/158\/2023\/05\/IMG_20230505_093924-1149x1536.jpg 1149w, https:\/\/etab.ac-reunion.fr\/clg-ravine-des-cabris\/wp-content\/uploads\/sites\/158\/2023\/05\/IMG_20230505_093924-1532x2048.jpg 1532w, https:\/\/etab.ac-reunion.fr\/clg-ravine-des-cabris\/wp-content\/uploads\/sites\/158\/2023\/05\/IMG_20230505_093924-99x132.jpg 99w, https:\/\/etab.ac-reunion.fr\/clg-ravine-des-cabris\/wp-content\/uploads\/sites\/158\/2023\/05\/IMG_20230505_093924-scaled.jpg 1915w\" sizes=\"auto, (max-width: 1436px) 100vw, 1436px\" \/><\/a><\/figure>\n\n\n\n<figure class=\"wp-block-image size-large\"><a href=\"https:\/\/etab.ac-reunion.fr\/clg-ravine-des-cabris\/wp-content\/uploads\/sites\/158\/2023\/05\/IMG_20230505_103954.jpg\"><img loading=\"lazy\" decoding=\"async\" width=\"1920\" height=\"1436\" data-id=\"2664\" src=\"https:\/\/etab.ac-reunion.fr\/clg-ravine-des-cabris\/wp-content\/uploads\/sites\/158\/2023\/05\/IMG_20230505_103954.jpg\" alt=\"\" class=\"wp-image-2664\" srcset=\"https:\/\/etab.ac-reunion.fr\/clg-ravine-des-cabris\/wp-content\/uploads\/sites\/158\/2023\/05\/IMG_20230505_103954.jpg 1920w, https:\/\/etab.ac-reunion.fr\/clg-ravine-des-cabris\/wp-content\/uploads\/sites\/158\/2023\/05\/IMG_20230505_103954-800x598.jpg 800w, https:\/\/etab.ac-reunion.fr\/clg-ravine-des-cabris\/wp-content\/uploads\/sites\/158\/2023\/05\/IMG_20230505_103954-768x574.jpg 768w, https:\/\/etab.ac-reunion.fr\/clg-ravine-des-cabris\/wp-content\/uploads\/sites\/158\/2023\/05\/IMG_20230505_103954-1536x1149.jpg 1536w, https:\/\/etab.ac-reunion.fr\/clg-ravine-des-cabris\/wp-content\/uploads\/sites\/158\/2023\/05\/IMG_20230505_103954-176x132.jpg 176w\" sizes=\"auto, (max-width: 1920px) 100vw, 1920px\" \/><\/a><\/figure>\n\n\n\n<figure class=\"wp-block-image size-large\"><a href=\"https:\/\/etab.ac-reunion.fr\/clg-ravine-des-cabris\/wp-content\/uploads\/sites\/158\/2023\/05\/IMG_20230505_110500-scaled.jpg\"><img loading=\"lazy\" decoding=\"async\" width=\"1436\" height=\"1920\" data-id=\"2666\" src=\"https:\/\/etab.ac-reunion.fr\/clg-ravine-des-cabris\/wp-content\/uploads\/sites\/158\/2023\/05\/IMG_20230505_110500-1436x1920.jpg\" alt=\"\" class=\"wp-image-2666\" srcset=\"https:\/\/etab.ac-reunion.fr\/clg-ravine-des-cabris\/wp-content\/uploads\/sites\/158\/2023\/05\/IMG_20230505_110500-1436x1920.jpg 1436w, https:\/\/etab.ac-reunion.fr\/clg-ravine-des-cabris\/wp-content\/uploads\/sites\/158\/2023\/05\/IMG_20230505_110500-449x600.jpg 449w, https:\/\/etab.ac-reunion.fr\/clg-ravine-des-cabris\/wp-content\/uploads\/sites\/158\/2023\/05\/IMG_20230505_110500-768x1027.jpg 768w, https:\/\/etab.ac-reunion.fr\/clg-ravine-des-cabris\/wp-content\/uploads\/sites\/158\/2023\/05\/IMG_20230505_110500-1149x1536.jpg 1149w, https:\/\/etab.ac-reunion.fr\/clg-ravine-des-cabris\/wp-content\/uploads\/sites\/158\/2023\/05\/IMG_20230505_110500-1532x2048.jpg 1532w, https:\/\/etab.ac-reunion.fr\/clg-ravine-des-cabris\/wp-content\/uploads\/sites\/158\/2023\/05\/IMG_20230505_110500-99x132.jpg 99w, https:\/\/etab.ac-reunion.fr\/clg-ravine-des-cabris\/wp-content\/uploads\/sites\/158\/2023\/05\/IMG_20230505_110500-scaled.jpg 1915w\" sizes=\"auto, (max-width: 1436px) 100vw, 1436px\" \/><\/a><\/figure>\n\n\n\n<figure class=\"wp-block-image size-large\"><a href=\"https:\/\/etab.ac-reunion.fr\/clg-ravine-des-cabris\/wp-content\/uploads\/sites\/158\/2023\/05\/IMG_20230505_110558.jpg\"><img loading=\"lazy\" decoding=\"async\" width=\"1920\" height=\"1436\" data-id=\"2668\" src=\"https:\/\/etab.ac-reunion.fr\/clg-ravine-des-cabris\/wp-content\/uploads\/sites\/158\/2023\/05\/IMG_20230505_110558.jpg\" alt=\"\" class=\"wp-image-2668\" srcset=\"https:\/\/etab.ac-reunion.fr\/clg-ravine-des-cabris\/wp-content\/uploads\/sites\/158\/2023\/05\/IMG_20230505_110558.jpg 1920w, https:\/\/etab.ac-reunion.fr\/clg-ravine-des-cabris\/wp-content\/uploads\/sites\/158\/2023\/05\/IMG_20230505_110558-800x598.jpg 800w, https:\/\/etab.ac-reunion.fr\/clg-ravine-des-cabris\/wp-content\/uploads\/sites\/158\/2023\/05\/IMG_20230505_110558-768x574.jpg 768w, https:\/\/etab.ac-reunion.fr\/clg-ravine-des-cabris\/wp-content\/uploads\/sites\/158\/2023\/05\/IMG_20230505_110558-1536x1149.jpg 1536w, https:\/\/etab.ac-reunion.fr\/clg-ravine-des-cabris\/wp-content\/uploads\/sites\/158\/2023\/05\/IMG_20230505_110558-176x132.jpg 176w\" sizes=\"auto, (max-width: 1920px) 100vw, 1920px\" \/><\/a><\/figure>\n\n\n\n<figure class=\"wp-block-image size-large\"><a href=\"https:\/\/etab.ac-reunion.fr\/clg-ravine-des-cabris\/wp-content\/uploads\/sites\/158\/2023\/05\/IMG_20230505_110717-scaled.jpg\"><img loading=\"lazy\" decoding=\"async\" width=\"1436\" height=\"1920\" data-id=\"2669\" src=\"https:\/\/etab.ac-reunion.fr\/clg-ravine-des-cabris\/wp-content\/uploads\/sites\/158\/2023\/05\/IMG_20230505_110717-1436x1920.jpg\" alt=\"\" class=\"wp-image-2669\" srcset=\"https:\/\/etab.ac-reunion.fr\/clg-ravine-des-cabris\/wp-content\/uploads\/sites\/158\/2023\/05\/IMG_20230505_110717-1436x1920.jpg 1436w, https:\/\/etab.ac-reunion.fr\/clg-ravine-des-cabris\/wp-content\/uploads\/sites\/158\/2023\/05\/IMG_20230505_110717-449x600.jpg 449w, https:\/\/etab.ac-reunion.fr\/clg-ravine-des-cabris\/wp-content\/uploads\/sites\/158\/2023\/05\/IMG_20230505_110717-768x1027.jpg 768w, https:\/\/etab.ac-reunion.fr\/clg-ravine-des-cabris\/wp-content\/uploads\/sites\/158\/2023\/05\/IMG_20230505_110717-1149x1536.jpg 1149w, https:\/\/etab.ac-reunion.fr\/clg-ravine-des-cabris\/wp-content\/uploads\/sites\/158\/2023\/05\/IMG_20230505_110717-1532x2048.jpg 1532w, https:\/\/etab.ac-reunion.fr\/clg-ravine-des-cabris\/wp-content\/uploads\/sites\/158\/2023\/05\/IMG_20230505_110717-99x132.jpg 99w, https:\/\/etab.ac-reunion.fr\/clg-ravine-des-cabris\/wp-content\/uploads\/sites\/158\/2023\/05\/IMG_20230505_110717-scaled.jpg 1915w\" sizes=\"auto, (max-width: 1436px) 100vw, 1436px\" \/><\/a><\/figure>\n\n\n\n<figure class=\"wp-block-image size-large\"><a href=\"https:\/\/etab.ac-reunion.fr\/clg-ravine-des-cabris\/wp-content\/uploads\/sites\/158\/2023\/05\/IMG_20230505_124434-scaled.jpg\"><img loading=\"lazy\" decoding=\"async\" width=\"1436\" height=\"1920\" data-id=\"2670\" src=\"https:\/\/etab.ac-reunion.fr\/clg-ravine-des-cabris\/wp-content\/uploads\/sites\/158\/2023\/05\/IMG_20230505_124434-1436x1920.jpg\" alt=\"\" class=\"wp-image-2670\" srcset=\"https:\/\/etab.ac-reunion.fr\/clg-ravine-des-cabris\/wp-content\/uploads\/sites\/158\/2023\/05\/IMG_20230505_124434-1436x1920.jpg 1436w, https:\/\/etab.ac-reunion.fr\/clg-ravine-des-cabris\/wp-content\/uploads\/sites\/158\/2023\/05\/IMG_20230505_124434-449x600.jpg 449w, https:\/\/etab.ac-reunion.fr\/clg-ravine-des-cabris\/wp-content\/uploads\/sites\/158\/2023\/05\/IMG_20230505_124434-768x1027.jpg 768w, https:\/\/etab.ac-reunion.fr\/clg-ravine-des-cabris\/wp-content\/uploads\/sites\/158\/2023\/05\/IMG_20230505_124434-1149x1536.jpg 1149w, https:\/\/etab.ac-reunion.fr\/clg-ravine-des-cabris\/wp-content\/uploads\/sites\/158\/2023\/05\/IMG_20230505_124434-1532x2048.jpg 1532w, https:\/\/etab.ac-reunion.fr\/clg-ravine-des-cabris\/wp-content\/uploads\/sites\/158\/2023\/05\/IMG_20230505_124434-99x132.jpg 99w, https:\/\/etab.ac-reunion.fr\/clg-ravine-des-cabris\/wp-content\/uploads\/sites\/158\/2023\/05\/IMG_20230505_124434-scaled.jpg 1915w\" sizes=\"auto, (max-width: 1436px) 100vw, 1436px\" \/><\/a><\/figure>\n<\/figure>\n","protected":false},"excerpt":{"rendered":"","protected":false},"author":28090,"featured_media":2671,"comment_status":"closed","ping_status":"closed","sticky":false,"template":"","format":"standard","meta":{"footnotes":"","_links_to":"","_links_to_target":""},"categories":[22],"tags":[],"class_list":["post-2661","post","type-post","status-publish","format-standard","has-post-thumbnail","hentry","category-s-v-t-physique"],"_links":{"self":[{"href":"https:\/\/etab.ac-reunion.fr\/clg-ravine-des-cabris\/wp-json\/wp\/v2\/posts\/2661","targetHints":{"allow":["GET"]}}],"collection":[{"href":"https:\/\/etab.ac-reunion.fr\/clg-ravine-des-cabris\/wp-json\/wp\/v2\/posts"}],"about":[{"href":"https:\/\/etab.ac-reunion.fr\/clg-ravine-des-cabris\/wp-json\/wp\/v2\/types\/post"}],"author":[{"embeddable":true,"href":"https:\/\/etab.ac-reunion.fr\/clg-ravine-des-cabris\/wp-json\/wp\/v2\/users\/28090"}],"replies":[{"embeddable":true,"href":"https:\/\/etab.ac-reunion.fr\/clg-ravine-des-cabris\/wp-json\/wp\/v2\/comments?post=2661"}],"version-history":[{"count":1,"href":"https:\/\/etab.ac-reunion.fr\/clg-ravine-des-cabris\/wp-json\/wp\/v2\/posts\/2661\/revisions"}],"predecessor-version":[{"id":2672,"href":"https:\/\/etab.ac-reunion.fr\/clg-ravine-des-cabris\/wp-json\/wp\/v2\/posts\/2661\/revisions\/2672"}],"wp:featuredmedia":[{"embeddable":true,"href":"https:\/\/etab.ac-reunion.fr\/clg-ravine-des-cabris\/wp-json\/wp\/v2\/media\/2671"}],"wp:attachment":[{"href":"https:\/\/etab.ac-reunion.fr\/clg-ravine-des-cabris\/wp-json\/wp\/v2\/media?parent=2661"}],"wp:term":[{"taxonomy":"category","embeddable":true,"href":"https:\/\/etab.ac-reunion.fr\/clg-ravine-des-cabris\/wp-json\/wp\/v2\/categories?post=2661"},{"taxonomy":"post_tag","embeddable":true,"href":"https:\/\/etab.ac-reunion.fr\/clg-ravine-des-cabris\/wp-json\/wp\/v2\/tags?post=2661"}],"curies":[{"name":"wp","href":"https:\/\/api.w.org\/{rel}","templated":true}]}}