{"id":2673,"date":"2023-05-31T08:18:22","date_gmt":"2023-05-31T06:18:22","guid":{"rendered":"https:\/\/etab.ac-reunion.fr\/clg-ravine-des-cabris\/?p=2673"},"modified":"2024-11-25T20:25:37","modified_gmt":"2024-11-25T19:25:37","slug":"lappel-des-poles-par-les-5emes-moliere","status":"publish","type":"post","link":"https:\/\/etab.ac-reunion.fr\/clg-ravine-des-cabris\/2023\/05\/31\/lappel-des-poles-par-les-5emes-moliere\/","title":{"rendered":"L&rsquo;appel des P\u00f4les par les 5\u00e8mes Moli\u00e8re"},"content":{"rendered":"\n<p>Les 5\u00e8mes Moli\u00e8re  participent au projet national &lsquo;l&rsquo;appel des p\u00f4les&rsquo; qui vise \u00e0 sensibiliser les \u00e9l\u00e8ves aux enjeux en zone polaire. <\/p>\n\n\n\n<p>Ils ont choisi de r\u00e9aliser un reportage sur le th\u00e8me suivant : <\/p>\n\n\n\n<p><em><strong>L\u2019effet du changement climatique sur la reproduction des manchots Ad\u00e9lie <u>(Pygoscelis adeliae)<\/u><\/strong><\/em>.<\/p>\n\n\n\n<p>Pour r\u00e9aliser leur projet, ils ont \u00e9t\u00e9 accompagn\u00e9s par Yan Ropert-Coudert, scientifique sp\u00e9cialis\u00e9 dans le suivi et l&rsquo;\u00e9tude des esp\u00e8ces en milieu polaire et directeur de l&rsquo;Institut Polaire Fran\u00e7ais.<\/p>\n\n\n\n<p><a href=\"https:\/\/tube-sciences-technologies.apps.education.fr\/w\/2npL9uJmeZ4sNhnoXNJMV8\">https:\/\/tube-sciences-technologies.apps.education.fr\/w\/2npL9uJmeZ4sNhnoXNJMV8<\/a><\/p>\n\n\n\n<figure class=\"wp-block-embed is-type-wp-embed is-provider-peertube wp-block-embed-peertube\"><div class=\"wp-block-embed__wrapper\">\n<iframe loading=\"lazy\" class=\"wp-embedded-content\" sandbox=\"allow-scripts\" security=\"restricted\" title=\"Effets du changement climatique sur la reproduction des manchots Ad\u00e9lie (Pygoscelis adeliae)\" width=\"560\" height=\"315\" src=\"https:\/\/tube-sciences-technologies.apps.education.fr\/videos\/embed\/2npL9uJmeZ4sNhnoXNJMV8#?secret=5Bl4l0LErZ\" data-secret=\"5Bl4l0LErZ\"><\/iframe>\n<\/div><\/figure>\n\n\n\n<figure class=\"wp-block-image\"><img loading=\"lazy\" decoding=\"async\" width=\"2000\" height=\"1600\" src=\"https:\/\/etab.ac-reunion.fr\/clg-ravine-des-cabris\/wp-content\/uploads\/sites\/158\/2023\/05\/Design-sans-titre1.jpg\" alt=\"\" class=\"wp-image-2694\" srcset=\"https:\/\/etab.ac-reunion.fr\/clg-ravine-des-cabris\/wp-content\/uploads\/sites\/158\/2023\/05\/Design-sans-titre1.jpg 2000w, https:\/\/etab.ac-reunion.fr\/clg-ravine-des-cabris\/wp-content\/uploads\/sites\/158\/2023\/05\/Design-sans-titre1-750x600.jpg 750w, https:\/\/etab.ac-reunion.fr\/clg-ravine-des-cabris\/wp-content\/uploads\/sites\/158\/2023\/05\/Design-sans-titre1-1920x1536.jpg 1920w, https:\/\/etab.ac-reunion.fr\/clg-ravine-des-cabris\/wp-content\/uploads\/sites\/158\/2023\/05\/Design-sans-titre1-768x614.jpg 768w, https:\/\/etab.ac-reunion.fr\/clg-ravine-des-cabris\/wp-content\/uploads\/sites\/158\/2023\/05\/Design-sans-titre1-1536x1229.jpg 1536w, https:\/\/etab.ac-reunion.fr\/clg-ravine-des-cabris\/wp-content\/uploads\/sites\/158\/2023\/05\/Design-sans-titre1-165x132.jpg 165w\" sizes=\"auto, (max-width: 2000px) 100vw, 2000px\" \/><\/figure>\n\n\n\n<figure class=\"wp-block-image\"><img loading=\"lazy\" decoding=\"async\" width=\"360\" height=\"480\" src=\"https:\/\/etab.ac-reunion.fr\/clg-ravine-des-cabris\/wp-content\/uploads\/sites\/158\/2023\/05\/taaf-rotated.jpg\" alt=\"\" class=\"wp-image-2690\" srcset=\"https:\/\/etab.ac-reunion.fr\/clg-ravine-des-cabris\/wp-content\/uploads\/sites\/158\/2023\/05\/taaf-rotated.jpg 360w, https:\/\/etab.ac-reunion.fr\/clg-ravine-des-cabris\/wp-content\/uploads\/sites\/158\/2023\/05\/taaf-99x132.jpg 99w\" sizes=\"auto, (max-width: 360px) 100vw, 360px\" \/><\/figure>\n","protected":false},"excerpt":{"rendered":"","protected":false},"author":28491,"featured_media":2703,"comment_status":"closed","ping_status":"closed","sticky":false,"template":"","format":"standard","meta":{"footnotes":"","_links_to":"","_links_to_target":""},"categories":[29,22,50],"tags":[],"class_list":["post-2673","post","type-post","status-publish","format-standard","has-post-thumbnail","hentry","category-developpement-durable","category-s-v-t-physique","category-rdc-webtv"],"_links":{"self":[{"href":"https:\/\/etab.ac-reunion.fr\/clg-ravine-des-cabris\/wp-json\/wp\/v2\/posts\/2673","targetHints":{"allow":["GET"]}}],"collection":[{"href":"https:\/\/etab.ac-reunion.fr\/clg-ravine-des-cabris\/wp-json\/wp\/v2\/posts"}],"about":[{"href":"https:\/\/etab.ac-reunion.fr\/clg-ravine-des-cabris\/wp-json\/wp\/v2\/types\/post"}],"author":[{"embeddable":true,"href":"https:\/\/etab.ac-reunion.fr\/clg-ravine-des-cabris\/wp-json\/wp\/v2\/users\/28491"}],"replies":[{"embeddable":true,"href":"https:\/\/etab.ac-reunion.fr\/clg-ravine-des-cabris\/wp-json\/wp\/v2\/comments?post=2673"}],"version-history":[{"count":6,"href":"https:\/\/etab.ac-reunion.fr\/clg-ravine-des-cabris\/wp-json\/wp\/v2\/posts\/2673\/revisions"}],"predecessor-version":[{"id":3740,"href":"https:\/\/etab.ac-reunion.fr\/clg-ravine-des-cabris\/wp-json\/wp\/v2\/posts\/2673\/revisions\/3740"}],"wp:featuredmedia":[{"embeddable":true,"href":"https:\/\/etab.ac-reunion.fr\/clg-ravine-des-cabris\/wp-json\/wp\/v2\/media\/2703"}],"wp:attachment":[{"href":"https:\/\/etab.ac-reunion.fr\/clg-ravine-des-cabris\/wp-json\/wp\/v2\/media?parent=2673"}],"wp:term":[{"taxonomy":"category","embeddable":true,"href":"https:\/\/etab.ac-reunion.fr\/clg-ravine-des-cabris\/wp-json\/wp\/v2\/categories?post=2673"},{"taxonomy":"post_tag","embeddable":true,"href":"https:\/\/etab.ac-reunion.fr\/clg-ravine-des-cabris\/wp-json\/wp\/v2\/tags?post=2673"}],"curies":[{"name":"wp","href":"https:\/\/api.w.org\/{rel}","templated":true}]}}