{"id":2726,"date":"2023-06-14T12:55:30","date_gmt":"2023-06-14T10:55:30","guid":{"rendered":"https:\/\/etab.ac-reunion.fr\/clg-ravine-des-cabris\/?p=2726"},"modified":"2023-06-14T13:00:46","modified_gmt":"2023-06-14T11:00:46","slug":"junk-kouture-au-college-ravine-des-cabris","status":"publish","type":"post","link":"https:\/\/etab.ac-reunion.fr\/clg-ravine-des-cabris\/2023\/06\/14\/junk-kouture-au-college-ravine-des-cabris\/","title":{"rendered":"Junk Kouture au coll\u00e8ge Ravine des Cabris"},"content":{"rendered":"\n<p>Junk Kouture est un concours cr\u00e9atif liant la mode et la durabilit\u00e9. Il met les jeunes de 13 \u00e0 18 ans au d\u00e9fi de concevoir, de cr\u00e9er et de pr\u00e9senter une tenue \u00e0 partir de mat\u00e9riaux 100% recycl\u00e9s. Chaque ann\u00e9e, des \u00e9l\u00e8ves d\u2019Irlande, du Royaume-Uni, des \u00c9tats-Unis, de France, d\u2019Espagne, de Belgique, d\u2019Italie et des \u00c9mirats arabes unis notamment, soumettent leurs cr\u00e9ations durables pour avoir une chance de participer aux finales organis\u00e9es \u00e0 Paris, Dublin, Londres, New York, Milan et Abu Dhabi. Les laur\u00e9ats participent ensuite \u00e0 la finale mondiale de Junk Kouture, o\u00f9 60 finalistes mondiaux s\u2019affrontent sur une m\u00eame sc\u00e8ne pour le titre de \u201cDesigner mondial de l\u2019ann\u00e9e\u201d.<br>Les \u00e9l\u00e8ves de l\u2019atelier d\u2019art portable de Mme Ch\u00e9neau-Ziegler du coll\u00e8ge Ravine des cabris ont particip\u00e9 au concours Junk Kouture 2023 en pr\u00e9sentant cette ann\u00e9e quatre tenues cr\u00e9\u00e9es en mat\u00e9riaux recyclables. \u00ab&nbsp;Nou l\u00e9 la&nbsp;\u00bb questionne les traditions cr\u00e9oles face \u00e0 la soci\u00e9t\u00e9 de consommation. \u00ab&nbsp;Mes tissages&nbsp;\u00bb \u00e9voque la double culture d\u2019une \u00e9l\u00e8ve en rendant hommage aux tresseuses. \u00ab&nbsp;Faux cul&nbsp;\u00bb et \u00ab&nbsp;La zourite&nbsp;\u00bb critiquent avec finesse la pollution de la nature par nos d\u00e9chets.<br>Les quatre ont \u00e9t\u00e9 laur\u00e9ates de la finale de Paris et l\u2019une des cr\u00e9ations, Mes tissages, participera \u00e0 la finale mondiale le 12 octobre \u00e0 Londres. L\u2019an dernier, le coll\u00e8ge Ravine des cabris brilla en finale \u00e0 Paris, puis en finale mondiale avec la tenue d\u2019Alycia Grondin. Pour sa seconde participation, cet \u00e9tablissement renouv\u00e8le deux exploits&nbsp;: \u00eatre le seul d\u2019Outre-mer s\u00e9lectionn\u00e9 et avoir les cr\u00e9atrices benjamines de ce concours difficile. Voir plus d\u2019images sur:<a href=\"https:\/\/www.instagram.com\/junk_kouture_974\/\" data-type=\"URL\" data-id=\"https:\/\/www.instagram.com\/junk_kouture_974\/\">https:\/\/www.instagram.com\/junk_kouture_974\/<\/a><\/p>\n\n\n\n<figure class=\"wp-block-embed is-type-video is-provider-youtube wp-block-embed-youtube wp-embed-aspect-16-9 wp-has-aspect-ratio\"><div class=\"wp-block-embed__wrapper\">\n<script>document.addEventListener('DOMContentLoaded', function() {(tarteaucitron.job = tarteaucitron.job || []).push('youtube');});<\/script><div class=\"youtube_player\" videoID=\"4ojGMsHpWDc\" width=\"100%\" height=\"100%\" style=\"height:50vw\" theme=\"light\" rel=\"0\" controls=\"1\" showinfo=\"1\" autoplay=\"0\"><\/div>\n<\/div><\/figure>\n\n\n\n<figure class=\"wp-block-gallery has-nested-images columns-default is-cropped wp-block-gallery-1 is-layout-flex wp-block-gallery-is-layout-flex\">\n<figure class=\"wp-block-image size-large\"><a href=\"https:\/\/etab.ac-reunion.fr\/clg-ravine-des-cabris\/wp-content\/uploads\/sites\/158\/2023\/04\/nou-le-la-montage-min.jpg\"><img loading=\"lazy\" decoding=\"async\" width=\"1920\" height=\"1762\" data-id=\"2395\" src=\"https:\/\/etab.ac-reunion.fr\/clg-ravine-des-cabris\/wp-content\/uploads\/sites\/158\/2023\/04\/nou-le-la-montage-min.jpg\" alt=\"\" class=\"wp-image-2395\" srcset=\"https:\/\/etab.ac-reunion.fr\/clg-ravine-des-cabris\/wp-content\/uploads\/sites\/158\/2023\/04\/nou-le-la-montage-min.jpg 1920w, https:\/\/etab.ac-reunion.fr\/clg-ravine-des-cabris\/wp-content\/uploads\/sites\/158\/2023\/04\/nou-le-la-montage-min-654x600.jpg 654w, https:\/\/etab.ac-reunion.fr\/clg-ravine-des-cabris\/wp-content\/uploads\/sites\/158\/2023\/04\/nou-le-la-montage-min-768x705.jpg 768w, https:\/\/etab.ac-reunion.fr\/clg-ravine-des-cabris\/wp-content\/uploads\/sites\/158\/2023\/04\/nou-le-la-montage-min-1536x1410.jpg 1536w, https:\/\/etab.ac-reunion.fr\/clg-ravine-des-cabris\/wp-content\/uploads\/sites\/158\/2023\/04\/nou-le-la-montage-min-144x132.jpg 144w\" sizes=\"auto, (max-width: 1920px) 100vw, 1920px\" \/><\/a><\/figure>\n\n\n\n<figure class=\"wp-block-image size-large\"><a href=\"https:\/\/etab.ac-reunion.fr\/clg-ravine-des-cabris\/wp-content\/uploads\/sites\/158\/2023\/04\/faux-cul-montage.jpg\"><img loading=\"lazy\" decoding=\"async\" width=\"1920\" height=\"1619\" data-id=\"2394\" src=\"https:\/\/etab.ac-reunion.fr\/clg-ravine-des-cabris\/wp-content\/uploads\/sites\/158\/2023\/04\/faux-cul-montage.jpg\" alt=\"\" class=\"wp-image-2394\" srcset=\"https:\/\/etab.ac-reunion.fr\/clg-ravine-des-cabris\/wp-content\/uploads\/sites\/158\/2023\/04\/faux-cul-montage.jpg 1920w, https:\/\/etab.ac-reunion.fr\/clg-ravine-des-cabris\/wp-content\/uploads\/sites\/158\/2023\/04\/faux-cul-montage-712x600.jpg 712w, https:\/\/etab.ac-reunion.fr\/clg-ravine-des-cabris\/wp-content\/uploads\/sites\/158\/2023\/04\/faux-cul-montage-768x648.jpg 768w, https:\/\/etab.ac-reunion.fr\/clg-ravine-des-cabris\/wp-content\/uploads\/sites\/158\/2023\/04\/faux-cul-montage-1536x1295.jpg 1536w, https:\/\/etab.ac-reunion.fr\/clg-ravine-des-cabris\/wp-content\/uploads\/sites\/158\/2023\/04\/faux-cul-montage-157x132.jpg 157w\" sizes=\"auto, (max-width: 1920px) 100vw, 1920px\" \/><\/a><\/figure>\n\n\n\n<figure class=\"wp-block-image size-large\"><a href=\"https:\/\/etab.ac-reunion.fr\/clg-ravine-des-cabris\/wp-content\/uploads\/sites\/158\/2023\/04\/la-zourite-montage-min-1.jpg\"><img loading=\"lazy\" decoding=\"async\" width=\"1920\" height=\"973\" data-id=\"2393\" src=\"https:\/\/etab.ac-reunion.fr\/clg-ravine-des-cabris\/wp-content\/uploads\/sites\/158\/2023\/04\/la-zourite-montage-min-1.jpg\" alt=\"\" class=\"wp-image-2393\" srcset=\"https:\/\/etab.ac-reunion.fr\/clg-ravine-des-cabris\/wp-content\/uploads\/sites\/158\/2023\/04\/la-zourite-montage-min-1.jpg 1920w, https:\/\/etab.ac-reunion.fr\/clg-ravine-des-cabris\/wp-content\/uploads\/sites\/158\/2023\/04\/la-zourite-montage-min-1-800x405.jpg 800w, https:\/\/etab.ac-reunion.fr\/clg-ravine-des-cabris\/wp-content\/uploads\/sites\/158\/2023\/04\/la-zourite-montage-min-1-768x389.jpg 768w, https:\/\/etab.ac-reunion.fr\/clg-ravine-des-cabris\/wp-content\/uploads\/sites\/158\/2023\/04\/la-zourite-montage-min-1-1536x778.jpg 1536w, https:\/\/etab.ac-reunion.fr\/clg-ravine-des-cabris\/wp-content\/uploads\/sites\/158\/2023\/04\/la-zourite-montage-min-1-260x132.jpg 260w\" sizes=\"auto, (max-width: 1920px) 100vw, 1920px\" \/><\/a><\/figure>\n\n\n\n<figure class=\"wp-block-image size-large\"><a href=\"https:\/\/etab.ac-reunion.fr\/clg-ravine-des-cabris\/wp-content\/uploads\/sites\/158\/2023\/04\/mes-tissages-montage-min.jpg\"><img loading=\"lazy\" decoding=\"async\" width=\"1920\" height=\"961\" data-id=\"2392\" src=\"https:\/\/etab.ac-reunion.fr\/clg-ravine-des-cabris\/wp-content\/uploads\/sites\/158\/2023\/04\/mes-tissages-montage-min.jpg\" alt=\"\" class=\"wp-image-2392\" srcset=\"https:\/\/etab.ac-reunion.fr\/clg-ravine-des-cabris\/wp-content\/uploads\/sites\/158\/2023\/04\/mes-tissages-montage-min.jpg 1920w, https:\/\/etab.ac-reunion.fr\/clg-ravine-des-cabris\/wp-content\/uploads\/sites\/158\/2023\/04\/mes-tissages-montage-min-800x400.jpg 800w, https:\/\/etab.ac-reunion.fr\/clg-ravine-des-cabris\/wp-content\/uploads\/sites\/158\/2023\/04\/mes-tissages-montage-min-768x384.jpg 768w, https:\/\/etab.ac-reunion.fr\/clg-ravine-des-cabris\/wp-content\/uploads\/sites\/158\/2023\/04\/mes-tissages-montage-min-1536x769.jpg 1536w, https:\/\/etab.ac-reunion.fr\/clg-ravine-des-cabris\/wp-content\/uploads\/sites\/158\/2023\/04\/mes-tissages-montage-min-264x132.jpg 264w\" sizes=\"auto, (max-width: 1920px) 100vw, 1920px\" \/><\/a><\/figure>\n<\/figure>\n","protected":false},"excerpt":{"rendered":"","protected":false},"author":28090,"featured_media":2181,"comment_status":"closed","ping_status":"closed","sticky":false,"template":"","format":"standard","meta":{"footnotes":"","_links_to":"","_links_to_target":""},"categories":[32,55],"tags":[],"class_list":["post-2726","post","type-post","status-publish","format-standard","has-post-thumbnail","hentry","category-arts-plastiques","category-parcours-deducation-artistique-et-culturelle"],"_links":{"self":[{"href":"https:\/\/etab.ac-reunion.fr\/clg-ravine-des-cabris\/wp-json\/wp\/v2\/posts\/2726","targetHints":{"allow":["GET"]}}],"collection":[{"href":"https:\/\/etab.ac-reunion.fr\/clg-ravine-des-cabris\/wp-json\/wp\/v2\/posts"}],"about":[{"href":"https:\/\/etab.ac-reunion.fr\/clg-ravine-des-cabris\/wp-json\/wp\/v2\/types\/post"}],"author":[{"embeddable":true,"href":"https:\/\/etab.ac-reunion.fr\/clg-ravine-des-cabris\/wp-json\/wp\/v2\/users\/28090"}],"replies":[{"embeddable":true,"href":"https:\/\/etab.ac-reunion.fr\/clg-ravine-des-cabris\/wp-json\/wp\/v2\/comments?post=2726"}],"version-history":[{"count":3,"href":"https:\/\/etab.ac-reunion.fr\/clg-ravine-des-cabris\/wp-json\/wp\/v2\/posts\/2726\/revisions"}],"predecessor-version":[{"id":2731,"href":"https:\/\/etab.ac-reunion.fr\/clg-ravine-des-cabris\/wp-json\/wp\/v2\/posts\/2726\/revisions\/2731"}],"wp:featuredmedia":[{"embeddable":true,"href":"https:\/\/etab.ac-reunion.fr\/clg-ravine-des-cabris\/wp-json\/wp\/v2\/media\/2181"}],"wp:attachment":[{"href":"https:\/\/etab.ac-reunion.fr\/clg-ravine-des-cabris\/wp-json\/wp\/v2\/media?parent=2726"}],"wp:term":[{"taxonomy":"category","embeddable":true,"href":"https:\/\/etab.ac-reunion.fr\/clg-ravine-des-cabris\/wp-json\/wp\/v2\/categories?post=2726"},{"taxonomy":"post_tag","embeddable":true,"href":"https:\/\/etab.ac-reunion.fr\/clg-ravine-des-cabris\/wp-json\/wp\/v2\/tags?post=2726"}],"curies":[{"name":"wp","href":"https:\/\/api.w.org\/{rel}","templated":true}]}}