{"id":2738,"date":"2023-06-26T14:43:08","date_gmt":"2023-06-26T12:43:08","guid":{"rendered":"https:\/\/etab.ac-reunion.fr\/clg-ravine-des-cabris\/?p=2738"},"modified":"2023-06-26T14:45:41","modified_gmt":"2023-06-26T12:45:41","slug":"time-capsules-lce-anglais","status":"publish","type":"post","link":"https:\/\/etab.ac-reunion.fr\/clg-ravine-des-cabris\/2023\/06\/26\/time-capsules-lce-anglais\/","title":{"rendered":"Time Capsules &#8211; LCE Anglais"},"content":{"rendered":"\n<blockquote class=\"wp-block-quote is-layout-flow wp-block-quote-is-layout-flow\">\n<p>Pour cl\u00f4turer cette fin d\u2019ann\u00e9e scolaire, les \u00e9l\u00e8ves de 4<sup>\u00e8me<\/sup>&nbsp;LCE ont travaill\u00e9 sur un projet de \u00ab&nbsp;time capsules&nbsp;\u00bb, une pratique qui nous vient tout droit des Etats-Unis.&nbsp;<\/p>\n\n\n\n<p>Les \u00e9l\u00e8ves ont ainsi soigneusement pr\u00e9par\u00e9 un document (in English, of course&nbsp;!) retra\u00e7ant qui ils sont, ce qu\u2019ils aiment actuellement, livrant quelques grands moments de leur ann\u00e9e scolaire. Puis ils se sont pr\u00eat\u00e9s au jeu et se sont adress\u00e9s une lettre dans laquelle ils d\u00e9voilent leurs buts et leurs r\u00eaves de vie.<\/p>\n\n\n\n<p><a><\/a>Diff\u00e9rents travaux r\u00e9alis\u00e9s pendant l\u2019ann\u00e9e, des \u00e9crits, des photos, des vid\u00e9os, des objets personnels, des messages pour les futurs \u00e9l\u00e8ves de LCE, chacun a pu d\u00e9poser un souvenir dans la fameuse \u00ab&nbsp;capsule&nbsp;\u00bb qui a \u00e9t\u00e9 scell\u00e9e et ne sera ouverte que dans 4 ans\u2026&nbsp;<\/p>\n\n\n\n<p>Les \u00e9l\u00e8ves recevront une invitation en 2027 pour revenir au coll\u00e8ge et ouvrir cette bo\u00eete \u00e0 souvenirs ensemble, \u00e0 la fin de leur lyc\u00e9e.<\/p>\n\n\n\n<p>Un beau moment de retrouvailles en perspective&nbsp;: RDV dans 4 ans&nbsp;! Keep in touch!<\/p>\n\n\n<div class=\"wp-block-image is-style-default\">\n<figure class=\"aligncenter size-full\"><img loading=\"lazy\" decoding=\"async\" width=\"1244\" height=\"1659\" src=\"https:\/\/etab.ac-reunion.fr\/clg-ravine-des-cabris\/wp-content\/uploads\/sites\/158\/2023\/06\/Time-capsule-4eme-LCE.jpg\" alt=\"\" class=\"wp-image-2739\" srcset=\"https:\/\/etab.ac-reunion.fr\/clg-ravine-des-cabris\/wp-content\/uploads\/sites\/158\/2023\/06\/Time-capsule-4eme-LCE.jpg 1244w, https:\/\/etab.ac-reunion.fr\/clg-ravine-des-cabris\/wp-content\/uploads\/sites\/158\/2023\/06\/Time-capsule-4eme-LCE-450x600.jpg 450w, https:\/\/etab.ac-reunion.fr\/clg-ravine-des-cabris\/wp-content\/uploads\/sites\/158\/2023\/06\/Time-capsule-4eme-LCE-768x1024.jpg 768w, https:\/\/etab.ac-reunion.fr\/clg-ravine-des-cabris\/wp-content\/uploads\/sites\/158\/2023\/06\/Time-capsule-4eme-LCE-1152x1536.jpg 1152w, https:\/\/etab.ac-reunion.fr\/clg-ravine-des-cabris\/wp-content\/uploads\/sites\/158\/2023\/06\/Time-capsule-4eme-LCE-99x132.jpg 99w\" sizes=\"auto, (max-width: 1244px) 100vw, 1244px\" \/><\/figure>\n<\/div><\/blockquote>\n","protected":false},"excerpt":{"rendered":"","protected":false},"author":28090,"featured_media":2191,"comment_status":"closed","ping_status":"closed","sticky":false,"template":"","format":"standard","meta":{"footnotes":"","_links_to":"","_links_to_target":""},"categories":[34,56],"tags":[],"class_list":["post-2738","post","type-post","status-publish","format-standard","has-post-thumbnail","hentry","category-anglais","category-lceanglaisallemandespagnol"],"_links":{"self":[{"href":"https:\/\/etab.ac-reunion.fr\/clg-ravine-des-cabris\/wp-json\/wp\/v2\/posts\/2738","targetHints":{"allow":["GET"]}}],"collection":[{"href":"https:\/\/etab.ac-reunion.fr\/clg-ravine-des-cabris\/wp-json\/wp\/v2\/posts"}],"about":[{"href":"https:\/\/etab.ac-reunion.fr\/clg-ravine-des-cabris\/wp-json\/wp\/v2\/types\/post"}],"author":[{"embeddable":true,"href":"https:\/\/etab.ac-reunion.fr\/clg-ravine-des-cabris\/wp-json\/wp\/v2\/users\/28090"}],"replies":[{"embeddable":true,"href":"https:\/\/etab.ac-reunion.fr\/clg-ravine-des-cabris\/wp-json\/wp\/v2\/comments?post=2738"}],"version-history":[{"count":1,"href":"https:\/\/etab.ac-reunion.fr\/clg-ravine-des-cabris\/wp-json\/wp\/v2\/posts\/2738\/revisions"}],"predecessor-version":[{"id":2740,"href":"https:\/\/etab.ac-reunion.fr\/clg-ravine-des-cabris\/wp-json\/wp\/v2\/posts\/2738\/revisions\/2740"}],"wp:featuredmedia":[{"embeddable":true,"href":"https:\/\/etab.ac-reunion.fr\/clg-ravine-des-cabris\/wp-json\/wp\/v2\/media\/2191"}],"wp:attachment":[{"href":"https:\/\/etab.ac-reunion.fr\/clg-ravine-des-cabris\/wp-json\/wp\/v2\/media?parent=2738"}],"wp:term":[{"taxonomy":"category","embeddable":true,"href":"https:\/\/etab.ac-reunion.fr\/clg-ravine-des-cabris\/wp-json\/wp\/v2\/categories?post=2738"},{"taxonomy":"post_tag","embeddable":true,"href":"https:\/\/etab.ac-reunion.fr\/clg-ravine-des-cabris\/wp-json\/wp\/v2\/tags?post=2738"}],"curies":[{"name":"wp","href":"https:\/\/api.w.org\/{rel}","templated":true}]}}