{"id":2761,"date":"2023-07-04T15:03:02","date_gmt":"2023-07-04T13:03:02","guid":{"rendered":"https:\/\/etab.ac-reunion.fr\/clg-ravine-des-cabris\/?p=2761"},"modified":"2023-07-04T15:03:05","modified_gmt":"2023-07-04T13:03:05","slug":"o-a-e-au-college-de-la-ravine-des-cabris-reunion-juin-2023","status":"publish","type":"post","link":"https:\/\/etab.ac-reunion.fr\/clg-ravine-des-cabris\/2023\/07\/04\/o-a-e-au-college-de-la-ravine-des-cabris-reunion-juin-2023\/","title":{"rendered":"O.A.E. au coll\u00e8ge de la Ravine des Cabris, R\u00e9union, juin 2023"},"content":{"rendered":"\n<p>L&rsquo;Orchestre \u00e0 l&rsquo;Ecole du coll\u00e8ge de la Ravine des Cabris s&rsquo;est ouverte en ao\u00fbt 2022. Apr\u00e8s un an d&rsquo;apprentissage (une heure de cours d&rsquo;instrument et deux heures d&rsquo;orchestre par semaine) le mois de juin a \u00e9t\u00e9 le moment de restituer les acquis et de se donner du plaisir en concert. Une r\u00e9sidence de deux jours dans le cirque de Salazie, trois concerts sur place ont permis de prendre confiance en ses capacit\u00e9s pour les concerts pr\u00e9vus \u00e0 Saint Pierre. Le 12 juin, rassemblement dans le sud de l&rsquo;\u00eele avec 8 formations, \u00e9tait le concert dans la salle du Kerveguen de Saint Pierre. Le 20 juin, f\u00eate de la musique \u00e0 la Ravine des Cabris au Moulin \u00e0 caf\u00e9, a \u00e9t\u00e9 la rencontre avec un partenaire culturel local la Fanfare le Bruit de la Passion. C&rsquo;\u00e9tait leur premi\u00e8re ann\u00e9e au coll\u00e8ge, on vous promet de poursuivre les effort l&rsquo;ann\u00e9e prochaine.<\/p>\n\n\n\n<figure class=\"wp-block-video\"><video controls src=\"https:\/\/tube-arts-lettres-sciences-humaines.apps.education.fr\/download\/videos\/dd280715-50ba-4a60-bb6c-f2cee9e54aa2-1080.mp4\"><\/video><\/figure>\n","protected":false},"excerpt":{"rendered":"","protected":false},"author":28090,"featured_media":2389,"comment_status":"closed","ping_status":"closed","sticky":false,"template":"","format":"standard","meta":{"footnotes":"","_links_to":"","_links_to_target":""},"categories":[28,55],"tags":[],"class_list":["post-2761","post","type-post","status-publish","format-standard","has-post-thumbnail","hentry","category-education-musicale","category-parcours-deducation-artistique-et-culturelle"],"_links":{"self":[{"href":"https:\/\/etab.ac-reunion.fr\/clg-ravine-des-cabris\/wp-json\/wp\/v2\/posts\/2761","targetHints":{"allow":["GET"]}}],"collection":[{"href":"https:\/\/etab.ac-reunion.fr\/clg-ravine-des-cabris\/wp-json\/wp\/v2\/posts"}],"about":[{"href":"https:\/\/etab.ac-reunion.fr\/clg-ravine-des-cabris\/wp-json\/wp\/v2\/types\/post"}],"author":[{"embeddable":true,"href":"https:\/\/etab.ac-reunion.fr\/clg-ravine-des-cabris\/wp-json\/wp\/v2\/users\/28090"}],"replies":[{"embeddable":true,"href":"https:\/\/etab.ac-reunion.fr\/clg-ravine-des-cabris\/wp-json\/wp\/v2\/comments?post=2761"}],"version-history":[{"count":1,"href":"https:\/\/etab.ac-reunion.fr\/clg-ravine-des-cabris\/wp-json\/wp\/v2\/posts\/2761\/revisions"}],"predecessor-version":[{"id":2762,"href":"https:\/\/etab.ac-reunion.fr\/clg-ravine-des-cabris\/wp-json\/wp\/v2\/posts\/2761\/revisions\/2762"}],"wp:featuredmedia":[{"embeddable":true,"href":"https:\/\/etab.ac-reunion.fr\/clg-ravine-des-cabris\/wp-json\/wp\/v2\/media\/2389"}],"wp:attachment":[{"href":"https:\/\/etab.ac-reunion.fr\/clg-ravine-des-cabris\/wp-json\/wp\/v2\/media?parent=2761"}],"wp:term":[{"taxonomy":"category","embeddable":true,"href":"https:\/\/etab.ac-reunion.fr\/clg-ravine-des-cabris\/wp-json\/wp\/v2\/categories?post=2761"},{"taxonomy":"post_tag","embeddable":true,"href":"https:\/\/etab.ac-reunion.fr\/clg-ravine-des-cabris\/wp-json\/wp\/v2\/tags?post=2761"}],"curies":[{"name":"wp","href":"https:\/\/api.w.org\/{rel}","templated":true}]}}