{"id":3024,"date":"2023-10-11T17:37:30","date_gmt":"2023-10-11T15:37:30","guid":{"rendered":"https:\/\/etab.ac-reunion.fr\/clg-ravine-des-cabris\/?p=3024"},"modified":"2023-10-11T18:16:13","modified_gmt":"2023-10-11T16:16:13","slug":"concours-daffiches-ti-train-luchronie","status":"publish","type":"post","link":"https:\/\/etab.ac-reunion.fr\/clg-ravine-des-cabris\/2023\/10\/11\/concours-daffiches-ti-train-luchronie\/","title":{"rendered":"Concours d&rsquo;affiches Ti Train l&rsquo;Uchronie"},"content":{"rendered":"\n<p><\/p>\n\n\n\n<p>Les \u00e9l\u00e8ves de la classe 4\u00b0 Aristote ont termin\u00e9 leur projet sur le concours d\u2019affiches Ti train lontan l\u2019Uchronie.&nbsp;<\/p>\n\n\n\n<p>Les dessins r\u00e9alis\u00e9s sont partis aux Archives d\u00e9partementales. Chaque groupe a \u00e9galement d\u00fb r\u00e9aliser une notice expliquant pour certains avec beaucoup d\u2019imagination et de cr\u00e9ativit\u00e9 &nbsp;leur dessin pour le jury.&nbsp;<\/p>\n\n\n\n<p>Ils se sont montr\u00e9s tr\u00e8s investis dans ce projet d\u00e8s le d\u00e9but de l\u2019ann\u00e9e.&nbsp;<\/p>\n\n\n\n<p>Ce projet leur a permis de d\u00e9couvrir l\u2019histoire du Ti train \u00e0 la R\u00e9union dont il reste quelques traces  : la gare de Saint Pierre bien s\u00fbr mais \u00e9galement ils ont  d\u00e9couvert au Vieux domaine des vestiges plus secrets.<\/p>\n\n\n\n<blockquote class=\"wp-block-quote has-text-align-left has-sitebg-color has-accent-1-background-color has-text-color has-background has-large-font-size is-layout-flow wp-block-quote-is-layout-flow\">\n<p><\/p>\n\n\n\n<figure class=\"wp-block-gallery has-nested-images columns-default is-cropped wp-block-gallery-1 is-layout-flex wp-block-gallery-is-layout-flex\"><\/figure>\n\n\n\n<figure class=\"wp-block-gallery has-nested-images columns-default is-cropped wp-block-gallery-2 is-layout-flex wp-block-gallery-is-layout-flex\"><\/figure>\n<cite>Ce qui m\u2019a plus dans le projet, c\u2019est de pouvoir plus s\u2019int\u00e9resser \u00e0 l\u2019histoire du train \u00e0 la R\u00e9union.<br>Ma\u00eblysse<br>&nbsp;<br>J\u2019ai aim\u00e9 ce projet car on a appris de nouvelles choses sur les trains, on a pass\u00e9 du bon temps avec la classe pour faire les meilleures affiches possibles. La concurrence nous a motiv\u00e9s dans ce projet. Et gr\u00e2ce \u00e0 ce projet, une sortie scolaire aux Archives a \u00e9t\u00e9 organis\u00e9e et on s\u2019est bien amus\u00e9s.<br>Lee Hann<br>&nbsp;<br>J\u2019ai beaucoup aim\u00e9 participer \u00e0 ce projet car on a fait des sorties int\u00e9ressantes et faire de l\u2019Art Plastique avec les amis, c\u2019est vraiment amusant.<br>Daphn\u00e9<br>&nbsp;<br>Le projet m\u2019a \u00e9norm\u00e9ment plus car il a permis de d\u00e9velopper notre cr\u00e9ativit\u00e9 et d\u2019apprendre de nouvelles choses.<br>Estelle<br>&nbsp;<br>J\u2019ai beaucoup aim\u00e9 ce projet car on s\u2019est bien amus\u00e9s, on a beaucoup appris sur le train gr\u00e2ce \u00e0 la sortie faite en d\u00e9but d\u2019ann\u00e9e. On a tous fait de belles affiches sur les trains. Et j\u2019esp\u00e8re que l\u2019on gagnera le projet&nbsp;!<br>Caroline<br>&nbsp;<br>Le projet du Ti Train m\u2019a beaucoup plu car nous avons mis nos id\u00e9es en commun. L\u2019id\u00e9e du train sous la route du littoral m\u2019est venue avec mon camarade Ochuane.<br>Gauthier<br>&nbsp;<br>Ce projet m\u2019a plus car j\u2019ai trouv\u00e9 \u00e7a int\u00e9ressant. J\u2019ai bien aim\u00e9 travailler avec mes amies. Le dessin n\u2019est peut-\u00eatre pas mon point fort mais j\u2019\u00e9tais fi\u00e8re d\u2019avoir r\u00e9ussi \u00e0 dessiner.<br>Anna<br>&nbsp;<br>Je ne sais pas pourquoi j\u2019ai appr\u00e9ci\u00e9 ce projet mais bien aim\u00e9 les sorties en lien avec le projet du Ti Train.<br>Mathis <br><br>Alors ce projet m\u2019a plu car, on l\u2019a fait en groupe et chacun a pu proposer ses id\u00e9es pour n\u2019en faire qu\u2019une seule. Mais aussi le fait de de pouvoir laisser s\u2019exprimer notre imagination sur nos affiches avec le tr\u00e8s bon mat\u00e9riel qu\u2019on a eu !&nbsp;<br>Ella<\/cite><\/blockquote>\n\n\n\n<p><\/p>\n\n\n\n<p><\/p>\n\n\n\n<p><\/p>\n\n\n\n<figure class=\"wp-block-gallery has-nested-images columns-2 is-cropped wp-block-gallery-3 is-layout-flex wp-block-gallery-is-layout-flex\">\n<figure class=\"wp-block-image size-large\"><a href=\"https:\/\/etab.ac-reunion.fr\/clg-ravine-des-cabris\/wp-content\/uploads\/sites\/158\/2023\/10\/Aristote-Ti-train-1.png\"><img loading=\"lazy\" decoding=\"async\" width=\"1280\" height=\"1920\" data-id=\"3029\" src=\"https:\/\/etab.ac-reunion.fr\/clg-ravine-des-cabris\/wp-content\/uploads\/sites\/158\/2023\/10\/Aristote-Ti-train-1-1280x1920.png\" alt=\"\" class=\"wp-image-3029\" srcset=\"https:\/\/etab.ac-reunion.fr\/clg-ravine-des-cabris\/wp-content\/uploads\/sites\/158\/2023\/10\/Aristote-Ti-train-1-1280x1920.png 1280w, https:\/\/etab.ac-reunion.fr\/clg-ravine-des-cabris\/wp-content\/uploads\/sites\/158\/2023\/10\/Aristote-Ti-train-1-400x600.png 400w, https:\/\/etab.ac-reunion.fr\/clg-ravine-des-cabris\/wp-content\/uploads\/sites\/158\/2023\/10\/Aristote-Ti-train-1-768x1152.png 768w, https:\/\/etab.ac-reunion.fr\/clg-ravine-des-cabris\/wp-content\/uploads\/sites\/158\/2023\/10\/Aristote-Ti-train-1-1024x1536.png 1024w, https:\/\/etab.ac-reunion.fr\/clg-ravine-des-cabris\/wp-content\/uploads\/sites\/158\/2023\/10\/Aristote-Ti-train-1-88x132.png 88w, https:\/\/etab.ac-reunion.fr\/clg-ravine-des-cabris\/wp-content\/uploads\/sites\/158\/2023\/10\/Aristote-Ti-train-1.png 1333w\" sizes=\"auto, (max-width: 1280px) 100vw, 1280px\" \/><\/a><\/figure>\n\n\n\n<figure class=\"wp-block-image size-large\"><a href=\"https:\/\/etab.ac-reunion.fr\/clg-ravine-des-cabris\/wp-content\/uploads\/sites\/158\/2023\/10\/Aristote-Ti-Train-2.png\"><img loading=\"lazy\" decoding=\"async\" width=\"1280\" height=\"1920\" data-id=\"3026\" src=\"https:\/\/etab.ac-reunion.fr\/clg-ravine-des-cabris\/wp-content\/uploads\/sites\/158\/2023\/10\/Aristote-Ti-Train-2-1280x1920.png\" alt=\"\" class=\"wp-image-3026\" srcset=\"https:\/\/etab.ac-reunion.fr\/clg-ravine-des-cabris\/wp-content\/uploads\/sites\/158\/2023\/10\/Aristote-Ti-Train-2-1280x1920.png 1280w, https:\/\/etab.ac-reunion.fr\/clg-ravine-des-cabris\/wp-content\/uploads\/sites\/158\/2023\/10\/Aristote-Ti-Train-2-400x600.png 400w, https:\/\/etab.ac-reunion.fr\/clg-ravine-des-cabris\/wp-content\/uploads\/sites\/158\/2023\/10\/Aristote-Ti-Train-2-768x1152.png 768w, https:\/\/etab.ac-reunion.fr\/clg-ravine-des-cabris\/wp-content\/uploads\/sites\/158\/2023\/10\/Aristote-Ti-Train-2-1024x1536.png 1024w, https:\/\/etab.ac-reunion.fr\/clg-ravine-des-cabris\/wp-content\/uploads\/sites\/158\/2023\/10\/Aristote-Ti-Train-2-88x132.png 88w, https:\/\/etab.ac-reunion.fr\/clg-ravine-des-cabris\/wp-content\/uploads\/sites\/158\/2023\/10\/Aristote-Ti-Train-2.png 1333w\" sizes=\"auto, (max-width: 1280px) 100vw, 1280px\" \/><\/a><\/figure>\n\n\n\n<figure class=\"wp-block-image size-large\"><a href=\"https:\/\/etab.ac-reunion.fr\/clg-ravine-des-cabris\/wp-content\/uploads\/sites\/158\/2023\/10\/Aristote-Ti-Train-3.png\"><img loading=\"lazy\" decoding=\"async\" width=\"1280\" height=\"1920\" data-id=\"3025\" src=\"https:\/\/etab.ac-reunion.fr\/clg-ravine-des-cabris\/wp-content\/uploads\/sites\/158\/2023\/10\/Aristote-Ti-Train-3-1280x1920.png\" alt=\"\" class=\"wp-image-3025\" srcset=\"https:\/\/etab.ac-reunion.fr\/clg-ravine-des-cabris\/wp-content\/uploads\/sites\/158\/2023\/10\/Aristote-Ti-Train-3-1280x1920.png 1280w, https:\/\/etab.ac-reunion.fr\/clg-ravine-des-cabris\/wp-content\/uploads\/sites\/158\/2023\/10\/Aristote-Ti-Train-3-400x600.png 400w, https:\/\/etab.ac-reunion.fr\/clg-ravine-des-cabris\/wp-content\/uploads\/sites\/158\/2023\/10\/Aristote-Ti-Train-3-768x1152.png 768w, https:\/\/etab.ac-reunion.fr\/clg-ravine-des-cabris\/wp-content\/uploads\/sites\/158\/2023\/10\/Aristote-Ti-Train-3-1024x1536.png 1024w, https:\/\/etab.ac-reunion.fr\/clg-ravine-des-cabris\/wp-content\/uploads\/sites\/158\/2023\/10\/Aristote-Ti-Train-3-88x132.png 88w, https:\/\/etab.ac-reunion.fr\/clg-ravine-des-cabris\/wp-content\/uploads\/sites\/158\/2023\/10\/Aristote-Ti-Train-3.png 1333w\" sizes=\"auto, (max-width: 1280px) 100vw, 1280px\" \/><\/a><\/figure>\n\n\n\n<figure class=\"wp-block-image size-large\"><a href=\"https:\/\/etab.ac-reunion.fr\/clg-ravine-des-cabris\/wp-content\/uploads\/sites\/158\/2023\/10\/Aristote-Ti-Train-4.png\"><img loading=\"lazy\" decoding=\"async\" width=\"1280\" height=\"1920\" data-id=\"3028\" src=\"https:\/\/etab.ac-reunion.fr\/clg-ravine-des-cabris\/wp-content\/uploads\/sites\/158\/2023\/10\/Aristote-Ti-Train-4-1280x1920.png\" alt=\"\" class=\"wp-image-3028\" srcset=\"https:\/\/etab.ac-reunion.fr\/clg-ravine-des-cabris\/wp-content\/uploads\/sites\/158\/2023\/10\/Aristote-Ti-Train-4-1280x1920.png 1280w, https:\/\/etab.ac-reunion.fr\/clg-ravine-des-cabris\/wp-content\/uploads\/sites\/158\/2023\/10\/Aristote-Ti-Train-4-400x600.png 400w, https:\/\/etab.ac-reunion.fr\/clg-ravine-des-cabris\/wp-content\/uploads\/sites\/158\/2023\/10\/Aristote-Ti-Train-4-768x1152.png 768w, https:\/\/etab.ac-reunion.fr\/clg-ravine-des-cabris\/wp-content\/uploads\/sites\/158\/2023\/10\/Aristote-Ti-Train-4-1024x1536.png 1024w, https:\/\/etab.ac-reunion.fr\/clg-ravine-des-cabris\/wp-content\/uploads\/sites\/158\/2023\/10\/Aristote-Ti-Train-4-88x132.png 88w, https:\/\/etab.ac-reunion.fr\/clg-ravine-des-cabris\/wp-content\/uploads\/sites\/158\/2023\/10\/Aristote-Ti-Train-4.png 1333w\" sizes=\"auto, (max-width: 1280px) 100vw, 1280px\" \/><\/a><\/figure>\n\n\n\n<figure class=\"wp-block-image size-large\"><a href=\"https:\/\/etab.ac-reunion.fr\/clg-ravine-des-cabris\/wp-content\/uploads\/sites\/158\/2023\/10\/Aristote-Ti-Train-5.png\"><img loading=\"lazy\" decoding=\"async\" width=\"1280\" height=\"1920\" data-id=\"3030\" src=\"https:\/\/etab.ac-reunion.fr\/clg-ravine-des-cabris\/wp-content\/uploads\/sites\/158\/2023\/10\/Aristote-Ti-Train-5-1280x1920.png\" alt=\"\" class=\"wp-image-3030\" srcset=\"https:\/\/etab.ac-reunion.fr\/clg-ravine-des-cabris\/wp-content\/uploads\/sites\/158\/2023\/10\/Aristote-Ti-Train-5-1280x1920.png 1280w, https:\/\/etab.ac-reunion.fr\/clg-ravine-des-cabris\/wp-content\/uploads\/sites\/158\/2023\/10\/Aristote-Ti-Train-5-400x600.png 400w, https:\/\/etab.ac-reunion.fr\/clg-ravine-des-cabris\/wp-content\/uploads\/sites\/158\/2023\/10\/Aristote-Ti-Train-5-768x1152.png 768w, https:\/\/etab.ac-reunion.fr\/clg-ravine-des-cabris\/wp-content\/uploads\/sites\/158\/2023\/10\/Aristote-Ti-Train-5-1024x1536.png 1024w, https:\/\/etab.ac-reunion.fr\/clg-ravine-des-cabris\/wp-content\/uploads\/sites\/158\/2023\/10\/Aristote-Ti-Train-5-88x132.png 88w, https:\/\/etab.ac-reunion.fr\/clg-ravine-des-cabris\/wp-content\/uploads\/sites\/158\/2023\/10\/Aristote-Ti-Train-5.png 1333w\" sizes=\"auto, (max-width: 1280px) 100vw, 1280px\" \/><\/a><\/figure>\n\n\n\n<figure class=\"wp-block-image size-large\"><a href=\"https:\/\/etab.ac-reunion.fr\/clg-ravine-des-cabris\/wp-content\/uploads\/sites\/158\/2023\/10\/Aristote-Ti-Train-6.png\"><img loading=\"lazy\" decoding=\"async\" width=\"1280\" height=\"1920\" data-id=\"3027\" src=\"https:\/\/etab.ac-reunion.fr\/clg-ravine-des-cabris\/wp-content\/uploads\/sites\/158\/2023\/10\/Aristote-Ti-Train-6-1280x1920.png\" alt=\"\" class=\"wp-image-3027\" srcset=\"https:\/\/etab.ac-reunion.fr\/clg-ravine-des-cabris\/wp-content\/uploads\/sites\/158\/2023\/10\/Aristote-Ti-Train-6-1280x1920.png 1280w, https:\/\/etab.ac-reunion.fr\/clg-ravine-des-cabris\/wp-content\/uploads\/sites\/158\/2023\/10\/Aristote-Ti-Train-6-400x600.png 400w, https:\/\/etab.ac-reunion.fr\/clg-ravine-des-cabris\/wp-content\/uploads\/sites\/158\/2023\/10\/Aristote-Ti-Train-6-768x1152.png 768w, https:\/\/etab.ac-reunion.fr\/clg-ravine-des-cabris\/wp-content\/uploads\/sites\/158\/2023\/10\/Aristote-Ti-Train-6-1024x1536.png 1024w, https:\/\/etab.ac-reunion.fr\/clg-ravine-des-cabris\/wp-content\/uploads\/sites\/158\/2023\/10\/Aristote-Ti-Train-6-88x132.png 88w, https:\/\/etab.ac-reunion.fr\/clg-ravine-des-cabris\/wp-content\/uploads\/sites\/158\/2023\/10\/Aristote-Ti-Train-6.png 1333w\" sizes=\"auto, (max-width: 1280px) 100vw, 1280px\" \/><\/a><\/figure>\n<\/figure>\n\n\n\n<div class=\"wp-block-media-text is-stacked-on-mobile\"><figure class=\"wp-block-media-text__media\"><img loading=\"lazy\" decoding=\"async\" width=\"1920\" height=\"1348\" src=\"https:\/\/etab.ac-reunion.fr\/clg-ravine-des-cabris\/wp-content\/uploads\/sites\/158\/2023\/10\/Daphne-Lee-Hann-Anna-1920x1348.jpeg\" alt=\"\" class=\"wp-image-3031 size-full\" srcset=\"https:\/\/etab.ac-reunion.fr\/clg-ravine-des-cabris\/wp-content\/uploads\/sites\/158\/2023\/10\/Daphne-Lee-Hann-Anna-1920x1348.jpeg 1920w, https:\/\/etab.ac-reunion.fr\/clg-ravine-des-cabris\/wp-content\/uploads\/sites\/158\/2023\/10\/Daphne-Lee-Hann-Anna-800x562.jpeg 800w, https:\/\/etab.ac-reunion.fr\/clg-ravine-des-cabris\/wp-content\/uploads\/sites\/158\/2023\/10\/Daphne-Lee-Hann-Anna-768x539.jpeg 768w, https:\/\/etab.ac-reunion.fr\/clg-ravine-des-cabris\/wp-content\/uploads\/sites\/158\/2023\/10\/Daphne-Lee-Hann-Anna-1536x1079.jpeg 1536w, https:\/\/etab.ac-reunion.fr\/clg-ravine-des-cabris\/wp-content\/uploads\/sites\/158\/2023\/10\/Daphne-Lee-Hann-Anna-2048x1438.jpeg 2048w, https:\/\/etab.ac-reunion.fr\/clg-ravine-des-cabris\/wp-content\/uploads\/sites\/158\/2023\/10\/Daphne-Lee-Hann-Anna-188x132.jpeg 188w\" sizes=\"auto, (max-width: 1920px) 100vw, 1920px\" \/><\/figure><div class=\"wp-block-media-text__content\">\n<p>Vous trouverez dans la vid\u00e9o ci-dessous toutes les affiches et leurs notices. Un grand merci aux 4\u00b0 Aristote pour leur collaboration.<a href=\"https:\/\/tube-numerique-educatif.apps.education.fr\/w\/7cCFfCQq4F2YX3dpMUxnxR\">https:\/\/tube-numerique-educatif.apps.education.fr\/w\/7cCFfCQq4F2YX3dpMUxnxR<\/a><\/p>\n<\/div><\/div>\n","protected":false},"excerpt":{"rendered":"","protected":false},"author":28090,"featured_media":3032,"comment_status":"closed","ping_status":"closed","sticky":false,"template":"","format":"standard","meta":{"footnotes":"","_links_to":"","_links_to_target":""},"categories":[32,17,18,55],"tags":[],"class_list":["post-3024","post","type-post","status-publish","format-standard","has-post-thumbnail","hentry","category-arts-plastiques","category-francais-latin","category-histoire-geographie-emc","category-parcours-deducation-artistique-et-culturelle"],"_links":{"self":[{"href":"https:\/\/etab.ac-reunion.fr\/clg-ravine-des-cabris\/wp-json\/wp\/v2\/posts\/3024","targetHints":{"allow":["GET"]}}],"collection":[{"href":"https:\/\/etab.ac-reunion.fr\/clg-ravine-des-cabris\/wp-json\/wp\/v2\/posts"}],"about":[{"href":"https:\/\/etab.ac-reunion.fr\/clg-ravine-des-cabris\/wp-json\/wp\/v2\/types\/post"}],"author":[{"embeddable":true,"href":"https:\/\/etab.ac-reunion.fr\/clg-ravine-des-cabris\/wp-json\/wp\/v2\/users\/28090"}],"replies":[{"embeddable":true,"href":"https:\/\/etab.ac-reunion.fr\/clg-ravine-des-cabris\/wp-json\/wp\/v2\/comments?post=3024"}],"version-history":[{"count":10,"href":"https:\/\/etab.ac-reunion.fr\/clg-ravine-des-cabris\/wp-json\/wp\/v2\/posts\/3024\/revisions"}],"predecessor-version":[{"id":3049,"href":"https:\/\/etab.ac-reunion.fr\/clg-ravine-des-cabris\/wp-json\/wp\/v2\/posts\/3024\/revisions\/3049"}],"wp:featuredmedia":[{"embeddable":true,"href":"https:\/\/etab.ac-reunion.fr\/clg-ravine-des-cabris\/wp-json\/wp\/v2\/media\/3032"}],"wp:attachment":[{"href":"https:\/\/etab.ac-reunion.fr\/clg-ravine-des-cabris\/wp-json\/wp\/v2\/media?parent=3024"}],"wp:term":[{"taxonomy":"category","embeddable":true,"href":"https:\/\/etab.ac-reunion.fr\/clg-ravine-des-cabris\/wp-json\/wp\/v2\/categories?post=3024"},{"taxonomy":"post_tag","embeddable":true,"href":"https:\/\/etab.ac-reunion.fr\/clg-ravine-des-cabris\/wp-json\/wp\/v2\/tags?post=3024"}],"curies":[{"name":"wp","href":"https:\/\/api.w.org\/{rel}","templated":true}]}}