{"id":3090,"date":"2023-11-17T12:33:27","date_gmt":"2023-11-17T11:33:27","guid":{"rendered":"https:\/\/etab.ac-reunion.fr\/clg-ravine-des-cabris\/?p=3090"},"modified":"2023-11-17T12:33:29","modified_gmt":"2023-11-17T11:33:29","slug":"visite-du-musee-villele","status":"publish","type":"post","link":"https:\/\/etab.ac-reunion.fr\/clg-ravine-des-cabris\/2023\/11\/17\/visite-du-musee-villele\/","title":{"rendered":"Visite du mus\u00e9e Vill\u00e8le"},"content":{"rendered":"\n<p>Les 4\u00b0 Frank et les 4\u00b0 Klimt sont all\u00e9s \u00e0 Saint Gilles Les hauts afin de visiter le mus\u00e9e Vill\u00e8le. Les guides leur ont expliqu\u00e9 la vie quotidienne des esclaves chez Mme Desbassayns en insistant sur les rapports ma\u00eetres-esclaves mais \u00e9galement les rapports avec les commandeurs sans oublier leurs t\u00e2ches quotidiennes, leurs logements faits de mati\u00e8res v\u00e9g\u00e9tales, la nourriture \u00e0 laquelle ils avaient droit et l\u2019h\u00f4pital des esclaves. Ils ont \u00e9galement visit\u00e9 les diff\u00e9rentes pi\u00e8ces de la maison de Mme Desbassayns ont pu appr\u00e9cier la richesse et le raffinement du d\u00e9cor et pour terminer la visite, ils ont d\u00e9couvert la chapelle Pointue et son histoire. Les 4\u00b0 Frank ont pr\u00e9par\u00e9 des affiches pour la c\u00e9l\u00e9bration du 20 d\u00e9cembre au coll\u00e8ge et les 4\u00b0 Klimt ont enregistr\u00e9 une \u00e9mission de radio.<\/p>\n\n\n\n<figure class=\"wp-block-audio\"><audio controls src=\"https:\/\/etab.ac-reunion.fr\/clg-ravine-des-cabris\/wp-content\/uploads\/sites\/158\/2023\/11\/Radio-Klimt-Villele_MP3.mp3\"><\/audio><\/figure>\n\n\n\n<blockquote class=\"wp-block-quote is-layout-flow wp-block-quote-is-layout-flow\">\n<p class=\"has-accent-2-color has-sitebg-background-color has-text-color has-background\"><strong><em>No\u00ebline : <\/em><\/strong>Cette sortie \u00e9tait tr\u00e8s int\u00e9ressante, l\u2019ambiance \u00e9tait tr\u00e8s dr\u00f4le et la guide expliquait tr\u00e8s bien.<\/p>\n\n\n\n<p class=\"has-accent-2-color has-sitebg-background-color has-text-color has-background\"><strong><em>Melvin :<\/em><\/strong> Je pense que c\u2019\u00e9tait tr\u00e8s tr\u00e8s bien, il y avait une bonne ambiance et je me suis bien amus\u00e9.<\/p>\n\n\n\n<p class=\"has-accent-2-color has-sitebg-background-color has-text-color has-background\"><strong><em>Ma\u00eblya :<\/em><\/strong> Cette sortie m\u2019a appris plein de choses, j\u2019ai beaucoup aim\u00e9 m\u00eame s\u2019il y avait un peu de bruit, dans l\u2019ensemble c\u2019\u00e9tait agr\u00e9able.<\/p>\n\n\n\n<p class=\"has-accent-2-color has-sitebg-background-color has-text-color has-background\"><strong><em>H\u00e9my :<\/em><\/strong> C\u2019\u00e9tait une belle sortie et on en a appris beaucoup sur l\u2019histoire de notre \u00eele mais certains \u00e9l\u00e8ves n\u2019\u00e9taient pas tr\u00e8s s\u00e9rieux et rigolaient ce qui a un peu perturb\u00e9 le r\u00e9cit de la guide.<\/p>\n\n\n\n<p class=\"has-accent-2-color has-sitebg-background-color has-text-color has-background\"><strong><em>Eva<\/em><\/strong><strong>\u00a0: <\/strong>la sortie \u00e9tait tr\u00e8s int\u00e9ressante on a appris beaucoup de choses sur l\u2019histoire de la Reunion la guide \u00e9tait tr\u00e8s gentille et elle expliquait tr\u00e8s bien les histoires des esclaves c\u2019\u00e9tait tr\u00e8s passionnant.<\/p>\n\n\n\n<p class=\"has-accent-2-color has-sitebg-background-color has-text-color has-background\"><strong><em>Tiana<\/em><\/strong> <strong>:<\/strong> la sortie \u00e9tait bien, on a appris des choses. Moi j&rsquo;ai bien aim\u00e9 la sortie.<\/p>\n\n\n\n<p class=\"has-accent-2-color has-sitebg-background-color has-text-color has-background\"><strong><em>Thibault<\/em><\/strong> : j&rsquo;ai trouv\u00e9 la sortie un peu ennuyeuse car on nous racontait des choses d\u00e9j\u00e0 apprises en cour sinon c\u00e9tait une bonne occasion de conna\u00eetre certains endroits.<\/p>\n\n\n\n<figure class=\"wp-block-gallery has-nested-images columns-default is-cropped wp-block-gallery-1 is-layout-flex wp-block-gallery-is-layout-flex\">\n<figure class=\"wp-block-image size-large\"><a href=\"https:\/\/etab.ac-reunion.fr\/clg-ravine-des-cabris\/wp-content\/uploads\/sites\/158\/2023\/11\/IMG_2680.jpeg\"><img loading=\"lazy\" decoding=\"async\" width=\"1440\" height=\"1920\" data-id=\"3096\" src=\"https:\/\/etab.ac-reunion.fr\/clg-ravine-des-cabris\/wp-content\/uploads\/sites\/158\/2023\/11\/IMG_2680-1440x1920.jpeg\" alt=\"\" class=\"wp-image-3096\" srcset=\"https:\/\/etab.ac-reunion.fr\/clg-ravine-des-cabris\/wp-content\/uploads\/sites\/158\/2023\/11\/IMG_2680-1440x1920.jpeg 1440w, https:\/\/etab.ac-reunion.fr\/clg-ravine-des-cabris\/wp-content\/uploads\/sites\/158\/2023\/11\/IMG_2680-450x600.jpeg 450w, https:\/\/etab.ac-reunion.fr\/clg-ravine-des-cabris\/wp-content\/uploads\/sites\/158\/2023\/11\/IMG_2680-768x1024.jpeg 768w, https:\/\/etab.ac-reunion.fr\/clg-ravine-des-cabris\/wp-content\/uploads\/sites\/158\/2023\/11\/IMG_2680-1152x1536.jpeg 1152w, https:\/\/etab.ac-reunion.fr\/clg-ravine-des-cabris\/wp-content\/uploads\/sites\/158\/2023\/11\/IMG_2680-1536x2048.jpeg 1536w, https:\/\/etab.ac-reunion.fr\/clg-ravine-des-cabris\/wp-content\/uploads\/sites\/158\/2023\/11\/IMG_2680-99x132.jpeg 99w, https:\/\/etab.ac-reunion.fr\/clg-ravine-des-cabris\/wp-content\/uploads\/sites\/158\/2023\/11\/IMG_2680.jpeg 1920w\" sizes=\"auto, (max-width: 1440px) 100vw, 1440px\" \/><\/a><\/figure>\n\n\n\n<figure class=\"wp-block-image size-large\"><a href=\"https:\/\/etab.ac-reunion.fr\/clg-ravine-des-cabris\/wp-content\/uploads\/sites\/158\/2023\/11\/IMG_2681.jpeg\"><img loading=\"lazy\" decoding=\"async\" width=\"1920\" height=\"1440\" data-id=\"3091\" src=\"https:\/\/etab.ac-reunion.fr\/clg-ravine-des-cabris\/wp-content\/uploads\/sites\/158\/2023\/11\/IMG_2681.jpeg\" alt=\"\" class=\"wp-image-3091\" srcset=\"https:\/\/etab.ac-reunion.fr\/clg-ravine-des-cabris\/wp-content\/uploads\/sites\/158\/2023\/11\/IMG_2681.jpeg 1920w, https:\/\/etab.ac-reunion.fr\/clg-ravine-des-cabris\/wp-content\/uploads\/sites\/158\/2023\/11\/IMG_2681-800x600.jpeg 800w, https:\/\/etab.ac-reunion.fr\/clg-ravine-des-cabris\/wp-content\/uploads\/sites\/158\/2023\/11\/IMG_2681-768x576.jpeg 768w, https:\/\/etab.ac-reunion.fr\/clg-ravine-des-cabris\/wp-content\/uploads\/sites\/158\/2023\/11\/IMG_2681-1536x1152.jpeg 1536w, https:\/\/etab.ac-reunion.fr\/clg-ravine-des-cabris\/wp-content\/uploads\/sites\/158\/2023\/11\/IMG_2681-176x132.jpeg 176w\" sizes=\"auto, (max-width: 1920px) 100vw, 1920px\" \/><\/a><\/figure>\n\n\n\n<figure class=\"wp-block-image size-large\"><a href=\"https:\/\/etab.ac-reunion.fr\/clg-ravine-des-cabris\/wp-content\/uploads\/sites\/158\/2023\/11\/IMG_2682.jpeg\"><img loading=\"lazy\" decoding=\"async\" width=\"1920\" height=\"1440\" data-id=\"3093\" src=\"https:\/\/etab.ac-reunion.fr\/clg-ravine-des-cabris\/wp-content\/uploads\/sites\/158\/2023\/11\/IMG_2682.jpeg\" alt=\"\" class=\"wp-image-3093\" srcset=\"https:\/\/etab.ac-reunion.fr\/clg-ravine-des-cabris\/wp-content\/uploads\/sites\/158\/2023\/11\/IMG_2682.jpeg 1920w, https:\/\/etab.ac-reunion.fr\/clg-ravine-des-cabris\/wp-content\/uploads\/sites\/158\/2023\/11\/IMG_2682-800x600.jpeg 800w, https:\/\/etab.ac-reunion.fr\/clg-ravine-des-cabris\/wp-content\/uploads\/sites\/158\/2023\/11\/IMG_2682-768x576.jpeg 768w, https:\/\/etab.ac-reunion.fr\/clg-ravine-des-cabris\/wp-content\/uploads\/sites\/158\/2023\/11\/IMG_2682-1536x1152.jpeg 1536w, https:\/\/etab.ac-reunion.fr\/clg-ravine-des-cabris\/wp-content\/uploads\/sites\/158\/2023\/11\/IMG_2682-176x132.jpeg 176w\" sizes=\"auto, (max-width: 1920px) 100vw, 1920px\" \/><\/a><\/figure>\n\n\n\n<figure class=\"wp-block-image size-large\"><a href=\"https:\/\/etab.ac-reunion.fr\/clg-ravine-des-cabris\/wp-content\/uploads\/sites\/158\/2023\/11\/IMG_2683.jpeg\"><img loading=\"lazy\" decoding=\"async\" width=\"1920\" height=\"1440\" data-id=\"3094\" src=\"https:\/\/etab.ac-reunion.fr\/clg-ravine-des-cabris\/wp-content\/uploads\/sites\/158\/2023\/11\/IMG_2683.jpeg\" alt=\"\" class=\"wp-image-3094\" srcset=\"https:\/\/etab.ac-reunion.fr\/clg-ravine-des-cabris\/wp-content\/uploads\/sites\/158\/2023\/11\/IMG_2683.jpeg 1920w, https:\/\/etab.ac-reunion.fr\/clg-ravine-des-cabris\/wp-content\/uploads\/sites\/158\/2023\/11\/IMG_2683-800x600.jpeg 800w, https:\/\/etab.ac-reunion.fr\/clg-ravine-des-cabris\/wp-content\/uploads\/sites\/158\/2023\/11\/IMG_2683-768x576.jpeg 768w, https:\/\/etab.ac-reunion.fr\/clg-ravine-des-cabris\/wp-content\/uploads\/sites\/158\/2023\/11\/IMG_2683-1536x1152.jpeg 1536w, https:\/\/etab.ac-reunion.fr\/clg-ravine-des-cabris\/wp-content\/uploads\/sites\/158\/2023\/11\/IMG_2683-176x132.jpeg 176w\" sizes=\"auto, (max-width: 1920px) 100vw, 1920px\" \/><\/a><\/figure>\n\n\n\n<figure class=\"wp-block-image size-large\"><a href=\"https:\/\/etab.ac-reunion.fr\/clg-ravine-des-cabris\/wp-content\/uploads\/sites\/158\/2023\/11\/IMG_2684.jpeg\"><img loading=\"lazy\" decoding=\"async\" width=\"1920\" height=\"1440\" data-id=\"3092\" src=\"https:\/\/etab.ac-reunion.fr\/clg-ravine-des-cabris\/wp-content\/uploads\/sites\/158\/2023\/11\/IMG_2684.jpeg\" alt=\"\" class=\"wp-image-3092\" srcset=\"https:\/\/etab.ac-reunion.fr\/clg-ravine-des-cabris\/wp-content\/uploads\/sites\/158\/2023\/11\/IMG_2684.jpeg 1920w, https:\/\/etab.ac-reunion.fr\/clg-ravine-des-cabris\/wp-content\/uploads\/sites\/158\/2023\/11\/IMG_2684-800x600.jpeg 800w, https:\/\/etab.ac-reunion.fr\/clg-ravine-des-cabris\/wp-content\/uploads\/sites\/158\/2023\/11\/IMG_2684-768x576.jpeg 768w, https:\/\/etab.ac-reunion.fr\/clg-ravine-des-cabris\/wp-content\/uploads\/sites\/158\/2023\/11\/IMG_2684-1536x1152.jpeg 1536w, https:\/\/etab.ac-reunion.fr\/clg-ravine-des-cabris\/wp-content\/uploads\/sites\/158\/2023\/11\/IMG_2684-176x132.jpeg 176w\" sizes=\"auto, (max-width: 1920px) 100vw, 1920px\" \/><\/a><\/figure>\n\n\n\n<figure class=\"wp-block-image size-large\"><a href=\"https:\/\/etab.ac-reunion.fr\/clg-ravine-des-cabris\/wp-content\/uploads\/sites\/158\/2023\/11\/IMG_2685.jpeg\"><img loading=\"lazy\" decoding=\"async\" width=\"1920\" height=\"1440\" data-id=\"3095\" src=\"https:\/\/etab.ac-reunion.fr\/clg-ravine-des-cabris\/wp-content\/uploads\/sites\/158\/2023\/11\/IMG_2685.jpeg\" alt=\"\" class=\"wp-image-3095\" srcset=\"https:\/\/etab.ac-reunion.fr\/clg-ravine-des-cabris\/wp-content\/uploads\/sites\/158\/2023\/11\/IMG_2685.jpeg 1920w, https:\/\/etab.ac-reunion.fr\/clg-ravine-des-cabris\/wp-content\/uploads\/sites\/158\/2023\/11\/IMG_2685-800x600.jpeg 800w, https:\/\/etab.ac-reunion.fr\/clg-ravine-des-cabris\/wp-content\/uploads\/sites\/158\/2023\/11\/IMG_2685-768x576.jpeg 768w, https:\/\/etab.ac-reunion.fr\/clg-ravine-des-cabris\/wp-content\/uploads\/sites\/158\/2023\/11\/IMG_2685-1536x1152.jpeg 1536w, https:\/\/etab.ac-reunion.fr\/clg-ravine-des-cabris\/wp-content\/uploads\/sites\/158\/2023\/11\/IMG_2685-176x132.jpeg 176w\" sizes=\"auto, (max-width: 1920px) 100vw, 1920px\" \/><\/a><\/figure>\n\n\n\n<figure class=\"wp-block-image size-large\"><a href=\"https:\/\/etab.ac-reunion.fr\/clg-ravine-des-cabris\/wp-content\/uploads\/sites\/158\/2023\/11\/IMG_2686.jpeg\"><img loading=\"lazy\" decoding=\"async\" width=\"1920\" height=\"1440\" data-id=\"3097\" src=\"https:\/\/etab.ac-reunion.fr\/clg-ravine-des-cabris\/wp-content\/uploads\/sites\/158\/2023\/11\/IMG_2686.jpeg\" alt=\"\" class=\"wp-image-3097\" srcset=\"https:\/\/etab.ac-reunion.fr\/clg-ravine-des-cabris\/wp-content\/uploads\/sites\/158\/2023\/11\/IMG_2686.jpeg 1920w, https:\/\/etab.ac-reunion.fr\/clg-ravine-des-cabris\/wp-content\/uploads\/sites\/158\/2023\/11\/IMG_2686-800x600.jpeg 800w, https:\/\/etab.ac-reunion.fr\/clg-ravine-des-cabris\/wp-content\/uploads\/sites\/158\/2023\/11\/IMG_2686-768x576.jpeg 768w, https:\/\/etab.ac-reunion.fr\/clg-ravine-des-cabris\/wp-content\/uploads\/sites\/158\/2023\/11\/IMG_2686-1536x1152.jpeg 1536w, https:\/\/etab.ac-reunion.fr\/clg-ravine-des-cabris\/wp-content\/uploads\/sites\/158\/2023\/11\/IMG_2686-176x132.jpeg 176w\" sizes=\"auto, (max-width: 1920px) 100vw, 1920px\" \/><\/a><\/figure>\n\n\n\n<figure class=\"wp-block-image size-large\"><a href=\"https:\/\/etab.ac-reunion.fr\/clg-ravine-des-cabris\/wp-content\/uploads\/sites\/158\/2023\/11\/IMG_2687.jpeg\"><img loading=\"lazy\" decoding=\"async\" width=\"1440\" height=\"1920\" data-id=\"3098\" src=\"https:\/\/etab.ac-reunion.fr\/clg-ravine-des-cabris\/wp-content\/uploads\/sites\/158\/2023\/11\/IMG_2687-1440x1920.jpeg\" alt=\"\" class=\"wp-image-3098\" srcset=\"https:\/\/etab.ac-reunion.fr\/clg-ravine-des-cabris\/wp-content\/uploads\/sites\/158\/2023\/11\/IMG_2687-1440x1920.jpeg 1440w, https:\/\/etab.ac-reunion.fr\/clg-ravine-des-cabris\/wp-content\/uploads\/sites\/158\/2023\/11\/IMG_2687-450x600.jpeg 450w, https:\/\/etab.ac-reunion.fr\/clg-ravine-des-cabris\/wp-content\/uploads\/sites\/158\/2023\/11\/IMG_2687-768x1024.jpeg 768w, https:\/\/etab.ac-reunion.fr\/clg-ravine-des-cabris\/wp-content\/uploads\/sites\/158\/2023\/11\/IMG_2687-1152x1536.jpeg 1152w, https:\/\/etab.ac-reunion.fr\/clg-ravine-des-cabris\/wp-content\/uploads\/sites\/158\/2023\/11\/IMG_2687-1536x2048.jpeg 1536w, https:\/\/etab.ac-reunion.fr\/clg-ravine-des-cabris\/wp-content\/uploads\/sites\/158\/2023\/11\/IMG_2687-99x132.jpeg 99w, https:\/\/etab.ac-reunion.fr\/clg-ravine-des-cabris\/wp-content\/uploads\/sites\/158\/2023\/11\/IMG_2687.jpeg 1920w\" sizes=\"auto, (max-width: 1440px) 100vw, 1440px\" \/><\/a><\/figure>\n\n\n\n<figure class=\"wp-block-image size-large\"><a href=\"https:\/\/etab.ac-reunion.fr\/clg-ravine-des-cabris\/wp-content\/uploads\/sites\/158\/2023\/11\/IMG_2688.jpeg\"><img loading=\"lazy\" decoding=\"async\" width=\"1440\" height=\"1920\" data-id=\"3099\" src=\"https:\/\/etab.ac-reunion.fr\/clg-ravine-des-cabris\/wp-content\/uploads\/sites\/158\/2023\/11\/IMG_2688-1440x1920.jpeg\" alt=\"\" class=\"wp-image-3099\" srcset=\"https:\/\/etab.ac-reunion.fr\/clg-ravine-des-cabris\/wp-content\/uploads\/sites\/158\/2023\/11\/IMG_2688-1440x1920.jpeg 1440w, https:\/\/etab.ac-reunion.fr\/clg-ravine-des-cabris\/wp-content\/uploads\/sites\/158\/2023\/11\/IMG_2688-450x600.jpeg 450w, https:\/\/etab.ac-reunion.fr\/clg-ravine-des-cabris\/wp-content\/uploads\/sites\/158\/2023\/11\/IMG_2688-768x1024.jpeg 768w, https:\/\/etab.ac-reunion.fr\/clg-ravine-des-cabris\/wp-content\/uploads\/sites\/158\/2023\/11\/IMG_2688-1152x1536.jpeg 1152w, https:\/\/etab.ac-reunion.fr\/clg-ravine-des-cabris\/wp-content\/uploads\/sites\/158\/2023\/11\/IMG_2688-1536x2048.jpeg 1536w, https:\/\/etab.ac-reunion.fr\/clg-ravine-des-cabris\/wp-content\/uploads\/sites\/158\/2023\/11\/IMG_2688-99x132.jpeg 99w, https:\/\/etab.ac-reunion.fr\/clg-ravine-des-cabris\/wp-content\/uploads\/sites\/158\/2023\/11\/IMG_2688.jpeg 1920w\" sizes=\"auto, (max-width: 1440px) 100vw, 1440px\" \/><\/a><\/figure>\n\n\n\n<figure class=\"wp-block-image size-large\"><a href=\"https:\/\/etab.ac-reunion.fr\/clg-ravine-des-cabris\/wp-content\/uploads\/sites\/158\/2023\/11\/IMG_2690.jpeg\"><img loading=\"lazy\" decoding=\"async\" width=\"1440\" height=\"1920\" data-id=\"3100\" src=\"https:\/\/etab.ac-reunion.fr\/clg-ravine-des-cabris\/wp-content\/uploads\/sites\/158\/2023\/11\/IMG_2690-1440x1920.jpeg\" alt=\"\" class=\"wp-image-3100\" srcset=\"https:\/\/etab.ac-reunion.fr\/clg-ravine-des-cabris\/wp-content\/uploads\/sites\/158\/2023\/11\/IMG_2690-1440x1920.jpeg 1440w, https:\/\/etab.ac-reunion.fr\/clg-ravine-des-cabris\/wp-content\/uploads\/sites\/158\/2023\/11\/IMG_2690-450x600.jpeg 450w, https:\/\/etab.ac-reunion.fr\/clg-ravine-des-cabris\/wp-content\/uploads\/sites\/158\/2023\/11\/IMG_2690-768x1024.jpeg 768w, https:\/\/etab.ac-reunion.fr\/clg-ravine-des-cabris\/wp-content\/uploads\/sites\/158\/2023\/11\/IMG_2690-1152x1536.jpeg 1152w, https:\/\/etab.ac-reunion.fr\/clg-ravine-des-cabris\/wp-content\/uploads\/sites\/158\/2023\/11\/IMG_2690-1536x2048.jpeg 1536w, https:\/\/etab.ac-reunion.fr\/clg-ravine-des-cabris\/wp-content\/uploads\/sites\/158\/2023\/11\/IMG_2690-99x132.jpeg 99w, https:\/\/etab.ac-reunion.fr\/clg-ravine-des-cabris\/wp-content\/uploads\/sites\/158\/2023\/11\/IMG_2690.jpeg 1920w\" sizes=\"auto, (max-width: 1440px) 100vw, 1440px\" \/><\/a><\/figure>\n\n\n\n<figure class=\"wp-block-image size-large\"><a href=\"https:\/\/etab.ac-reunion.fr\/clg-ravine-des-cabris\/wp-content\/uploads\/sites\/158\/2023\/11\/IMG_2691.jpeg\"><img loading=\"lazy\" decoding=\"async\" width=\"1920\" height=\"1440\" data-id=\"3101\" src=\"https:\/\/etab.ac-reunion.fr\/clg-ravine-des-cabris\/wp-content\/uploads\/sites\/158\/2023\/11\/IMG_2691.jpeg\" alt=\"\" class=\"wp-image-3101\" srcset=\"https:\/\/etab.ac-reunion.fr\/clg-ravine-des-cabris\/wp-content\/uploads\/sites\/158\/2023\/11\/IMG_2691.jpeg 1920w, https:\/\/etab.ac-reunion.fr\/clg-ravine-des-cabris\/wp-content\/uploads\/sites\/158\/2023\/11\/IMG_2691-800x600.jpeg 800w, https:\/\/etab.ac-reunion.fr\/clg-ravine-des-cabris\/wp-content\/uploads\/sites\/158\/2023\/11\/IMG_2691-768x576.jpeg 768w, https:\/\/etab.ac-reunion.fr\/clg-ravine-des-cabris\/wp-content\/uploads\/sites\/158\/2023\/11\/IMG_2691-1536x1152.jpeg 1536w, https:\/\/etab.ac-reunion.fr\/clg-ravine-des-cabris\/wp-content\/uploads\/sites\/158\/2023\/11\/IMG_2691-176x132.jpeg 176w\" sizes=\"auto, (max-width: 1920px) 100vw, 1920px\" \/><\/a><\/figure>\n\n\n\n<figure class=\"wp-block-image size-large\"><a href=\"https:\/\/etab.ac-reunion.fr\/clg-ravine-des-cabris\/wp-content\/uploads\/sites\/158\/2023\/11\/IMG_2692.jpeg\"><img loading=\"lazy\" decoding=\"async\" width=\"1920\" height=\"1440\" data-id=\"3102\" src=\"https:\/\/etab.ac-reunion.fr\/clg-ravine-des-cabris\/wp-content\/uploads\/sites\/158\/2023\/11\/IMG_2692.jpeg\" alt=\"\" class=\"wp-image-3102\" srcset=\"https:\/\/etab.ac-reunion.fr\/clg-ravine-des-cabris\/wp-content\/uploads\/sites\/158\/2023\/11\/IMG_2692.jpeg 1920w, https:\/\/etab.ac-reunion.fr\/clg-ravine-des-cabris\/wp-content\/uploads\/sites\/158\/2023\/11\/IMG_2692-800x600.jpeg 800w, https:\/\/etab.ac-reunion.fr\/clg-ravine-des-cabris\/wp-content\/uploads\/sites\/158\/2023\/11\/IMG_2692-768x576.jpeg 768w, https:\/\/etab.ac-reunion.fr\/clg-ravine-des-cabris\/wp-content\/uploads\/sites\/158\/2023\/11\/IMG_2692-1536x1152.jpeg 1536w, https:\/\/etab.ac-reunion.fr\/clg-ravine-des-cabris\/wp-content\/uploads\/sites\/158\/2023\/11\/IMG_2692-176x132.jpeg 176w\" sizes=\"auto, (max-width: 1920px) 100vw, 1920px\" \/><\/a><\/figure>\n\n\n\n<figure class=\"wp-block-image size-large\"><a href=\"https:\/\/etab.ac-reunion.fr\/clg-ravine-des-cabris\/wp-content\/uploads\/sites\/158\/2023\/11\/IMG_2693.jpeg\"><img loading=\"lazy\" decoding=\"async\" width=\"1920\" height=\"1440\" data-id=\"3103\" src=\"https:\/\/etab.ac-reunion.fr\/clg-ravine-des-cabris\/wp-content\/uploads\/sites\/158\/2023\/11\/IMG_2693.jpeg\" alt=\"\" class=\"wp-image-3103\" srcset=\"https:\/\/etab.ac-reunion.fr\/clg-ravine-des-cabris\/wp-content\/uploads\/sites\/158\/2023\/11\/IMG_2693.jpeg 1920w, https:\/\/etab.ac-reunion.fr\/clg-ravine-des-cabris\/wp-content\/uploads\/sites\/158\/2023\/11\/IMG_2693-800x600.jpeg 800w, https:\/\/etab.ac-reunion.fr\/clg-ravine-des-cabris\/wp-content\/uploads\/sites\/158\/2023\/11\/IMG_2693-768x576.jpeg 768w, https:\/\/etab.ac-reunion.fr\/clg-ravine-des-cabris\/wp-content\/uploads\/sites\/158\/2023\/11\/IMG_2693-1536x1152.jpeg 1536w, https:\/\/etab.ac-reunion.fr\/clg-ravine-des-cabris\/wp-content\/uploads\/sites\/158\/2023\/11\/IMG_2693-176x132.jpeg 176w\" sizes=\"auto, (max-width: 1920px) 100vw, 1920px\" \/><\/a><\/figure>\n\n\n\n<figure class=\"wp-block-image size-large\"><a href=\"https:\/\/etab.ac-reunion.fr\/clg-ravine-des-cabris\/wp-content\/uploads\/sites\/158\/2023\/11\/IMG_2694.jpeg\"><img loading=\"lazy\" decoding=\"async\" width=\"1920\" height=\"1440\" data-id=\"3104\" src=\"https:\/\/etab.ac-reunion.fr\/clg-ravine-des-cabris\/wp-content\/uploads\/sites\/158\/2023\/11\/IMG_2694.jpeg\" alt=\"\" class=\"wp-image-3104\" srcset=\"https:\/\/etab.ac-reunion.fr\/clg-ravine-des-cabris\/wp-content\/uploads\/sites\/158\/2023\/11\/IMG_2694.jpeg 1920w, https:\/\/etab.ac-reunion.fr\/clg-ravine-des-cabris\/wp-content\/uploads\/sites\/158\/2023\/11\/IMG_2694-800x600.jpeg 800w, https:\/\/etab.ac-reunion.fr\/clg-ravine-des-cabris\/wp-content\/uploads\/sites\/158\/2023\/11\/IMG_2694-768x576.jpeg 768w, https:\/\/etab.ac-reunion.fr\/clg-ravine-des-cabris\/wp-content\/uploads\/sites\/158\/2023\/11\/IMG_2694-1536x1152.jpeg 1536w, https:\/\/etab.ac-reunion.fr\/clg-ravine-des-cabris\/wp-content\/uploads\/sites\/158\/2023\/11\/IMG_2694-176x132.jpeg 176w\" sizes=\"auto, (max-width: 1920px) 100vw, 1920px\" \/><\/a><\/figure>\n\n\n\n<figure class=\"wp-block-image size-large\"><a href=\"https:\/\/etab.ac-reunion.fr\/clg-ravine-des-cabris\/wp-content\/uploads\/sites\/158\/2023\/11\/IMG_2695.jpeg\"><img loading=\"lazy\" decoding=\"async\" width=\"1440\" height=\"1920\" data-id=\"3105\" src=\"https:\/\/etab.ac-reunion.fr\/clg-ravine-des-cabris\/wp-content\/uploads\/sites\/158\/2023\/11\/IMG_2695-1440x1920.jpeg\" alt=\"\" class=\"wp-image-3105\" srcset=\"https:\/\/etab.ac-reunion.fr\/clg-ravine-des-cabris\/wp-content\/uploads\/sites\/158\/2023\/11\/IMG_2695-1440x1920.jpeg 1440w, https:\/\/etab.ac-reunion.fr\/clg-ravine-des-cabris\/wp-content\/uploads\/sites\/158\/2023\/11\/IMG_2695-450x600.jpeg 450w, https:\/\/etab.ac-reunion.fr\/clg-ravine-des-cabris\/wp-content\/uploads\/sites\/158\/2023\/11\/IMG_2695-768x1024.jpeg 768w, https:\/\/etab.ac-reunion.fr\/clg-ravine-des-cabris\/wp-content\/uploads\/sites\/158\/2023\/11\/IMG_2695-1152x1536.jpeg 1152w, https:\/\/etab.ac-reunion.fr\/clg-ravine-des-cabris\/wp-content\/uploads\/sites\/158\/2023\/11\/IMG_2695-1536x2048.jpeg 1536w, https:\/\/etab.ac-reunion.fr\/clg-ravine-des-cabris\/wp-content\/uploads\/sites\/158\/2023\/11\/IMG_2695-99x132.jpeg 99w, https:\/\/etab.ac-reunion.fr\/clg-ravine-des-cabris\/wp-content\/uploads\/sites\/158\/2023\/11\/IMG_2695.jpeg 1920w\" sizes=\"auto, (max-width: 1440px) 100vw, 1440px\" \/><\/a><\/figure>\n\n\n\n<figure class=\"wp-block-image size-large\"><a href=\"https:\/\/etab.ac-reunion.fr\/clg-ravine-des-cabris\/wp-content\/uploads\/sites\/158\/2023\/11\/IMG_2697.jpeg\"><img loading=\"lazy\" decoding=\"async\" width=\"1440\" height=\"1920\" data-id=\"3106\" src=\"https:\/\/etab.ac-reunion.fr\/clg-ravine-des-cabris\/wp-content\/uploads\/sites\/158\/2023\/11\/IMG_2697-1440x1920.jpeg\" alt=\"\" class=\"wp-image-3106\" srcset=\"https:\/\/etab.ac-reunion.fr\/clg-ravine-des-cabris\/wp-content\/uploads\/sites\/158\/2023\/11\/IMG_2697-1440x1920.jpeg 1440w, https:\/\/etab.ac-reunion.fr\/clg-ravine-des-cabris\/wp-content\/uploads\/sites\/158\/2023\/11\/IMG_2697-450x600.jpeg 450w, https:\/\/etab.ac-reunion.fr\/clg-ravine-des-cabris\/wp-content\/uploads\/sites\/158\/2023\/11\/IMG_2697-768x1024.jpeg 768w, https:\/\/etab.ac-reunion.fr\/clg-ravine-des-cabris\/wp-content\/uploads\/sites\/158\/2023\/11\/IMG_2697-1152x1536.jpeg 1152w, https:\/\/etab.ac-reunion.fr\/clg-ravine-des-cabris\/wp-content\/uploads\/sites\/158\/2023\/11\/IMG_2697-1536x2048.jpeg 1536w, https:\/\/etab.ac-reunion.fr\/clg-ravine-des-cabris\/wp-content\/uploads\/sites\/158\/2023\/11\/IMG_2697-99x132.jpeg 99w, https:\/\/etab.ac-reunion.fr\/clg-ravine-des-cabris\/wp-content\/uploads\/sites\/158\/2023\/11\/IMG_2697.jpeg 1920w\" sizes=\"auto, (max-width: 1440px) 100vw, 1440px\" \/><\/a><\/figure>\n\n\n\n<figure class=\"wp-block-image size-large\"><a href=\"https:\/\/etab.ac-reunion.fr\/clg-ravine-des-cabris\/wp-content\/uploads\/sites\/158\/2023\/11\/IMG_2708.jpeg\"><img loading=\"lazy\" decoding=\"async\" width=\"1920\" height=\"1440\" data-id=\"3107\" src=\"https:\/\/etab.ac-reunion.fr\/clg-ravine-des-cabris\/wp-content\/uploads\/sites\/158\/2023\/11\/IMG_2708.jpeg\" alt=\"\" class=\"wp-image-3107\" srcset=\"https:\/\/etab.ac-reunion.fr\/clg-ravine-des-cabris\/wp-content\/uploads\/sites\/158\/2023\/11\/IMG_2708.jpeg 1920w, https:\/\/etab.ac-reunion.fr\/clg-ravine-des-cabris\/wp-content\/uploads\/sites\/158\/2023\/11\/IMG_2708-800x600.jpeg 800w, https:\/\/etab.ac-reunion.fr\/clg-ravine-des-cabris\/wp-content\/uploads\/sites\/158\/2023\/11\/IMG_2708-768x576.jpeg 768w, https:\/\/etab.ac-reunion.fr\/clg-ravine-des-cabris\/wp-content\/uploads\/sites\/158\/2023\/11\/IMG_2708-1536x1152.jpeg 1536w, https:\/\/etab.ac-reunion.fr\/clg-ravine-des-cabris\/wp-content\/uploads\/sites\/158\/2023\/11\/IMG_2708-176x132.jpeg 176w\" sizes=\"auto, (max-width: 1920px) 100vw, 1920px\" \/><\/a><\/figure>\n\n\n\n<figure class=\"wp-block-image size-large\"><a href=\"https:\/\/etab.ac-reunion.fr\/clg-ravine-des-cabris\/wp-content\/uploads\/sites\/158\/2023\/11\/IMG_2709.jpeg\"><img loading=\"lazy\" decoding=\"async\" width=\"1920\" height=\"1440\" data-id=\"3108\" src=\"https:\/\/etab.ac-reunion.fr\/clg-ravine-des-cabris\/wp-content\/uploads\/sites\/158\/2023\/11\/IMG_2709.jpeg\" alt=\"\" class=\"wp-image-3108\" srcset=\"https:\/\/etab.ac-reunion.fr\/clg-ravine-des-cabris\/wp-content\/uploads\/sites\/158\/2023\/11\/IMG_2709.jpeg 1920w, https:\/\/etab.ac-reunion.fr\/clg-ravine-des-cabris\/wp-content\/uploads\/sites\/158\/2023\/11\/IMG_2709-800x600.jpeg 800w, https:\/\/etab.ac-reunion.fr\/clg-ravine-des-cabris\/wp-content\/uploads\/sites\/158\/2023\/11\/IMG_2709-768x576.jpeg 768w, https:\/\/etab.ac-reunion.fr\/clg-ravine-des-cabris\/wp-content\/uploads\/sites\/158\/2023\/11\/IMG_2709-1536x1152.jpeg 1536w, https:\/\/etab.ac-reunion.fr\/clg-ravine-des-cabris\/wp-content\/uploads\/sites\/158\/2023\/11\/IMG_2709-176x132.jpeg 176w\" sizes=\"auto, (max-width: 1920px) 100vw, 1920px\" \/><\/a><\/figure>\n\n\n\n<figure class=\"wp-block-image size-large\"><a href=\"https:\/\/etab.ac-reunion.fr\/clg-ravine-des-cabris\/wp-content\/uploads\/sites\/158\/2023\/11\/IMG_2711.jpeg\"><img loading=\"lazy\" decoding=\"async\" width=\"1920\" height=\"1440\" data-id=\"3109\" src=\"https:\/\/etab.ac-reunion.fr\/clg-ravine-des-cabris\/wp-content\/uploads\/sites\/158\/2023\/11\/IMG_2711.jpeg\" alt=\"\" class=\"wp-image-3109\" srcset=\"https:\/\/etab.ac-reunion.fr\/clg-ravine-des-cabris\/wp-content\/uploads\/sites\/158\/2023\/11\/IMG_2711.jpeg 1920w, https:\/\/etab.ac-reunion.fr\/clg-ravine-des-cabris\/wp-content\/uploads\/sites\/158\/2023\/11\/IMG_2711-800x600.jpeg 800w, https:\/\/etab.ac-reunion.fr\/clg-ravine-des-cabris\/wp-content\/uploads\/sites\/158\/2023\/11\/IMG_2711-768x576.jpeg 768w, https:\/\/etab.ac-reunion.fr\/clg-ravine-des-cabris\/wp-content\/uploads\/sites\/158\/2023\/11\/IMG_2711-1536x1152.jpeg 1536w, https:\/\/etab.ac-reunion.fr\/clg-ravine-des-cabris\/wp-content\/uploads\/sites\/158\/2023\/11\/IMG_2711-176x132.jpeg 176w\" sizes=\"auto, (max-width: 1920px) 100vw, 1920px\" \/><\/a><\/figure>\n\n\n\n<figure class=\"wp-block-image size-large\"><a href=\"https:\/\/etab.ac-reunion.fr\/clg-ravine-des-cabris\/wp-content\/uploads\/sites\/158\/2023\/11\/IMG_2712.jpeg\"><img loading=\"lazy\" decoding=\"async\" width=\"1920\" height=\"1440\" data-id=\"3110\" src=\"https:\/\/etab.ac-reunion.fr\/clg-ravine-des-cabris\/wp-content\/uploads\/sites\/158\/2023\/11\/IMG_2712.jpeg\" alt=\"\" class=\"wp-image-3110\" srcset=\"https:\/\/etab.ac-reunion.fr\/clg-ravine-des-cabris\/wp-content\/uploads\/sites\/158\/2023\/11\/IMG_2712.jpeg 1920w, https:\/\/etab.ac-reunion.fr\/clg-ravine-des-cabris\/wp-content\/uploads\/sites\/158\/2023\/11\/IMG_2712-800x600.jpeg 800w, https:\/\/etab.ac-reunion.fr\/clg-ravine-des-cabris\/wp-content\/uploads\/sites\/158\/2023\/11\/IMG_2712-768x576.jpeg 768w, https:\/\/etab.ac-reunion.fr\/clg-ravine-des-cabris\/wp-content\/uploads\/sites\/158\/2023\/11\/IMG_2712-1536x1152.jpeg 1536w, https:\/\/etab.ac-reunion.fr\/clg-ravine-des-cabris\/wp-content\/uploads\/sites\/158\/2023\/11\/IMG_2712-176x132.jpeg 176w\" sizes=\"auto, (max-width: 1920px) 100vw, 1920px\" \/><\/a><\/figure>\n\n\n\n<figure class=\"wp-block-image size-large\"><a href=\"https:\/\/etab.ac-reunion.fr\/clg-ravine-des-cabris\/wp-content\/uploads\/sites\/158\/2023\/11\/IMG_2713.jpeg\"><img loading=\"lazy\" decoding=\"async\" width=\"1920\" height=\"1440\" data-id=\"3111\" src=\"https:\/\/etab.ac-reunion.fr\/clg-ravine-des-cabris\/wp-content\/uploads\/sites\/158\/2023\/11\/IMG_2713.jpeg\" alt=\"\" class=\"wp-image-3111\" srcset=\"https:\/\/etab.ac-reunion.fr\/clg-ravine-des-cabris\/wp-content\/uploads\/sites\/158\/2023\/11\/IMG_2713.jpeg 1920w, https:\/\/etab.ac-reunion.fr\/clg-ravine-des-cabris\/wp-content\/uploads\/sites\/158\/2023\/11\/IMG_2713-800x600.jpeg 800w, https:\/\/etab.ac-reunion.fr\/clg-ravine-des-cabris\/wp-content\/uploads\/sites\/158\/2023\/11\/IMG_2713-768x576.jpeg 768w, https:\/\/etab.ac-reunion.fr\/clg-ravine-des-cabris\/wp-content\/uploads\/sites\/158\/2023\/11\/IMG_2713-1536x1152.jpeg 1536w, https:\/\/etab.ac-reunion.fr\/clg-ravine-des-cabris\/wp-content\/uploads\/sites\/158\/2023\/11\/IMG_2713-176x132.jpeg 176w\" sizes=\"auto, (max-width: 1920px) 100vw, 1920px\" \/><\/a><\/figure>\n\n\n\n<figure class=\"wp-block-image size-large\"><a href=\"https:\/\/etab.ac-reunion.fr\/clg-ravine-des-cabris\/wp-content\/uploads\/sites\/158\/2023\/11\/IMG_2714.jpeg\"><img loading=\"lazy\" decoding=\"async\" width=\"1920\" height=\"1440\" data-id=\"3112\" src=\"https:\/\/etab.ac-reunion.fr\/clg-ravine-des-cabris\/wp-content\/uploads\/sites\/158\/2023\/11\/IMG_2714.jpeg\" alt=\"\" class=\"wp-image-3112\" srcset=\"https:\/\/etab.ac-reunion.fr\/clg-ravine-des-cabris\/wp-content\/uploads\/sites\/158\/2023\/11\/IMG_2714.jpeg 1920w, https:\/\/etab.ac-reunion.fr\/clg-ravine-des-cabris\/wp-content\/uploads\/sites\/158\/2023\/11\/IMG_2714-800x600.jpeg 800w, https:\/\/etab.ac-reunion.fr\/clg-ravine-des-cabris\/wp-content\/uploads\/sites\/158\/2023\/11\/IMG_2714-768x576.jpeg 768w, https:\/\/etab.ac-reunion.fr\/clg-ravine-des-cabris\/wp-content\/uploads\/sites\/158\/2023\/11\/IMG_2714-1536x1152.jpeg 1536w, https:\/\/etab.ac-reunion.fr\/clg-ravine-des-cabris\/wp-content\/uploads\/sites\/158\/2023\/11\/IMG_2714-176x132.jpeg 176w\" sizes=\"auto, (max-width: 1920px) 100vw, 1920px\" \/><\/a><\/figure>\n\n\n\n<figure class=\"wp-block-image size-large\"><a href=\"https:\/\/etab.ac-reunion.fr\/clg-ravine-des-cabris\/wp-content\/uploads\/sites\/158\/2023\/11\/IMG_2715.jpeg\"><img loading=\"lazy\" decoding=\"async\" width=\"1440\" height=\"1920\" data-id=\"3113\" src=\"https:\/\/etab.ac-reunion.fr\/clg-ravine-des-cabris\/wp-content\/uploads\/sites\/158\/2023\/11\/IMG_2715-1440x1920.jpeg\" alt=\"\" class=\"wp-image-3113\" srcset=\"https:\/\/etab.ac-reunion.fr\/clg-ravine-des-cabris\/wp-content\/uploads\/sites\/158\/2023\/11\/IMG_2715-1440x1920.jpeg 1440w, https:\/\/etab.ac-reunion.fr\/clg-ravine-des-cabris\/wp-content\/uploads\/sites\/158\/2023\/11\/IMG_2715-450x600.jpeg 450w, https:\/\/etab.ac-reunion.fr\/clg-ravine-des-cabris\/wp-content\/uploads\/sites\/158\/2023\/11\/IMG_2715-768x1024.jpeg 768w, https:\/\/etab.ac-reunion.fr\/clg-ravine-des-cabris\/wp-content\/uploads\/sites\/158\/2023\/11\/IMG_2715-1152x1536.jpeg 1152w, https:\/\/etab.ac-reunion.fr\/clg-ravine-des-cabris\/wp-content\/uploads\/sites\/158\/2023\/11\/IMG_2715-1536x2048.jpeg 1536w, https:\/\/etab.ac-reunion.fr\/clg-ravine-des-cabris\/wp-content\/uploads\/sites\/158\/2023\/11\/IMG_2715-99x132.jpeg 99w, https:\/\/etab.ac-reunion.fr\/clg-ravine-des-cabris\/wp-content\/uploads\/sites\/158\/2023\/11\/IMG_2715.jpeg 1920w\" sizes=\"auto, (max-width: 1440px) 100vw, 1440px\" \/><\/a><\/figure>\n\n\n\n<figure class=\"wp-block-image size-large\"><a href=\"https:\/\/etab.ac-reunion.fr\/clg-ravine-des-cabris\/wp-content\/uploads\/sites\/158\/2023\/11\/IMG_2716.jpeg\"><img loading=\"lazy\" decoding=\"async\" width=\"1440\" height=\"1920\" data-id=\"3114\" src=\"https:\/\/etab.ac-reunion.fr\/clg-ravine-des-cabris\/wp-content\/uploads\/sites\/158\/2023\/11\/IMG_2716-1440x1920.jpeg\" alt=\"\" class=\"wp-image-3114\" srcset=\"https:\/\/etab.ac-reunion.fr\/clg-ravine-des-cabris\/wp-content\/uploads\/sites\/158\/2023\/11\/IMG_2716-1440x1920.jpeg 1440w, https:\/\/etab.ac-reunion.fr\/clg-ravine-des-cabris\/wp-content\/uploads\/sites\/158\/2023\/11\/IMG_2716-450x600.jpeg 450w, https:\/\/etab.ac-reunion.fr\/clg-ravine-des-cabris\/wp-content\/uploads\/sites\/158\/2023\/11\/IMG_2716-768x1024.jpeg 768w, https:\/\/etab.ac-reunion.fr\/clg-ravine-des-cabris\/wp-content\/uploads\/sites\/158\/2023\/11\/IMG_2716-1152x1536.jpeg 1152w, https:\/\/etab.ac-reunion.fr\/clg-ravine-des-cabris\/wp-content\/uploads\/sites\/158\/2023\/11\/IMG_2716-1536x2048.jpeg 1536w, https:\/\/etab.ac-reunion.fr\/clg-ravine-des-cabris\/wp-content\/uploads\/sites\/158\/2023\/11\/IMG_2716-99x132.jpeg 99w, https:\/\/etab.ac-reunion.fr\/clg-ravine-des-cabris\/wp-content\/uploads\/sites\/158\/2023\/11\/IMG_2716.jpeg 1920w\" sizes=\"auto, (max-width: 1440px) 100vw, 1440px\" \/><\/a><\/figure>\n\n\n\n<figure class=\"wp-block-image size-large\"><a href=\"https:\/\/etab.ac-reunion.fr\/clg-ravine-des-cabris\/wp-content\/uploads\/sites\/158\/2023\/11\/IMG_2718.jpeg\"><img loading=\"lazy\" decoding=\"async\" width=\"1440\" height=\"1920\" data-id=\"3115\" src=\"https:\/\/etab.ac-reunion.fr\/clg-ravine-des-cabris\/wp-content\/uploads\/sites\/158\/2023\/11\/IMG_2718-1440x1920.jpeg\" alt=\"\" class=\"wp-image-3115\" srcset=\"https:\/\/etab.ac-reunion.fr\/clg-ravine-des-cabris\/wp-content\/uploads\/sites\/158\/2023\/11\/IMG_2718-1440x1920.jpeg 1440w, https:\/\/etab.ac-reunion.fr\/clg-ravine-des-cabris\/wp-content\/uploads\/sites\/158\/2023\/11\/IMG_2718-450x600.jpeg 450w, https:\/\/etab.ac-reunion.fr\/clg-ravine-des-cabris\/wp-content\/uploads\/sites\/158\/2023\/11\/IMG_2718-768x1024.jpeg 768w, https:\/\/etab.ac-reunion.fr\/clg-ravine-des-cabris\/wp-content\/uploads\/sites\/158\/2023\/11\/IMG_2718-1152x1536.jpeg 1152w, https:\/\/etab.ac-reunion.fr\/clg-ravine-des-cabris\/wp-content\/uploads\/sites\/158\/2023\/11\/IMG_2718-1536x2048.jpeg 1536w, https:\/\/etab.ac-reunion.fr\/clg-ravine-des-cabris\/wp-content\/uploads\/sites\/158\/2023\/11\/IMG_2718-99x132.jpeg 99w, https:\/\/etab.ac-reunion.fr\/clg-ravine-des-cabris\/wp-content\/uploads\/sites\/158\/2023\/11\/IMG_2718.jpeg 1920w\" sizes=\"auto, (max-width: 1440px) 100vw, 1440px\" \/><\/a><\/figure>\n\n\n\n<figure class=\"wp-block-image size-large\"><a href=\"https:\/\/etab.ac-reunion.fr\/clg-ravine-des-cabris\/wp-content\/uploads\/sites\/158\/2023\/11\/IMG_2719.jpeg\"><img loading=\"lazy\" decoding=\"async\" width=\"1920\" height=\"1440\" data-id=\"3116\" src=\"https:\/\/etab.ac-reunion.fr\/clg-ravine-des-cabris\/wp-content\/uploads\/sites\/158\/2023\/11\/IMG_2719.jpeg\" alt=\"\" class=\"wp-image-3116\" srcset=\"https:\/\/etab.ac-reunion.fr\/clg-ravine-des-cabris\/wp-content\/uploads\/sites\/158\/2023\/11\/IMG_2719.jpeg 1920w, https:\/\/etab.ac-reunion.fr\/clg-ravine-des-cabris\/wp-content\/uploads\/sites\/158\/2023\/11\/IMG_2719-800x600.jpeg 800w, https:\/\/etab.ac-reunion.fr\/clg-ravine-des-cabris\/wp-content\/uploads\/sites\/158\/2023\/11\/IMG_2719-768x576.jpeg 768w, https:\/\/etab.ac-reunion.fr\/clg-ravine-des-cabris\/wp-content\/uploads\/sites\/158\/2023\/11\/IMG_2719-1536x1152.jpeg 1536w, https:\/\/etab.ac-reunion.fr\/clg-ravine-des-cabris\/wp-content\/uploads\/sites\/158\/2023\/11\/IMG_2719-176x132.jpeg 176w\" sizes=\"auto, (max-width: 1920px) 100vw, 1920px\" \/><\/a><\/figure>\n\n\n\n<figure class=\"wp-block-image size-large\"><a href=\"https:\/\/etab.ac-reunion.fr\/clg-ravine-des-cabris\/wp-content\/uploads\/sites\/158\/2023\/11\/IMG_2721.jpeg\"><img loading=\"lazy\" decoding=\"async\" width=\"1440\" height=\"1920\" data-id=\"3117\" src=\"https:\/\/etab.ac-reunion.fr\/clg-ravine-des-cabris\/wp-content\/uploads\/sites\/158\/2023\/11\/IMG_2721-1440x1920.jpeg\" alt=\"\" class=\"wp-image-3117\" srcset=\"https:\/\/etab.ac-reunion.fr\/clg-ravine-des-cabris\/wp-content\/uploads\/sites\/158\/2023\/11\/IMG_2721-1440x1920.jpeg 1440w, https:\/\/etab.ac-reunion.fr\/clg-ravine-des-cabris\/wp-content\/uploads\/sites\/158\/2023\/11\/IMG_2721-450x600.jpeg 450w, https:\/\/etab.ac-reunion.fr\/clg-ravine-des-cabris\/wp-content\/uploads\/sites\/158\/2023\/11\/IMG_2721-768x1024.jpeg 768w, https:\/\/etab.ac-reunion.fr\/clg-ravine-des-cabris\/wp-content\/uploads\/sites\/158\/2023\/11\/IMG_2721-1152x1536.jpeg 1152w, https:\/\/etab.ac-reunion.fr\/clg-ravine-des-cabris\/wp-content\/uploads\/sites\/158\/2023\/11\/IMG_2721-1536x2048.jpeg 1536w, https:\/\/etab.ac-reunion.fr\/clg-ravine-des-cabris\/wp-content\/uploads\/sites\/158\/2023\/11\/IMG_2721-99x132.jpeg 99w, https:\/\/etab.ac-reunion.fr\/clg-ravine-des-cabris\/wp-content\/uploads\/sites\/158\/2023\/11\/IMG_2721.jpeg 1920w\" sizes=\"auto, (max-width: 1440px) 100vw, 1440px\" \/><\/a><\/figure>\n\n\n\n<figure class=\"wp-block-image size-large\"><a href=\"https:\/\/etab.ac-reunion.fr\/clg-ravine-des-cabris\/wp-content\/uploads\/sites\/158\/2023\/11\/IMG_2722.jpeg\"><img loading=\"lazy\" decoding=\"async\" width=\"1440\" height=\"1920\" data-id=\"3118\" src=\"https:\/\/etab.ac-reunion.fr\/clg-ravine-des-cabris\/wp-content\/uploads\/sites\/158\/2023\/11\/IMG_2722-1440x1920.jpeg\" alt=\"\" class=\"wp-image-3118\" srcset=\"https:\/\/etab.ac-reunion.fr\/clg-ravine-des-cabris\/wp-content\/uploads\/sites\/158\/2023\/11\/IMG_2722-1440x1920.jpeg 1440w, https:\/\/etab.ac-reunion.fr\/clg-ravine-des-cabris\/wp-content\/uploads\/sites\/158\/2023\/11\/IMG_2722-450x600.jpeg 450w, https:\/\/etab.ac-reunion.fr\/clg-ravine-des-cabris\/wp-content\/uploads\/sites\/158\/2023\/11\/IMG_2722-768x1024.jpeg 768w, https:\/\/etab.ac-reunion.fr\/clg-ravine-des-cabris\/wp-content\/uploads\/sites\/158\/2023\/11\/IMG_2722-1152x1536.jpeg 1152w, https:\/\/etab.ac-reunion.fr\/clg-ravine-des-cabris\/wp-content\/uploads\/sites\/158\/2023\/11\/IMG_2722-1536x2048.jpeg 1536w, https:\/\/etab.ac-reunion.fr\/clg-ravine-des-cabris\/wp-content\/uploads\/sites\/158\/2023\/11\/IMG_2722-99x132.jpeg 99w, https:\/\/etab.ac-reunion.fr\/clg-ravine-des-cabris\/wp-content\/uploads\/sites\/158\/2023\/11\/IMG_2722.jpeg 1920w\" sizes=\"auto, (max-width: 1440px) 100vw, 1440px\" \/><\/a><\/figure>\n\n\n\n<figure class=\"wp-block-image size-large\"><a href=\"https:\/\/etab.ac-reunion.fr\/clg-ravine-des-cabris\/wp-content\/uploads\/sites\/158\/2023\/11\/IMG_2723.jpeg\"><img loading=\"lazy\" decoding=\"async\" width=\"1440\" height=\"1920\" data-id=\"3119\" src=\"https:\/\/etab.ac-reunion.fr\/clg-ravine-des-cabris\/wp-content\/uploads\/sites\/158\/2023\/11\/IMG_2723-1440x1920.jpeg\" alt=\"\" class=\"wp-image-3119\" srcset=\"https:\/\/etab.ac-reunion.fr\/clg-ravine-des-cabris\/wp-content\/uploads\/sites\/158\/2023\/11\/IMG_2723-1440x1920.jpeg 1440w, https:\/\/etab.ac-reunion.fr\/clg-ravine-des-cabris\/wp-content\/uploads\/sites\/158\/2023\/11\/IMG_2723-450x600.jpeg 450w, https:\/\/etab.ac-reunion.fr\/clg-ravine-des-cabris\/wp-content\/uploads\/sites\/158\/2023\/11\/IMG_2723-768x1024.jpeg 768w, https:\/\/etab.ac-reunion.fr\/clg-ravine-des-cabris\/wp-content\/uploads\/sites\/158\/2023\/11\/IMG_2723-1152x1536.jpeg 1152w, https:\/\/etab.ac-reunion.fr\/clg-ravine-des-cabris\/wp-content\/uploads\/sites\/158\/2023\/11\/IMG_2723-1536x2048.jpeg 1536w, https:\/\/etab.ac-reunion.fr\/clg-ravine-des-cabris\/wp-content\/uploads\/sites\/158\/2023\/11\/IMG_2723-99x132.jpeg 99w, https:\/\/etab.ac-reunion.fr\/clg-ravine-des-cabris\/wp-content\/uploads\/sites\/158\/2023\/11\/IMG_2723.jpeg 1920w\" sizes=\"auto, (max-width: 1440px) 100vw, 1440px\" \/><\/a><\/figure>\n<\/figure>\n<\/blockquote>\n","protected":false},"excerpt":{"rendered":"","protected":false},"author":28090,"featured_media":3097,"comment_status":"closed","ping_status":"closed","sticky":false,"template":"","format":"standard","meta":{"footnotes":"","_links_to":"","_links_to_target":""},"categories":[17,18,55],"tags":[],"class_list":["post-3090","post","type-post","status-publish","format-standard","has-post-thumbnail","hentry","category-francais-latin","category-histoire-geographie-emc","category-parcours-deducation-artistique-et-culturelle"],"_links":{"self":[{"href":"https:\/\/etab.ac-reunion.fr\/clg-ravine-des-cabris\/wp-json\/wp\/v2\/posts\/3090","targetHints":{"allow":["GET"]}}],"collection":[{"href":"https:\/\/etab.ac-reunion.fr\/clg-ravine-des-cabris\/wp-json\/wp\/v2\/posts"}],"about":[{"href":"https:\/\/etab.ac-reunion.fr\/clg-ravine-des-cabris\/wp-json\/wp\/v2\/types\/post"}],"author":[{"embeddable":true,"href":"https:\/\/etab.ac-reunion.fr\/clg-ravine-des-cabris\/wp-json\/wp\/v2\/users\/28090"}],"replies":[{"embeddable":true,"href":"https:\/\/etab.ac-reunion.fr\/clg-ravine-des-cabris\/wp-json\/wp\/v2\/comments?post=3090"}],"version-history":[{"count":1,"href":"https:\/\/etab.ac-reunion.fr\/clg-ravine-des-cabris\/wp-json\/wp\/v2\/posts\/3090\/revisions"}],"predecessor-version":[{"id":3121,"href":"https:\/\/etab.ac-reunion.fr\/clg-ravine-des-cabris\/wp-json\/wp\/v2\/posts\/3090\/revisions\/3121"}],"wp:featuredmedia":[{"embeddable":true,"href":"https:\/\/etab.ac-reunion.fr\/clg-ravine-des-cabris\/wp-json\/wp\/v2\/media\/3097"}],"wp:attachment":[{"href":"https:\/\/etab.ac-reunion.fr\/clg-ravine-des-cabris\/wp-json\/wp\/v2\/media?parent=3090"}],"wp:term":[{"taxonomy":"category","embeddable":true,"href":"https:\/\/etab.ac-reunion.fr\/clg-ravine-des-cabris\/wp-json\/wp\/v2\/categories?post=3090"},{"taxonomy":"post_tag","embeddable":true,"href":"https:\/\/etab.ac-reunion.fr\/clg-ravine-des-cabris\/wp-json\/wp\/v2\/tags?post=3090"}],"curies":[{"name":"wp","href":"https:\/\/api.w.org\/{rel}","templated":true}]}}