{"id":3122,"date":"2023-11-26T15:28:53","date_gmt":"2023-11-26T14:28:53","guid":{"rendered":"https:\/\/etab.ac-reunion.fr\/clg-ravine-des-cabris\/?p=3122"},"modified":"2026-01-23T13:28:49","modified_gmt":"2026-01-23T12:28:49","slug":"formation-erasmus-en-croatie","status":"publish","type":"post","link":"https:\/\/etab.ac-reunion.fr\/clg-ravine-des-cabris\/2023\/11\/26\/formation-erasmus-en-croatie\/","title":{"rendered":"Formation Erasmus+ en Croatie"},"content":{"rendered":"\n<p>Dans le cadre du projet de consortium r\u00e9seau de la Ravine-des-Cabris SMILE (Sustainable Motivating Inclusive Ludic Educative Project), notre coordonnatrice REP, accompagn\u00e9e de trois professeurs du coll\u00e8ge et de deux ma\u00eetresses de l\u2019\u00e9cole Simone de Beauvoir ont effectu\u00e9 une formation intitul\u00e9e \u00ab&nbsp;Improving English Language Skills&nbsp;\u00bb en vue d\u2019am\u00e9liorer leur niveau en anglais.<\/p>\n\n\n\n<p>Cette formation s\u2019est d\u00e9roul\u00e9e pendant les vacances d\u2019octobre \u00e0 Split, ville charg\u00e9e d\u2019histoire, deuxi\u00e8me plus grande de Croatie, sur la c\u00f4te adriatique.<\/p>\n\n\n\n<p>Les participants ont pu rencontrer d\u2019autres personnels \u00e9ducatifs venus de toute l\u2019Europe :<br>Estonie, Lettonie, Lituanie, Pologne, Finlande, Allemagne, France et \u00e9changer avec eux.<\/p>\n\n\n\n<p>Par des cours magistraux ou des activit\u00e9s ludiques, dans des salles de classe ou en ext\u00e9rieur, chaque participant, selon son niveau, a ainsi pu progresser en anglais.<\/p>\n\n\n\n<blockquote class=\"wp-block-quote is-layout-flow wp-block-quote-is-layout-flow\">\n<blockquote class=\"wp-block-quote is-layout-flow wp-block-quote-is-layout-flow\">\n<p class=\"has-sitebg-color has-accent-2-background-color has-text-color has-background has-link-color has-normal-font-size wp-elements-e835304502610259cb25da05f5efcd5f\">\u00ab&nbsp;J&rsquo;ai beaucoup appr\u00e9ci\u00e9 les activit\u00e9s langagi\u00e8res, notamment en ext\u00e9rieur, notamment le goosechase (jeu o\u00f9 l&rsquo;on doit, en petits groupes, remplir des missions sous forme de vid\u00e9os)&nbsp;\u00bb<\/p>\n\n\n\n<p class=\"has-text-align-right has-sitebg-color has-accent-2-background-color has-text-color has-background has-link-color has-normal-font-size wp-elements-a08e9b0d4bcdc0241485002f7fe3068e\">M. Breysse<\/p>\n\n\n\n<p class=\"has-sitebg-color has-accent-2-background-color has-text-color has-background has-link-color has-normal-font-size wp-elements-212009d6fc5afe2a72cc1e1d4cf38bf0\">\u00ab&nbsp;De belles rencontres avec des partenaires europ\u00e9ens, une formation de qualit\u00e9 et une meilleure connaissance de l&rsquo;Europe et de la Croatie. Je suis ravie d&rsquo;avoir pu participer au projet SMILE, un projet qui donne le sourire.&nbsp;\u00bb<\/p>\n\n\n\n<p class=\"has-text-align-right has-sitebg-color has-accent-2-background-color has-text-color has-background has-link-color has-normal-font-size wp-elements-f7e0ce0df5addca0f87c37dfa090d01a\">Mme Kan-King-Yu<\/p>\n\n\n\n<p class=\"has-sitebg-color has-accent-2-background-color has-text-color has-background has-link-color has-normal-font-size wp-elements-15bf01901686572f80d570fe21d1fdca\">\u00ab&nbsp;C&rsquo;\u00e9tait une semaine intense, marqu\u00e9e par une formation dynamique et chaleureuse au c\u0153ur d&rsquo;une ville magnifique.&nbsp;\u00bb<\/p>\n\n\n\n<p class=\"has-text-align-right has-sitebg-color has-accent-2-background-color has-text-color has-background has-link-color has-normal-font-size wp-elements-8a0cf471ec3bbcb4b69a546c40dc747c\">Mme Landault<\/p>\n\n\n\n<p class=\"has-sitebg-color has-accent-2-background-color has-text-color has-background has-link-color has-normal-font-size wp-elements-c21e124fcf991a13d8295b07f5dee635\">\u00ab&nbsp;J\u2019ai aim\u00e9 l\u2019approche ludique de la formation ainsi que les \u00e9changes avec les participants des autres pays.&nbsp;\u00bb<\/p>\n\n\n\n<p class=\"has-text-align-right has-sitebg-color has-accent-2-background-color has-text-color has-background has-link-color has-normal-font-size wp-elements-82597c035e1b4e33ca20110172e46b62\">Mme Mechen<\/p>\n\n\n\n<p class=\"has-sitebg-color has-accent-2-background-color has-text-color has-background has-link-color has-normal-font-size wp-elements-2a69d031bd6904ad62ff8516f68bb6cc\">\u00ab&nbsp;Cette formation, dans cet endroit magnifique qu\u2019est Split, a \u00e9t\u00e9 aussi enrichissante qu\u2019agr\u00e9able.&nbsp;\u00bb<\/p>\n\n\n\n<p class=\"has-text-align-right has-sitebg-color has-accent-2-background-color has-text-color has-background has-link-color has-normal-font-size wp-elements-741c4c2d17fb0d6a36282578e947284a\">M. Mechen<\/p>\n\n\n\n<p class=\"has-sitebg-color has-accent-2-background-color has-text-color has-background has-link-color has-normal-font-size wp-elements-e7049ee9c6ae833ced3917cc79d35b57\">\u00ab&nbsp;Une formation au top o\u00f9 on vient avec un \u00e9norme plaisir.&nbsp;\u00bb<\/p>\n\n\n\n<p class=\"has-text-align-right has-sitebg-color has-accent-2-background-color has-text-color has-background has-link-color has-normal-font-size wp-elements-b4fe658773c5f028833b2f8586a6399a\">Mme Romeu<\/p>\n<\/blockquote>\n<\/blockquote>\n\n\n\n<figure class=\"wp-block-gallery has-nested-images columns-2 is-cropped wp-block-gallery-1 is-layout-flex wp-block-gallery-is-layout-flex\">\n<figure class=\"wp-block-image size-large\"><a href=\"https:\/\/etab.ac-reunion.fr\/clg-ravine-des-cabris\/wp-content\/uploads\/sites\/158\/2023\/11\/8.jpg\"><img loading=\"lazy\" decoding=\"async\" width=\"1920\" height=\"1440\" data-id=\"3123\" src=\"https:\/\/etab.ac-reunion.fr\/clg-ravine-des-cabris\/wp-content\/uploads\/sites\/158\/2023\/11\/8.jpg\" alt=\"\" class=\"wp-image-3123\" srcset=\"https:\/\/etab.ac-reunion.fr\/clg-ravine-des-cabris\/wp-content\/uploads\/sites\/158\/2023\/11\/8.jpg 1920w, https:\/\/etab.ac-reunion.fr\/clg-ravine-des-cabris\/wp-content\/uploads\/sites\/158\/2023\/11\/8-800x600.jpg 800w, https:\/\/etab.ac-reunion.fr\/clg-ravine-des-cabris\/wp-content\/uploads\/sites\/158\/2023\/11\/8-768x576.jpg 768w, https:\/\/etab.ac-reunion.fr\/clg-ravine-des-cabris\/wp-content\/uploads\/sites\/158\/2023\/11\/8-1536x1152.jpg 1536w, https:\/\/etab.ac-reunion.fr\/clg-ravine-des-cabris\/wp-content\/uploads\/sites\/158\/2023\/11\/8-176x132.jpg 176w\" sizes=\"auto, (max-width: 1920px) 100vw, 1920px\" \/><\/a><\/figure>\n\n\n\n<figure class=\"wp-block-image size-large\"><a href=\"https:\/\/etab.ac-reunion.fr\/clg-ravine-des-cabris\/wp-content\/uploads\/sites\/158\/2023\/11\/7.jpg\"><img loading=\"lazy\" decoding=\"async\" width=\"1920\" height=\"1080\" data-id=\"3124\" src=\"https:\/\/etab.ac-reunion.fr\/clg-ravine-des-cabris\/wp-content\/uploads\/sites\/158\/2023\/11\/7.jpg\" alt=\"\" class=\"wp-image-3124\" srcset=\"https:\/\/etab.ac-reunion.fr\/clg-ravine-des-cabris\/wp-content\/uploads\/sites\/158\/2023\/11\/7.jpg 1920w, https:\/\/etab.ac-reunion.fr\/clg-ravine-des-cabris\/wp-content\/uploads\/sites\/158\/2023\/11\/7-800x450.jpg 800w, https:\/\/etab.ac-reunion.fr\/clg-ravine-des-cabris\/wp-content\/uploads\/sites\/158\/2023\/11\/7-768x432.jpg 768w, https:\/\/etab.ac-reunion.fr\/clg-ravine-des-cabris\/wp-content\/uploads\/sites\/158\/2023\/11\/7-1536x864.jpg 1536w, https:\/\/etab.ac-reunion.fr\/clg-ravine-des-cabris\/wp-content\/uploads\/sites\/158\/2023\/11\/7-235x132.jpg 235w\" sizes=\"auto, (max-width: 1920px) 100vw, 1920px\" \/><\/a><\/figure>\n\n\n\n<figure class=\"wp-block-image size-large\"><a href=\"https:\/\/etab.ac-reunion.fr\/clg-ravine-des-cabris\/wp-content\/uploads\/sites\/158\/2023\/11\/6.jpg\"><img loading=\"lazy\" decoding=\"async\" width=\"1920\" height=\"1080\" data-id=\"3127\" src=\"https:\/\/etab.ac-reunion.fr\/clg-ravine-des-cabris\/wp-content\/uploads\/sites\/158\/2023\/11\/6.jpg\" alt=\"\" class=\"wp-image-3127\" srcset=\"https:\/\/etab.ac-reunion.fr\/clg-ravine-des-cabris\/wp-content\/uploads\/sites\/158\/2023\/11\/6.jpg 1920w, https:\/\/etab.ac-reunion.fr\/clg-ravine-des-cabris\/wp-content\/uploads\/sites\/158\/2023\/11\/6-800x450.jpg 800w, https:\/\/etab.ac-reunion.fr\/clg-ravine-des-cabris\/wp-content\/uploads\/sites\/158\/2023\/11\/6-768x432.jpg 768w, https:\/\/etab.ac-reunion.fr\/clg-ravine-des-cabris\/wp-content\/uploads\/sites\/158\/2023\/11\/6-1536x864.jpg 1536w, https:\/\/etab.ac-reunion.fr\/clg-ravine-des-cabris\/wp-content\/uploads\/sites\/158\/2023\/11\/6-235x132.jpg 235w\" sizes=\"auto, (max-width: 1920px) 100vw, 1920px\" \/><\/a><figcaption class=\"wp-element-caption\">DCIM\\100MEDIA\\DJI_0561.JPG<\/figcaption><\/figure>\n\n\n\n<figure class=\"wp-block-image size-large\"><a href=\"https:\/\/etab.ac-reunion.fr\/clg-ravine-des-cabris\/wp-content\/uploads\/sites\/158\/2023\/11\/5.jpg\"><img loading=\"lazy\" decoding=\"async\" width=\"1440\" height=\"1920\" data-id=\"3125\" src=\"https:\/\/etab.ac-reunion.fr\/clg-ravine-des-cabris\/wp-content\/uploads\/sites\/158\/2023\/11\/5-1440x1920.jpg\" alt=\"\" class=\"wp-image-3125\" srcset=\"https:\/\/etab.ac-reunion.fr\/clg-ravine-des-cabris\/wp-content\/uploads\/sites\/158\/2023\/11\/5-1440x1920.jpg 1440w, https:\/\/etab.ac-reunion.fr\/clg-ravine-des-cabris\/wp-content\/uploads\/sites\/158\/2023\/11\/5-450x600.jpg 450w, https:\/\/etab.ac-reunion.fr\/clg-ravine-des-cabris\/wp-content\/uploads\/sites\/158\/2023\/11\/5-768x1024.jpg 768w, https:\/\/etab.ac-reunion.fr\/clg-ravine-des-cabris\/wp-content\/uploads\/sites\/158\/2023\/11\/5-1152x1536.jpg 1152w, https:\/\/etab.ac-reunion.fr\/clg-ravine-des-cabris\/wp-content\/uploads\/sites\/158\/2023\/11\/5-1536x2048.jpg 1536w, https:\/\/etab.ac-reunion.fr\/clg-ravine-des-cabris\/wp-content\/uploads\/sites\/158\/2023\/11\/5-99x132.jpg 99w, https:\/\/etab.ac-reunion.fr\/clg-ravine-des-cabris\/wp-content\/uploads\/sites\/158\/2023\/11\/5.jpg 1920w\" sizes=\"auto, (max-width: 1440px) 100vw, 1440px\" \/><\/a><\/figure>\n\n\n\n<figure class=\"wp-block-image size-large\"><a href=\"https:\/\/etab.ac-reunion.fr\/clg-ravine-des-cabris\/wp-content\/uploads\/sites\/158\/2023\/11\/4.jpg\"><img loading=\"lazy\" decoding=\"async\" width=\"1920\" height=\"1440\" data-id=\"3126\" src=\"https:\/\/etab.ac-reunion.fr\/clg-ravine-des-cabris\/wp-content\/uploads\/sites\/158\/2023\/11\/4.jpg\" alt=\"\" class=\"wp-image-3126\" srcset=\"https:\/\/etab.ac-reunion.fr\/clg-ravine-des-cabris\/wp-content\/uploads\/sites\/158\/2023\/11\/4.jpg 1920w, https:\/\/etab.ac-reunion.fr\/clg-ravine-des-cabris\/wp-content\/uploads\/sites\/158\/2023\/11\/4-800x600.jpg 800w, https:\/\/etab.ac-reunion.fr\/clg-ravine-des-cabris\/wp-content\/uploads\/sites\/158\/2023\/11\/4-768x576.jpg 768w, https:\/\/etab.ac-reunion.fr\/clg-ravine-des-cabris\/wp-content\/uploads\/sites\/158\/2023\/11\/4-1536x1152.jpg 1536w, https:\/\/etab.ac-reunion.fr\/clg-ravine-des-cabris\/wp-content\/uploads\/sites\/158\/2023\/11\/4-176x132.jpg 176w\" sizes=\"auto, (max-width: 1920px) 100vw, 1920px\" \/><\/a><\/figure>\n\n\n\n<figure class=\"wp-block-image size-large\"><a href=\"https:\/\/etab.ac-reunion.fr\/clg-ravine-des-cabris\/wp-content\/uploads\/sites\/158\/2023\/11\/3-scaled.jpg\"><img loading=\"lazy\" decoding=\"async\" width=\"1080\" height=\"1920\" data-id=\"3128\" src=\"https:\/\/etab.ac-reunion.fr\/clg-ravine-des-cabris\/wp-content\/uploads\/sites\/158\/2023\/11\/3-1080x1920.jpg\" alt=\"\" class=\"wp-image-3128\" srcset=\"https:\/\/etab.ac-reunion.fr\/clg-ravine-des-cabris\/wp-content\/uploads\/sites\/158\/2023\/11\/3-1080x1920.jpg 1080w, https:\/\/etab.ac-reunion.fr\/clg-ravine-des-cabris\/wp-content\/uploads\/sites\/158\/2023\/11\/3-338x600.jpg 338w, https:\/\/etab.ac-reunion.fr\/clg-ravine-des-cabris\/wp-content\/uploads\/sites\/158\/2023\/11\/3-768x1365.jpg 768w, https:\/\/etab.ac-reunion.fr\/clg-ravine-des-cabris\/wp-content\/uploads\/sites\/158\/2023\/11\/3-864x1536.jpg 864w, https:\/\/etab.ac-reunion.fr\/clg-ravine-des-cabris\/wp-content\/uploads\/sites\/158\/2023\/11\/3-1152x2048.jpg 1152w, https:\/\/etab.ac-reunion.fr\/clg-ravine-des-cabris\/wp-content\/uploads\/sites\/158\/2023\/11\/3-74x132.jpg 74w, https:\/\/etab.ac-reunion.fr\/clg-ravine-des-cabris\/wp-content\/uploads\/sites\/158\/2023\/11\/3-scaled.jpg 1440w\" sizes=\"auto, (max-width: 1080px) 100vw, 1080px\" \/><\/a><\/figure>\n\n\n\n<figure class=\"wp-block-image size-large\"><a href=\"https:\/\/etab.ac-reunion.fr\/clg-ravine-des-cabris\/wp-content\/uploads\/sites\/158\/2023\/11\/2.jpg\"><img loading=\"lazy\" decoding=\"async\" width=\"1920\" height=\"1076\" data-id=\"3129\" src=\"https:\/\/etab.ac-reunion.fr\/clg-ravine-des-cabris\/wp-content\/uploads\/sites\/158\/2023\/11\/2.jpg\" alt=\"\" class=\"wp-image-3129\" srcset=\"https:\/\/etab.ac-reunion.fr\/clg-ravine-des-cabris\/wp-content\/uploads\/sites\/158\/2023\/11\/2.jpg 1920w, https:\/\/etab.ac-reunion.fr\/clg-ravine-des-cabris\/wp-content\/uploads\/sites\/158\/2023\/11\/2-800x448.jpg 800w, https:\/\/etab.ac-reunion.fr\/clg-ravine-des-cabris\/wp-content\/uploads\/sites\/158\/2023\/11\/2-768x430.jpg 768w, https:\/\/etab.ac-reunion.fr\/clg-ravine-des-cabris\/wp-content\/uploads\/sites\/158\/2023\/11\/2-1536x861.jpg 1536w, https:\/\/etab.ac-reunion.fr\/clg-ravine-des-cabris\/wp-content\/uploads\/sites\/158\/2023\/11\/2-236x132.jpg 236w\" sizes=\"auto, (max-width: 1920px) 100vw, 1920px\" \/><\/a><\/figure>\n\n\n\n<figure class=\"wp-block-image size-large\"><a href=\"https:\/\/etab.ac-reunion.fr\/clg-ravine-des-cabris\/wp-content\/uploads\/sites\/158\/2023\/11\/1.jpg\"><img loading=\"lazy\" decoding=\"async\" width=\"1920\" height=\"1083\" data-id=\"3130\" src=\"https:\/\/etab.ac-reunion.fr\/clg-ravine-des-cabris\/wp-content\/uploads\/sites\/158\/2023\/11\/1.jpg\" alt=\"\" class=\"wp-image-3130\" srcset=\"https:\/\/etab.ac-reunion.fr\/clg-ravine-des-cabris\/wp-content\/uploads\/sites\/158\/2023\/11\/1.jpg 1920w, https:\/\/etab.ac-reunion.fr\/clg-ravine-des-cabris\/wp-content\/uploads\/sites\/158\/2023\/11\/1-800x451.jpg 800w, https:\/\/etab.ac-reunion.fr\/clg-ravine-des-cabris\/wp-content\/uploads\/sites\/158\/2023\/11\/1-768x433.jpg 768w, https:\/\/etab.ac-reunion.fr\/clg-ravine-des-cabris\/wp-content\/uploads\/sites\/158\/2023\/11\/1-1536x866.jpg 1536w, https:\/\/etab.ac-reunion.fr\/clg-ravine-des-cabris\/wp-content\/uploads\/sites\/158\/2023\/11\/1-234x132.jpg 234w\" sizes=\"auto, (max-width: 1920px) 100vw, 1920px\" \/><\/a><\/figure>\n<\/figure>\n","protected":false},"excerpt":{"rendered":"","protected":false},"author":28090,"featured_media":3131,"comment_status":"closed","ping_status":"closed","sticky":false,"template":"","format":"standard","meta":{"footnotes":"","_links_to":"","_links_to_target":""},"categories":[65,72],"tags":[],"class_list":["post-3122","post","type-post","status-publish","format-standard","has-post-thumbnail","hentry","category-erasmus","category-mobilites-personnels"],"_links":{"self":[{"href":"https:\/\/etab.ac-reunion.fr\/clg-ravine-des-cabris\/wp-json\/wp\/v2\/posts\/3122","targetHints":{"allow":["GET"]}}],"collection":[{"href":"https:\/\/etab.ac-reunion.fr\/clg-ravine-des-cabris\/wp-json\/wp\/v2\/posts"}],"about":[{"href":"https:\/\/etab.ac-reunion.fr\/clg-ravine-des-cabris\/wp-json\/wp\/v2\/types\/post"}],"author":[{"embeddable":true,"href":"https:\/\/etab.ac-reunion.fr\/clg-ravine-des-cabris\/wp-json\/wp\/v2\/users\/28090"}],"replies":[{"embeddable":true,"href":"https:\/\/etab.ac-reunion.fr\/clg-ravine-des-cabris\/wp-json\/wp\/v2\/comments?post=3122"}],"version-history":[{"count":1,"href":"https:\/\/etab.ac-reunion.fr\/clg-ravine-des-cabris\/wp-json\/wp\/v2\/posts\/3122\/revisions"}],"predecessor-version":[{"id":3132,"href":"https:\/\/etab.ac-reunion.fr\/clg-ravine-des-cabris\/wp-json\/wp\/v2\/posts\/3122\/revisions\/3132"}],"wp:featuredmedia":[{"embeddable":true,"href":"https:\/\/etab.ac-reunion.fr\/clg-ravine-des-cabris\/wp-json\/wp\/v2\/media\/3131"}],"wp:attachment":[{"href":"https:\/\/etab.ac-reunion.fr\/clg-ravine-des-cabris\/wp-json\/wp\/v2\/media?parent=3122"}],"wp:term":[{"taxonomy":"category","embeddable":true,"href":"https:\/\/etab.ac-reunion.fr\/clg-ravine-des-cabris\/wp-json\/wp\/v2\/categories?post=3122"},{"taxonomy":"post_tag","embeddable":true,"href":"https:\/\/etab.ac-reunion.fr\/clg-ravine-des-cabris\/wp-json\/wp\/v2\/tags?post=3122"}],"curies":[{"name":"wp","href":"https:\/\/api.w.org\/{rel}","templated":true}]}}