{"id":3133,"date":"2023-12-04T19:29:57","date_gmt":"2023-12-04T18:29:57","guid":{"rendered":"https:\/\/etab.ac-reunion.fr\/clg-ravine-des-cabris\/?p=3133"},"modified":"2023-12-04T19:40:41","modified_gmt":"2023-12-04T18:40:41","slug":"festival-ecran-jeunes","status":"publish","type":"post","link":"https:\/\/etab.ac-reunion.fr\/clg-ravine-des-cabris\/2023\/12\/04\/festival-ecran-jeunes\/","title":{"rendered":"FESTIVAL ECRAN JEUNES"},"content":{"rendered":"\n<div class=\"wp-block-media-text is-stacked-on-mobile\"><figure class=\"wp-block-media-text__media\"><img loading=\"lazy\" decoding=\"async\" width=\"1400\" height=\"924\" src=\"https:\/\/etab.ac-reunion.fr\/clg-ravine-des-cabris\/wp-content\/uploads\/sites\/158\/2023\/12\/Capture-decran-2023-12-04-a-22.20.58.png\" alt=\"\" class=\"wp-image-3134 size-full\" srcset=\"https:\/\/etab.ac-reunion.fr\/clg-ravine-des-cabris\/wp-content\/uploads\/sites\/158\/2023\/12\/Capture-decran-2023-12-04-a-22.20.58.png 1400w, https:\/\/etab.ac-reunion.fr\/clg-ravine-des-cabris\/wp-content\/uploads\/sites\/158\/2023\/12\/Capture-decran-2023-12-04-a-22.20.58-800x528.png 800w, https:\/\/etab.ac-reunion.fr\/clg-ravine-des-cabris\/wp-content\/uploads\/sites\/158\/2023\/12\/Capture-decran-2023-12-04-a-22.20.58-768x507.png 768w, https:\/\/etab.ac-reunion.fr\/clg-ravine-des-cabris\/wp-content\/uploads\/sites\/158\/2023\/12\/Capture-decran-2023-12-04-a-22.20.58-200x132.png 200w\" sizes=\"auto, (max-width: 1400px) 100vw, 1400px\" \/><\/figure><div class=\"wp-block-media-text__content\">\n<p class=\"has-text-align-left has-accent-2-color has-text-color has-link-color has-normal-font-size wp-elements-1b2fb094acfd3fa87c696646cf1e330b\">Comme chaque ann\u00e9e, les \u00e9l\u00e8ves germanistes de 6<sup>\u00e8me<\/sup> et 5<sup>\u00e8me<\/sup> ont pu profiter le 15 novembre 2023 de la programmation du Festival Ecran Jeunes et assister \u00e0 la projection du film su\u00e9dois en VOSTFr <strong>COMEDY<\/strong> <strong>QUEEN <\/strong>de Sanna Lenken pour lequel cette derni\u00e8re a remport\u00e9 l\u2019Ours de cristal de la section Generation Kplus \u00e0 la Berlinale 2022. Sanna Lenken adapte ici le roman \u00e9ponyme de l\u2019auteure et psychologue Jenny J\u00e4gerfeld, d\u2019apr\u00e8s un sc\u00e9nario de Linn Gottfridsson. &nbsp;&nbsp;<\/p>\n\n\n\n<p class=\"has-text-align-left has-accent-2-color has-text-color has-link-color has-normal-font-size wp-elements-8eb611b1891c761cb632f4d781224f8d\">Dans la vie, il y a deux cat\u00e9gories de personnes : celles qui sont naturellement dr\u00f4les et celles qui peuvent apprendre \u00e0 le devenir&#8230; Sasha, 13 ans, appartient \u00e0 la deuxi\u00e8me cat\u00e9gorie. Pour ne surtout pas ressembler \u00e0 sa m\u00e8re qui \u00e9tait toujours triste, elle d\u00e9cide de devenir une reine du stand-up et de faire \u00e0 nouveau rire son p\u00e8re !<\/p>\n<\/div><\/div>\n\n\n\n<blockquote class=\"wp-block-quote is-layout-flow wp-block-quote-is-layout-flow\">\n<p class=\"has-sitebg-color has-accent-2-background-color has-text-color has-background has-link-color wp-elements-dea38b59587ae30c342e87e5739b9af2\"><strong>\u00ab&nbsp;Au d\u00e9but, c\u2019\u00e9tait triste mais aussi dr\u00f4le&nbsp;; apr\u00e8s le film, j\u2019\u00e9tais heureuse que tout se finisse bien.&nbsp;\u00bb <\/strong><\/p>\n\n\n\n<p class=\"has-text-align-right has-sitebg-color has-accent-2-background-color has-text-color has-background has-link-color wp-elements-38169e0f1f9093c3051e8134a0dbd31e\"><strong>Inaya<\/strong><\/p>\n\n\n\n<p class=\"has-sitebg-color has-accent-2-background-color has-text-color has-background has-link-color wp-elements-4849fdd87f2a9c168d81000bbca8985d\"><strong>\u00ab&nbsp;J\u2019ai ressenti de la tristesse et de la joie car Sasha perd sa m\u00e8re mais devient aussi la reine de la com\u00e9die&nbsp;!&nbsp;\u00bb <\/strong><\/p>\n\n\n\n<p class=\"has-text-align-right has-sitebg-color has-accent-2-background-color has-text-color has-background has-link-color wp-elements-2add2fd5aa0844ab6e31b10e07068a32\"><strong>Ethan<\/strong><\/p>\n\n\n\n<p class=\"has-sitebg-color has-accent-2-background-color has-text-color has-background has-link-color wp-elements-0ccbbab04200f6848e12dc03e1491536\"><strong>\u00ab&nbsp;Sasha va surmonter la situation gr\u00e2ce \u00e0 l\u2019amour de ses proches et aussi parce qu\u2019elle a fini par accepter la mort de sa m\u00e8re. (&#8230;) Mon personnage pr\u00e9f\u00e9r\u00e9 est celui de M\u00e4rta, la copine de Sasha car c\u2019est une tr\u00e8s bonne amie qui l\u2019invite chez elle, qui lui pardonne.&nbsp;\u00bb <\/strong><\/p>\n\n\n\n<p class=\"has-text-align-right has-sitebg-color has-accent-2-background-color has-text-color has-background has-link-color wp-elements-d20bd0f1d45b1e5d6309a63e2f57acba\"><strong>Alhassan<\/strong><\/p>\n<\/blockquote>\n\n\n\n<figure class=\"wp-block-gallery has-nested-images columns-default is-cropped wp-block-gallery-1 is-layout-flex wp-block-gallery-is-layout-flex\">\n<figure class=\"wp-block-image size-medium\"><a href=\"https:\/\/etab.ac-reunion.fr\/clg-ravine-des-cabris\/wp-content\/uploads\/sites\/158\/2023\/12\/Capture-decran-2023-12-04-a-22.24.25.png\"><img loading=\"lazy\" decoding=\"async\" width=\"594\" height=\"600\" data-id=\"3142\" src=\"https:\/\/etab.ac-reunion.fr\/clg-ravine-des-cabris\/wp-content\/uploads\/sites\/158\/2023\/12\/Capture-decran-2023-12-04-a-22.24.25-594x600.png\" alt=\"\" class=\"wp-image-3142\" srcset=\"https:\/\/etab.ac-reunion.fr\/clg-ravine-des-cabris\/wp-content\/uploads\/sites\/158\/2023\/12\/Capture-decran-2023-12-04-a-22.24.25-594x600.png 594w, https:\/\/etab.ac-reunion.fr\/clg-ravine-des-cabris\/wp-content\/uploads\/sites\/158\/2023\/12\/Capture-decran-2023-12-04-a-22.24.25-768x776.png 768w, https:\/\/etab.ac-reunion.fr\/clg-ravine-des-cabris\/wp-content\/uploads\/sites\/158\/2023\/12\/Capture-decran-2023-12-04-a-22.24.25-131x132.png 131w, https:\/\/etab.ac-reunion.fr\/clg-ravine-des-cabris\/wp-content\/uploads\/sites\/158\/2023\/12\/Capture-decran-2023-12-04-a-22.24.25.png 1170w\" sizes=\"auto, (max-width: 594px) 100vw, 594px\" \/><\/a><\/figure>\n<\/figure>\n","protected":false},"excerpt":{"rendered":"","protected":false},"author":28090,"featured_media":3141,"comment_status":"closed","ping_status":"closed","sticky":false,"template":"","format":"standard","meta":{"footnotes":"","_links_to":"","_links_to_target":""},"categories":[35,55],"tags":[],"class_list":["post-3133","post","type-post","status-publish","format-standard","has-post-thumbnail","hentry","category-allemand","category-parcours-deducation-artistique-et-culturelle"],"_links":{"self":[{"href":"https:\/\/etab.ac-reunion.fr\/clg-ravine-des-cabris\/wp-json\/wp\/v2\/posts\/3133","targetHints":{"allow":["GET"]}}],"collection":[{"href":"https:\/\/etab.ac-reunion.fr\/clg-ravine-des-cabris\/wp-json\/wp\/v2\/posts"}],"about":[{"href":"https:\/\/etab.ac-reunion.fr\/clg-ravine-des-cabris\/wp-json\/wp\/v2\/types\/post"}],"author":[{"embeddable":true,"href":"https:\/\/etab.ac-reunion.fr\/clg-ravine-des-cabris\/wp-json\/wp\/v2\/users\/28090"}],"replies":[{"embeddable":true,"href":"https:\/\/etab.ac-reunion.fr\/clg-ravine-des-cabris\/wp-json\/wp\/v2\/comments?post=3133"}],"version-history":[{"count":4,"href":"https:\/\/etab.ac-reunion.fr\/clg-ravine-des-cabris\/wp-json\/wp\/v2\/posts\/3133\/revisions"}],"predecessor-version":[{"id":3146,"href":"https:\/\/etab.ac-reunion.fr\/clg-ravine-des-cabris\/wp-json\/wp\/v2\/posts\/3133\/revisions\/3146"}],"wp:featuredmedia":[{"embeddable":true,"href":"https:\/\/etab.ac-reunion.fr\/clg-ravine-des-cabris\/wp-json\/wp\/v2\/media\/3141"}],"wp:attachment":[{"href":"https:\/\/etab.ac-reunion.fr\/clg-ravine-des-cabris\/wp-json\/wp\/v2\/media?parent=3133"}],"wp:term":[{"taxonomy":"category","embeddable":true,"href":"https:\/\/etab.ac-reunion.fr\/clg-ravine-des-cabris\/wp-json\/wp\/v2\/categories?post=3133"},{"taxonomy":"post_tag","embeddable":true,"href":"https:\/\/etab.ac-reunion.fr\/clg-ravine-des-cabris\/wp-json\/wp\/v2\/tags?post=3133"}],"curies":[{"name":"wp","href":"https:\/\/api.w.org\/{rel}","templated":true}]}}