{"id":3248,"date":"2023-12-19T09:45:33","date_gmt":"2023-12-19T08:45:33","guid":{"rendered":"https:\/\/etab.ac-reunion.fr\/clg-ravine-des-cabris\/?p=3248"},"modified":"2023-12-19T09:45:34","modified_gmt":"2023-12-19T08:45:34","slug":"fete-de-la-science","status":"publish","type":"post","link":"https:\/\/etab.ac-reunion.fr\/clg-ravine-des-cabris\/2023\/12\/19\/fete-de-la-science\/","title":{"rendered":"F\u00eate de la science"},"content":{"rendered":"\n<p class=\"has-accent-2-color has-text-color has-link-color has-large-font-size wp-elements-fd2c5800479cf71980712dffdc4232fa\">\u00a0\u00bb A l&rsquo;occasion de la f\u00eate de la science, un concours de sciences a \u00e9t\u00e9 organis\u00e9 au coll\u00e8ge le mardi 28 novembre sur la pause m\u00e9ridienne. Une quarantaine d&rsquo;\u00e9l\u00e8ves ont pu participer individuellement ou en bin\u00f4me aux \u00e9preuves de SVT et de physique Chimie.<\/p>\n\n\n\n<p class=\"has-accent-2-color has-text-color has-link-color has-large-font-size wp-elements-0b1d69df3f5e445a93700154942b3978\">Les grands gagnants de ce concours sont: Perez Sacha et Ah-Choon Yona pour la cat\u00e9gorie 4\u00e8me, Guignard Rapha\u00eal pour la cat\u00e9gorie 5\u00e8me et Vercruysse Valentin et Ethan Tourville pour la cat\u00e9gorie 6\u00e8me. Bravo \u00e0 eux! Une remise des prix a eu lieu le 19 d\u00e9cembre \u00e0 14h en pr\u00e9sence de Mr M\u00e9nard, inspecteur de SVT. \u00ab\u00a0<\/p>\n\n\n\n<figure class=\"wp-block-gallery has-nested-images columns-1 is-cropped wp-block-gallery-1 is-layout-flex wp-block-gallery-is-layout-flex\">\n<figure class=\"wp-block-image size-large\"><a href=\"https:\/\/etab.ac-reunion.fr\/clg-ravine-des-cabris\/wp-content\/uploads\/sites\/158\/2023\/12\/IMG_7707-scaled.jpeg\"><img loading=\"lazy\" decoding=\"async\" width=\"1219\" height=\"1920\" data-id=\"3249\" src=\"https:\/\/etab.ac-reunion.fr\/clg-ravine-des-cabris\/wp-content\/uploads\/sites\/158\/2023\/12\/IMG_7707-1219x1920.jpeg\" alt=\"\" class=\"wp-image-3249\" srcset=\"https:\/\/etab.ac-reunion.fr\/clg-ravine-des-cabris\/wp-content\/uploads\/sites\/158\/2023\/12\/IMG_7707-1219x1920.jpeg 1219w, https:\/\/etab.ac-reunion.fr\/clg-ravine-des-cabris\/wp-content\/uploads\/sites\/158\/2023\/12\/IMG_7707-381x600.jpeg 381w, https:\/\/etab.ac-reunion.fr\/clg-ravine-des-cabris\/wp-content\/uploads\/sites\/158\/2023\/12\/IMG_7707-768x1210.jpeg 768w, https:\/\/etab.ac-reunion.fr\/clg-ravine-des-cabris\/wp-content\/uploads\/sites\/158\/2023\/12\/IMG_7707-975x1536.jpeg 975w, https:\/\/etab.ac-reunion.fr\/clg-ravine-des-cabris\/wp-content\/uploads\/sites\/158\/2023\/12\/IMG_7707-1300x2048.jpeg 1300w, https:\/\/etab.ac-reunion.fr\/clg-ravine-des-cabris\/wp-content\/uploads\/sites\/158\/2023\/12\/IMG_7707-84x132.jpeg 84w, https:\/\/etab.ac-reunion.fr\/clg-ravine-des-cabris\/wp-content\/uploads\/sites\/158\/2023\/12\/IMG_7707-scaled.jpeg 1625w\" sizes=\"auto, (max-width: 1219px) 100vw, 1219px\" \/><\/a><\/figure>\n\n\n\n<figure class=\"wp-block-image size-large\"><a href=\"https:\/\/etab.ac-reunion.fr\/clg-ravine-des-cabris\/wp-content\/uploads\/sites\/158\/2023\/12\/IMG_7708-scaled.jpeg\"><img loading=\"lazy\" decoding=\"async\" width=\"1219\" height=\"1920\" data-id=\"3252\" src=\"https:\/\/etab.ac-reunion.fr\/clg-ravine-des-cabris\/wp-content\/uploads\/sites\/158\/2023\/12\/IMG_7708-1219x1920.jpeg\" alt=\"\" class=\"wp-image-3252\" srcset=\"https:\/\/etab.ac-reunion.fr\/clg-ravine-des-cabris\/wp-content\/uploads\/sites\/158\/2023\/12\/IMG_7708-1219x1920.jpeg 1219w, https:\/\/etab.ac-reunion.fr\/clg-ravine-des-cabris\/wp-content\/uploads\/sites\/158\/2023\/12\/IMG_7708-381x600.jpeg 381w, https:\/\/etab.ac-reunion.fr\/clg-ravine-des-cabris\/wp-content\/uploads\/sites\/158\/2023\/12\/IMG_7708-768x1210.jpeg 768w, https:\/\/etab.ac-reunion.fr\/clg-ravine-des-cabris\/wp-content\/uploads\/sites\/158\/2023\/12\/IMG_7708-975x1536.jpeg 975w, https:\/\/etab.ac-reunion.fr\/clg-ravine-des-cabris\/wp-content\/uploads\/sites\/158\/2023\/12\/IMG_7708-1300x2048.jpeg 1300w, https:\/\/etab.ac-reunion.fr\/clg-ravine-des-cabris\/wp-content\/uploads\/sites\/158\/2023\/12\/IMG_7708-84x132.jpeg 84w, https:\/\/etab.ac-reunion.fr\/clg-ravine-des-cabris\/wp-content\/uploads\/sites\/158\/2023\/12\/IMG_7708-scaled.jpeg 1625w\" sizes=\"auto, (max-width: 1219px) 100vw, 1219px\" \/><\/a><\/figure>\n\n\n\n<figure class=\"wp-block-image size-large\"><a href=\"https:\/\/etab.ac-reunion.fr\/clg-ravine-des-cabris\/wp-content\/uploads\/sites\/158\/2023\/12\/IMG_7710-scaled.jpeg\"><img loading=\"lazy\" decoding=\"async\" width=\"1219\" height=\"1920\" data-id=\"3251\" src=\"https:\/\/etab.ac-reunion.fr\/clg-ravine-des-cabris\/wp-content\/uploads\/sites\/158\/2023\/12\/IMG_7710-1219x1920.jpeg\" alt=\"\" class=\"wp-image-3251\" srcset=\"https:\/\/etab.ac-reunion.fr\/clg-ravine-des-cabris\/wp-content\/uploads\/sites\/158\/2023\/12\/IMG_7710-1219x1920.jpeg 1219w, https:\/\/etab.ac-reunion.fr\/clg-ravine-des-cabris\/wp-content\/uploads\/sites\/158\/2023\/12\/IMG_7710-381x600.jpeg 381w, https:\/\/etab.ac-reunion.fr\/clg-ravine-des-cabris\/wp-content\/uploads\/sites\/158\/2023\/12\/IMG_7710-768x1210.jpeg 768w, https:\/\/etab.ac-reunion.fr\/clg-ravine-des-cabris\/wp-content\/uploads\/sites\/158\/2023\/12\/IMG_7710-975x1536.jpeg 975w, https:\/\/etab.ac-reunion.fr\/clg-ravine-des-cabris\/wp-content\/uploads\/sites\/158\/2023\/12\/IMG_7710-1300x2048.jpeg 1300w, https:\/\/etab.ac-reunion.fr\/clg-ravine-des-cabris\/wp-content\/uploads\/sites\/158\/2023\/12\/IMG_7710-84x132.jpeg 84w, https:\/\/etab.ac-reunion.fr\/clg-ravine-des-cabris\/wp-content\/uploads\/sites\/158\/2023\/12\/IMG_7710-scaled.jpeg 1625w\" sizes=\"auto, (max-width: 1219px) 100vw, 1219px\" \/><\/a><\/figure>\n\n\n\n<figure class=\"wp-block-image size-large\"><a href=\"https:\/\/etab.ac-reunion.fr\/clg-ravine-des-cabris\/wp-content\/uploads\/sites\/158\/2023\/12\/IMG_7712-scaled.jpeg\"><img loading=\"lazy\" decoding=\"async\" width=\"1920\" height=\"1219\" data-id=\"3250\" src=\"https:\/\/etab.ac-reunion.fr\/clg-ravine-des-cabris\/wp-content\/uploads\/sites\/158\/2023\/12\/IMG_7712-1920x1219.jpeg\" alt=\"\" class=\"wp-image-3250\" srcset=\"https:\/\/etab.ac-reunion.fr\/clg-ravine-des-cabris\/wp-content\/uploads\/sites\/158\/2023\/12\/IMG_7712-1920x1219.jpeg 1920w, https:\/\/etab.ac-reunion.fr\/clg-ravine-des-cabris\/wp-content\/uploads\/sites\/158\/2023\/12\/IMG_7712-800x508.jpeg 800w, https:\/\/etab.ac-reunion.fr\/clg-ravine-des-cabris\/wp-content\/uploads\/sites\/158\/2023\/12\/IMG_7712-768x488.jpeg 768w, https:\/\/etab.ac-reunion.fr\/clg-ravine-des-cabris\/wp-content\/uploads\/sites\/158\/2023\/12\/IMG_7712-1536x975.jpeg 1536w, https:\/\/etab.ac-reunion.fr\/clg-ravine-des-cabris\/wp-content\/uploads\/sites\/158\/2023\/12\/IMG_7712-2048x1300.jpeg 2048w, https:\/\/etab.ac-reunion.fr\/clg-ravine-des-cabris\/wp-content\/uploads\/sites\/158\/2023\/12\/IMG_7712-208x132.jpeg 208w\" sizes=\"auto, (max-width: 1920px) 100vw, 1920px\" \/><\/a><\/figure>\n\n\n\n<figure class=\"wp-block-image size-large\"><a href=\"https:\/\/etab.ac-reunion.fr\/clg-ravine-des-cabris\/wp-content\/uploads\/sites\/158\/2023\/12\/IMG_20231128_144126-scaled.jpg\"><img loading=\"lazy\" decoding=\"async\" width=\"922\" height=\"1920\" data-id=\"3253\" src=\"https:\/\/etab.ac-reunion.fr\/clg-ravine-des-cabris\/wp-content\/uploads\/sites\/158\/2023\/12\/IMG_20231128_144126-922x1920.jpg\" alt=\"\" class=\"wp-image-3253\" srcset=\"https:\/\/etab.ac-reunion.fr\/clg-ravine-des-cabris\/wp-content\/uploads\/sites\/158\/2023\/12\/IMG_20231128_144126-922x1920.jpg 922w, https:\/\/etab.ac-reunion.fr\/clg-ravine-des-cabris\/wp-content\/uploads\/sites\/158\/2023\/12\/IMG_20231128_144126-288x600.jpg 288w, https:\/\/etab.ac-reunion.fr\/clg-ravine-des-cabris\/wp-content\/uploads\/sites\/158\/2023\/12\/IMG_20231128_144126-768x1600.jpg 768w, https:\/\/etab.ac-reunion.fr\/clg-ravine-des-cabris\/wp-content\/uploads\/sites\/158\/2023\/12\/IMG_20231128_144126-737x1536.jpg 737w, https:\/\/etab.ac-reunion.fr\/clg-ravine-des-cabris\/wp-content\/uploads\/sites\/158\/2023\/12\/IMG_20231128_144126-983x2048.jpg 983w, https:\/\/etab.ac-reunion.fr\/clg-ravine-des-cabris\/wp-content\/uploads\/sites\/158\/2023\/12\/IMG_20231128_144126-63x132.jpg 63w, https:\/\/etab.ac-reunion.fr\/clg-ravine-des-cabris\/wp-content\/uploads\/sites\/158\/2023\/12\/IMG_20231128_144126-scaled.jpg 1229w\" sizes=\"auto, (max-width: 922px) 100vw, 922px\" \/><\/a><\/figure>\n\n\n\n<figure class=\"wp-block-image size-large\"><a href=\"https:\/\/etab.ac-reunion.fr\/clg-ravine-des-cabris\/wp-content\/uploads\/sites\/158\/2023\/12\/IMG_20231219_085002-scaled.jpg\"><img loading=\"lazy\" decoding=\"async\" width=\"1232\" height=\"1920\" data-id=\"3254\" src=\"https:\/\/etab.ac-reunion.fr\/clg-ravine-des-cabris\/wp-content\/uploads\/sites\/158\/2023\/12\/IMG_20231219_085002-1232x1920.jpg\" alt=\"\" class=\"wp-image-3254\" srcset=\"https:\/\/etab.ac-reunion.fr\/clg-ravine-des-cabris\/wp-content\/uploads\/sites\/158\/2023\/12\/IMG_20231219_085002-1232x1920.jpg 1232w, https:\/\/etab.ac-reunion.fr\/clg-ravine-des-cabris\/wp-content\/uploads\/sites\/158\/2023\/12\/IMG_20231219_085002-385x600.jpg 385w, https:\/\/etab.ac-reunion.fr\/clg-ravine-des-cabris\/wp-content\/uploads\/sites\/158\/2023\/12\/IMG_20231219_085002-768x1197.jpg 768w, https:\/\/etab.ac-reunion.fr\/clg-ravine-des-cabris\/wp-content\/uploads\/sites\/158\/2023\/12\/IMG_20231219_085002-986x1536.jpg 986w, https:\/\/etab.ac-reunion.fr\/clg-ravine-des-cabris\/wp-content\/uploads\/sites\/158\/2023\/12\/IMG_20231219_085002-1314x2048.jpg 1314w, https:\/\/etab.ac-reunion.fr\/clg-ravine-des-cabris\/wp-content\/uploads\/sites\/158\/2023\/12\/IMG_20231219_085002-85x132.jpg 85w, https:\/\/etab.ac-reunion.fr\/clg-ravine-des-cabris\/wp-content\/uploads\/sites\/158\/2023\/12\/IMG_20231219_085002-scaled.jpg 1643w\" sizes=\"auto, (max-width: 1232px) 100vw, 1232px\" \/><\/a><\/figure>\n\n\n\n<figure class=\"wp-block-image size-large\"><a href=\"https:\/\/etab.ac-reunion.fr\/clg-ravine-des-cabris\/wp-content\/uploads\/sites\/158\/2023\/12\/IMG_20231219_091815-scaled.jpg\"><img loading=\"lazy\" decoding=\"async\" width=\"1920\" height=\"1232\" data-id=\"3255\" src=\"https:\/\/etab.ac-reunion.fr\/clg-ravine-des-cabris\/wp-content\/uploads\/sites\/158\/2023\/12\/IMG_20231219_091815-1920x1232.jpg\" alt=\"\" class=\"wp-image-3255\" srcset=\"https:\/\/etab.ac-reunion.fr\/clg-ravine-des-cabris\/wp-content\/uploads\/sites\/158\/2023\/12\/IMG_20231219_091815-1920x1232.jpg 1920w, https:\/\/etab.ac-reunion.fr\/clg-ravine-des-cabris\/wp-content\/uploads\/sites\/158\/2023\/12\/IMG_20231219_091815-800x513.jpg 800w, https:\/\/etab.ac-reunion.fr\/clg-ravine-des-cabris\/wp-content\/uploads\/sites\/158\/2023\/12\/IMG_20231219_091815-768x493.jpg 768w, https:\/\/etab.ac-reunion.fr\/clg-ravine-des-cabris\/wp-content\/uploads\/sites\/158\/2023\/12\/IMG_20231219_091815-1536x986.jpg 1536w, https:\/\/etab.ac-reunion.fr\/clg-ravine-des-cabris\/wp-content\/uploads\/sites\/158\/2023\/12\/IMG_20231219_091815-2048x1314.jpg 2048w, https:\/\/etab.ac-reunion.fr\/clg-ravine-des-cabris\/wp-content\/uploads\/sites\/158\/2023\/12\/IMG_20231219_091815-206x132.jpg 206w\" sizes=\"auto, (max-width: 1920px) 100vw, 1920px\" \/><\/a><\/figure>\n<\/figure>\n","protected":false},"excerpt":{"rendered":"","protected":false},"author":28090,"featured_media":3256,"comment_status":"closed","ping_status":"closed","sticky":false,"template":"","format":"standard","meta":{"footnotes":"","_links_to":"","_links_to_target":""},"categories":[22],"tags":[],"class_list":["post-3248","post","type-post","status-publish","format-standard","has-post-thumbnail","hentry","category-s-v-t-physique"],"_links":{"self":[{"href":"https:\/\/etab.ac-reunion.fr\/clg-ravine-des-cabris\/wp-json\/wp\/v2\/posts\/3248","targetHints":{"allow":["GET"]}}],"collection":[{"href":"https:\/\/etab.ac-reunion.fr\/clg-ravine-des-cabris\/wp-json\/wp\/v2\/posts"}],"about":[{"href":"https:\/\/etab.ac-reunion.fr\/clg-ravine-des-cabris\/wp-json\/wp\/v2\/types\/post"}],"author":[{"embeddable":true,"href":"https:\/\/etab.ac-reunion.fr\/clg-ravine-des-cabris\/wp-json\/wp\/v2\/users\/28090"}],"replies":[{"embeddable":true,"href":"https:\/\/etab.ac-reunion.fr\/clg-ravine-des-cabris\/wp-json\/wp\/v2\/comments?post=3248"}],"version-history":[{"count":1,"href":"https:\/\/etab.ac-reunion.fr\/clg-ravine-des-cabris\/wp-json\/wp\/v2\/posts\/3248\/revisions"}],"predecessor-version":[{"id":3257,"href":"https:\/\/etab.ac-reunion.fr\/clg-ravine-des-cabris\/wp-json\/wp\/v2\/posts\/3248\/revisions\/3257"}],"wp:featuredmedia":[{"embeddable":true,"href":"https:\/\/etab.ac-reunion.fr\/clg-ravine-des-cabris\/wp-json\/wp\/v2\/media\/3256"}],"wp:attachment":[{"href":"https:\/\/etab.ac-reunion.fr\/clg-ravine-des-cabris\/wp-json\/wp\/v2\/media?parent=3248"}],"wp:term":[{"taxonomy":"category","embeddable":true,"href":"https:\/\/etab.ac-reunion.fr\/clg-ravine-des-cabris\/wp-json\/wp\/v2\/categories?post=3248"},{"taxonomy":"post_tag","embeddable":true,"href":"https:\/\/etab.ac-reunion.fr\/clg-ravine-des-cabris\/wp-json\/wp\/v2\/tags?post=3248"}],"curies":[{"name":"wp","href":"https:\/\/api.w.org\/{rel}","templated":true}]}}