{"id":3262,"date":"2024-01-26T11:01:02","date_gmt":"2024-01-26T10:01:02","guid":{"rendered":"https:\/\/etab.ac-reunion.fr\/clg-ravine-des-cabris\/?p=3262"},"modified":"2024-01-26T11:07:45","modified_gmt":"2024-01-26T10:07:45","slug":"fet-kaf-au-college","status":"publish","type":"post","link":"https:\/\/etab.ac-reunion.fr\/clg-ravine-des-cabris\/2024\/01\/26\/fet-kaf-au-college\/","title":{"rendered":"F\u00e8t Kaf au coll\u00e8ge"},"content":{"rendered":"\n<p class=\"has-accent-2-color has-text-color has-link-color has-large-font-size wp-elements-15061d92dd0643610f0c967ca5d2fc58\"><strong>Le 19 d\u00e9cembre 2023, au coll\u00e8ge de la Ravine des Cabris de la R\u00e9union, l&rsquo;Orchestre \u00c0 l&rsquo;\u00c9cole du coll\u00e8ge a bien voulu participer \u00e0 la f\u00eate de la cr\u00e9olit\u00e9 organis\u00e9e pour la comm\u00e9moration de l&rsquo;abolition de l&rsquo;esclavage. 18 \u00e9l\u00e8ves de 5\u00e8 et une \u00e9l\u00e8ve de 6\u00e8 \u00e0 la batterie ont interpr\u00e9t\u00e9 Ti fleur fan\u00e9e de Georges Fourcade, N\u00e9na des millions d&rsquo;ann\u00e9es d&rsquo;Ousanousava et the Throne room de John Williams (morceaux arrang\u00e9s par Jos\u00e9 SUBILEAU, porteur du projet O.A.E. du coll\u00e8ge) sous les yeux et les oreilles attentives de leurs camarades, enseignants et personnels de direction de l&rsquo;\u00e9tablissement<\/strong>.<a href=\"https:\/\/tube-numerique-educatif.apps.education.fr\/w\/xA3AikTgXqNXvYRvtMuyZy\">https:\/\/tube-numerique-educatif.apps.education.fr\/w\/xA3AikTgXqNXvYRvtMuyZy<\/a><\/p>\n\n\n\n<figure class=\"wp-block-embed is-type-wp-embed is-provider-peertube wp-block-embed-peertube\"><div class=\"wp-block-embed__wrapper\">\n<iframe loading=\"lazy\" class=\"wp-embedded-content\" sandbox=\"allow-scripts\" security=\"restricted\" title=\"O.A.E. Coll\u00e8ge de la Ravine des Cabris, le 19&#x2F;12&#x2F;2023, f\u00e8t caf,  Acad\u00e9mie de la R\u00e9union\" width=\"560\" height=\"315\" src=\"https:\/\/tube-numerique-educatif.apps.education.fr\/videos\/embed\/xA3AikTgXqNXvYRvtMuyZy#?secret=0MLu6GYyKd\" data-secret=\"0MLu6GYyKd\"><\/iframe>\n<\/div><\/figure>\n","protected":false},"excerpt":{"rendered":"","protected":false},"author":28090,"featured_media":3263,"comment_status":"closed","ping_status":"closed","sticky":false,"template":"","format":"standard","meta":{"footnotes":"","_links_to":"","_links_to_target":""},"categories":[28],"tags":[],"class_list":["post-3262","post","type-post","status-publish","format-standard","has-post-thumbnail","hentry","category-education-musicale"],"_links":{"self":[{"href":"https:\/\/etab.ac-reunion.fr\/clg-ravine-des-cabris\/wp-json\/wp\/v2\/posts\/3262","targetHints":{"allow":["GET"]}}],"collection":[{"href":"https:\/\/etab.ac-reunion.fr\/clg-ravine-des-cabris\/wp-json\/wp\/v2\/posts"}],"about":[{"href":"https:\/\/etab.ac-reunion.fr\/clg-ravine-des-cabris\/wp-json\/wp\/v2\/types\/post"}],"author":[{"embeddable":true,"href":"https:\/\/etab.ac-reunion.fr\/clg-ravine-des-cabris\/wp-json\/wp\/v2\/users\/28090"}],"replies":[{"embeddable":true,"href":"https:\/\/etab.ac-reunion.fr\/clg-ravine-des-cabris\/wp-json\/wp\/v2\/comments?post=3262"}],"version-history":[{"count":2,"href":"https:\/\/etab.ac-reunion.fr\/clg-ravine-des-cabris\/wp-json\/wp\/v2\/posts\/3262\/revisions"}],"predecessor-version":[{"id":3267,"href":"https:\/\/etab.ac-reunion.fr\/clg-ravine-des-cabris\/wp-json\/wp\/v2\/posts\/3262\/revisions\/3267"}],"wp:featuredmedia":[{"embeddable":true,"href":"https:\/\/etab.ac-reunion.fr\/clg-ravine-des-cabris\/wp-json\/wp\/v2\/media\/3263"}],"wp:attachment":[{"href":"https:\/\/etab.ac-reunion.fr\/clg-ravine-des-cabris\/wp-json\/wp\/v2\/media?parent=3262"}],"wp:term":[{"taxonomy":"category","embeddable":true,"href":"https:\/\/etab.ac-reunion.fr\/clg-ravine-des-cabris\/wp-json\/wp\/v2\/categories?post=3262"},{"taxonomy":"post_tag","embeddable":true,"href":"https:\/\/etab.ac-reunion.fr\/clg-ravine-des-cabris\/wp-json\/wp\/v2\/tags?post=3262"}],"curies":[{"name":"wp","href":"https:\/\/api.w.org\/{rel}","templated":true}]}}