{"id":3285,"date":"2024-03-26T14:54:06","date_gmt":"2024-03-26T13:54:06","guid":{"rendered":"https:\/\/etab.ac-reunion.fr\/clg-ravine-des-cabris\/?p=3285"},"modified":"2024-03-26T14:54:06","modified_gmt":"2024-03-26T13:54:06","slug":"forum-des-metiers-et-des-formations-au-college-pour-les-3emes","status":"publish","type":"post","link":"https:\/\/etab.ac-reunion.fr\/clg-ravine-des-cabris\/2024\/03\/26\/forum-des-metiers-et-des-formations-au-college-pour-les-3emes\/","title":{"rendered":"Forum des M\u00e9tiers et des formations au coll\u00e8ge pour les 3\u00e8mes"},"content":{"rendered":"\n<p class=\"has-large-font-size\">Samedi 23 mars un&nbsp;Forum des m\u00e9tiers&nbsp;a \u00e9t\u00e9 organis\u00e9 dans le cadre du parcours avenir au coll\u00e8ge.<\/p>\n\n\n\n<p><strong>La pr\u00e9sence de 7 lyc\u00e9es a permis de pr\u00e9senter diff\u00e9rentes formations&nbsp;aux \u00e9l\u00e8ves qui ont pu <\/strong>d\u00e9couvrir et de s\u2019informer sur les formations propos\u00e9es dans la zone. Ont r\u00e9pondu \u00e0 l\u2019invitation le lyc\u00e9e Bois d\u2019Olive, le lyc\u00e9e Langevin, le lyc\u00e9e Roches Maigres, le lyc\u00e9e Pierre Lagourgue, le lyc\u00e9e agricole, le lyc\u00e9e Fran\u00e7ois de Mahy et le lyc\u00e9e Victor Schoelcher.<\/p>\n\n\n\n<p>C\u2019est l\u2019occasion pour les \u00e9l\u00e8ves de compl\u00e9ter leurs &nbsp;recherches sur leur orientation et leur futur projet professionnel par exemple.&nbsp;<\/p>\n\n\n\n<p>Le&nbsp;<strong>f<\/strong><strong>orum des m\u00e9tiers<\/strong>&nbsp;a permis de favoriser la d\u00e9couverte des parcours possibles.<\/p>\n\n\n\n<p>C\u2019est aussi l&rsquo;occasion pour les jeunes de questionner les repr\u00e9sentants des lyc\u00e9es et de s\u2019informer davantage sur les diff\u00e9rentes voies qui s\u2019offrent \u00e0 eux.<\/p>\n\n\n\n<p>Ces \u00e9changes sont essentiels car ils participent \u00e0 nourrir la r\u00e9flexion et l\u2019ambition des \u00e9l\u00e8ves dans la construction de leur projet professionnel.&nbsp;<\/p>\n","protected":false},"excerpt":{"rendered":"","protected":false},"author":28090,"featured_media":3286,"comment_status":"closed","ping_status":"closed","sticky":false,"template":"","format":"standard","meta":{"footnotes":"","_links_to":"","_links_to_target":""},"categories":[58],"tags":[],"class_list":["post-3285","post","type-post","status-publish","format-standard","has-post-thumbnail","hentry","category-parcours-avenir"],"_links":{"self":[{"href":"https:\/\/etab.ac-reunion.fr\/clg-ravine-des-cabris\/wp-json\/wp\/v2\/posts\/3285","targetHints":{"allow":["GET"]}}],"collection":[{"href":"https:\/\/etab.ac-reunion.fr\/clg-ravine-des-cabris\/wp-json\/wp\/v2\/posts"}],"about":[{"href":"https:\/\/etab.ac-reunion.fr\/clg-ravine-des-cabris\/wp-json\/wp\/v2\/types\/post"}],"author":[{"embeddable":true,"href":"https:\/\/etab.ac-reunion.fr\/clg-ravine-des-cabris\/wp-json\/wp\/v2\/users\/28090"}],"replies":[{"embeddable":true,"href":"https:\/\/etab.ac-reunion.fr\/clg-ravine-des-cabris\/wp-json\/wp\/v2\/comments?post=3285"}],"version-history":[{"count":1,"href":"https:\/\/etab.ac-reunion.fr\/clg-ravine-des-cabris\/wp-json\/wp\/v2\/posts\/3285\/revisions"}],"predecessor-version":[{"id":3287,"href":"https:\/\/etab.ac-reunion.fr\/clg-ravine-des-cabris\/wp-json\/wp\/v2\/posts\/3285\/revisions\/3287"}],"wp:featuredmedia":[{"embeddable":true,"href":"https:\/\/etab.ac-reunion.fr\/clg-ravine-des-cabris\/wp-json\/wp\/v2\/media\/3286"}],"wp:attachment":[{"href":"https:\/\/etab.ac-reunion.fr\/clg-ravine-des-cabris\/wp-json\/wp\/v2\/media?parent=3285"}],"wp:term":[{"taxonomy":"category","embeddable":true,"href":"https:\/\/etab.ac-reunion.fr\/clg-ravine-des-cabris\/wp-json\/wp\/v2\/categories?post=3285"},{"taxonomy":"post_tag","embeddable":true,"href":"https:\/\/etab.ac-reunion.fr\/clg-ravine-des-cabris\/wp-json\/wp\/v2\/tags?post=3285"}],"curies":[{"name":"wp","href":"https:\/\/api.w.org\/{rel}","templated":true}]}}