{"id":3288,"date":"2024-03-29T19:27:27","date_gmt":"2024-03-29T18:27:27","guid":{"rendered":"https:\/\/etab.ac-reunion.fr\/clg-ravine-des-cabris\/?p=3288"},"modified":"2024-04-07T17:17:16","modified_gmt":"2024-04-07T15:17:16","slug":"video-de-lutte-contre-le-harcelement","status":"publish","type":"post","link":"https:\/\/etab.ac-reunion.fr\/clg-ravine-des-cabris\/2024\/03\/29\/video-de-lutte-contre-le-harcelement\/","title":{"rendered":"Vid\u00e9o de la lutte contre le harc\u00e8lement scolaire"},"content":{"rendered":"\n<p class=\"has-accent-2-color has-text-color has-link-color has-large-font-size wp-elements-93111c0a02818448453f0cf58cebf097\">Dans le cadre de la lutte contre le harc\u00e8lement scolaire un court de m\u00e9trage de sensibilisation a \u00e9t\u00e9 r\u00e9alis\u00e9 par Sylvie Testud avec la participation de certains membres de l&rsquo;\u00e9quipe PHARE ainsi que les \u00e9l\u00e8ves de 5\u00e8me et de 6\u00e8me du coll\u00e8ge de la Ravine des Cabris.<\/p>\n\n\n\n<p class=\"has-accent-2-color has-text-color has-link-color has-large-font-size wp-elements-043bc687556839f558c5169d66ce4934\">Ce court m\u00e9trage participe au concours national du \u00ab\u00a0Non au harc\u00e8lement\u00a0\u00bb<\/p>\n\n\n\n<p class=\"has-accent-2-color has-text-color has-link-color has-large-font-size wp-elements-d80e560951eda42d0b87a2d978331a1b\">Un grand merci \u00e0 la direction \u00e0 M. le Principal M. Baldacchino, Mmes Guiochet et Sylvaine Corre et surtout aux \u00e9l\u00e8ves qui ont \u00e9t\u00e9 perm\u00e9ables \u00e0 ma direction d&rsquo;acteurs.<a href=\"https:\/\/tube-action-educative.apps.education.fr\/w\/4UobDXCcn9U9XkLzsFNYb4\">https:\/\/tube-action-educative.apps.education.fr\/w\/4UobDXCcn9U9XkLzsFNYb4<\/a><\/p>\n\n\n\n<p><\/p>\n\n\n\n<p><\/p>\n\n\n\n<p><\/p>\n\n\n\n<p><\/p>\n","protected":false},"excerpt":{"rendered":"","protected":false},"author":28090,"featured_media":3281,"comment_status":"closed","ping_status":"closed","sticky":false,"template":"","format":"standard","meta":{"footnotes":"","_links_to":"","_links_to_target":""},"categories":[12,25],"tags":[],"class_list":["post-3288","post","type-post","status-publish","format-standard","has-post-thumbnail","hentry","category-infos-parents","category-pole-medico-social"],"_links":{"self":[{"href":"https:\/\/etab.ac-reunion.fr\/clg-ravine-des-cabris\/wp-json\/wp\/v2\/posts\/3288","targetHints":{"allow":["GET"]}}],"collection":[{"href":"https:\/\/etab.ac-reunion.fr\/clg-ravine-des-cabris\/wp-json\/wp\/v2\/posts"}],"about":[{"href":"https:\/\/etab.ac-reunion.fr\/clg-ravine-des-cabris\/wp-json\/wp\/v2\/types\/post"}],"author":[{"embeddable":true,"href":"https:\/\/etab.ac-reunion.fr\/clg-ravine-des-cabris\/wp-json\/wp\/v2\/users\/28090"}],"replies":[{"embeddable":true,"href":"https:\/\/etab.ac-reunion.fr\/clg-ravine-des-cabris\/wp-json\/wp\/v2\/comments?post=3288"}],"version-history":[{"count":2,"href":"https:\/\/etab.ac-reunion.fr\/clg-ravine-des-cabris\/wp-json\/wp\/v2\/posts\/3288\/revisions"}],"predecessor-version":[{"id":3290,"href":"https:\/\/etab.ac-reunion.fr\/clg-ravine-des-cabris\/wp-json\/wp\/v2\/posts\/3288\/revisions\/3290"}],"wp:featuredmedia":[{"embeddable":true,"href":"https:\/\/etab.ac-reunion.fr\/clg-ravine-des-cabris\/wp-json\/wp\/v2\/media\/3281"}],"wp:attachment":[{"href":"https:\/\/etab.ac-reunion.fr\/clg-ravine-des-cabris\/wp-json\/wp\/v2\/media?parent=3288"}],"wp:term":[{"taxonomy":"category","embeddable":true,"href":"https:\/\/etab.ac-reunion.fr\/clg-ravine-des-cabris\/wp-json\/wp\/v2\/categories?post=3288"},{"taxonomy":"post_tag","embeddable":true,"href":"https:\/\/etab.ac-reunion.fr\/clg-ravine-des-cabris\/wp-json\/wp\/v2\/tags?post=3288"}],"curies":[{"name":"wp","href":"https:\/\/api.w.org\/{rel}","templated":true}]}}