{"id":3291,"date":"2024-04-07T17:23:02","date_gmt":"2024-04-07T15:23:02","guid":{"rendered":"https:\/\/etab.ac-reunion.fr\/clg-ravine-des-cabris\/?p=3291"},"modified":"2024-04-08T04:17:58","modified_gmt":"2024-04-08T02:17:58","slug":"education-aux-medias","status":"publish","type":"post","link":"https:\/\/etab.ac-reunion.fr\/clg-ravine-des-cabris\/2024\/04\/07\/education-aux-medias\/","title":{"rendered":"S\u00e9ances d&rsquo;\u00e9ducation aux m\u00e9dias pour les 4\u00e8mes"},"content":{"rendered":"\n<div class=\"wp-block-media-text is-stacked-on-mobile\"><figure class=\"wp-block-media-text__media\"><img loading=\"lazy\" decoding=\"async\" width=\"1200\" height=\"630\" src=\"https:\/\/etab.ac-reunion.fr\/clg-ravine-des-cabris\/wp-content\/uploads\/sites\/158\/2024\/04\/EMI.jpg\" alt=\"\" class=\"wp-image-3292 size-full\" srcset=\"https:\/\/etab.ac-reunion.fr\/clg-ravine-des-cabris\/wp-content\/uploads\/sites\/158\/2024\/04\/EMI.jpg 1200w, https:\/\/etab.ac-reunion.fr\/clg-ravine-des-cabris\/wp-content\/uploads\/sites\/158\/2024\/04\/EMI-800x420.jpg 800w, https:\/\/etab.ac-reunion.fr\/clg-ravine-des-cabris\/wp-content\/uploads\/sites\/158\/2024\/04\/EMI-768x403.jpg 768w, https:\/\/etab.ac-reunion.fr\/clg-ravine-des-cabris\/wp-content\/uploads\/sites\/158\/2024\/04\/EMI-251x132.jpg 251w\" sizes=\"auto, (max-width: 1200px) 100vw, 1200px\" \/><\/figure><div class=\"wp-block-media-text__content\">\n<p>Les \u00e9l\u00e8ves de 4\u00b0 ont pu b\u00e9n\u00e9ficier de s\u00e9ances participatives d&rsquo;\u00e9ducation aux m\u00e9dias et \u00e0 l\u2019information&nbsp;abordant&nbsp;diff\u00e9rents th\u00e8mes :&nbsp;<\/p>\n\n\n\n<p><strong>&#8211; Qu&rsquo;est-ce qu&rsquo;une information et \u00e0 quoi servent les journalistes?\u00a0<\/strong><\/p>\n\n\n\n<p><strong>&#8211;\u00a0Les r\u00e8gles d&rsquo;\u00e9criture et la hi\u00e9rarchie de l\u2019information\u00a0<\/strong><\/p>\n\n\n\n<p><strong>&#8211; Les photos de journalistes qui ont marqu\u00e9 l&rsquo;histoire<\/strong><\/p>\n\n\n\n<p><strong>&#8211; S&rsquo;informer sur les r\u00e9seaux sociaux<\/strong><\/p>\n\n\n\n<p class=\"has-text-align-center has-sitebg-background-color has-background\"><strong>Ces s\u00e9ances sont organis\u00e9es par l\u2019association Parall\u00e8le Sud <\/strong>compos\u00e9e de journalistes ind\u00e9pendants qui ont un\u00a0journal en ligne et un\u00a0site internet d\u2019information.<\/p>\n<\/div><\/div>\n","protected":false},"excerpt":{"rendered":"","protected":false},"author":28090,"featured_media":3293,"comment_status":"closed","ping_status":"closed","sticky":false,"template":"","format":"standard","meta":{"footnotes":"","_links_to":"","_links_to_target":""},"categories":[18,54],"tags":[],"class_list":["post-3291","post","type-post","status-publish","format-standard","has-post-thumbnail","hentry","category-histoire-geographie-emc","category-parcours-citoyen"],"_links":{"self":[{"href":"https:\/\/etab.ac-reunion.fr\/clg-ravine-des-cabris\/wp-json\/wp\/v2\/posts\/3291","targetHints":{"allow":["GET"]}}],"collection":[{"href":"https:\/\/etab.ac-reunion.fr\/clg-ravine-des-cabris\/wp-json\/wp\/v2\/posts"}],"about":[{"href":"https:\/\/etab.ac-reunion.fr\/clg-ravine-des-cabris\/wp-json\/wp\/v2\/types\/post"}],"author":[{"embeddable":true,"href":"https:\/\/etab.ac-reunion.fr\/clg-ravine-des-cabris\/wp-json\/wp\/v2\/users\/28090"}],"replies":[{"embeddable":true,"href":"https:\/\/etab.ac-reunion.fr\/clg-ravine-des-cabris\/wp-json\/wp\/v2\/comments?post=3291"}],"version-history":[{"count":4,"href":"https:\/\/etab.ac-reunion.fr\/clg-ravine-des-cabris\/wp-json\/wp\/v2\/posts\/3291\/revisions"}],"predecessor-version":[{"id":3297,"href":"https:\/\/etab.ac-reunion.fr\/clg-ravine-des-cabris\/wp-json\/wp\/v2\/posts\/3291\/revisions\/3297"}],"wp:featuredmedia":[{"embeddable":true,"href":"https:\/\/etab.ac-reunion.fr\/clg-ravine-des-cabris\/wp-json\/wp\/v2\/media\/3293"}],"wp:attachment":[{"href":"https:\/\/etab.ac-reunion.fr\/clg-ravine-des-cabris\/wp-json\/wp\/v2\/media?parent=3291"}],"wp:term":[{"taxonomy":"category","embeddable":true,"href":"https:\/\/etab.ac-reunion.fr\/clg-ravine-des-cabris\/wp-json\/wp\/v2\/categories?post=3291"},{"taxonomy":"post_tag","embeddable":true,"href":"https:\/\/etab.ac-reunion.fr\/clg-ravine-des-cabris\/wp-json\/wp\/v2\/tags?post=3291"}],"curies":[{"name":"wp","href":"https:\/\/api.w.org\/{rel}","templated":true}]}}