{"id":3298,"date":"2024-04-08T20:33:47","date_gmt":"2024-04-08T18:33:47","guid":{"rendered":"https:\/\/etab.ac-reunion.fr\/clg-ravine-des-cabris\/?p=3298"},"modified":"2024-04-08T20:33:48","modified_gmt":"2024-04-08T18:33:48","slug":"zweierpasch-musikwettbewerb-2024","status":"publish","type":"post","link":"https:\/\/etab.ac-reunion.fr\/clg-ravine-des-cabris\/2024\/04\/08\/zweierpasch-musikwettbewerb-2024\/","title":{"rendered":"ZWEIERPASCH MUSIKWETTBEWERB 2024"},"content":{"rendered":"\n<p><strong>\u00ab\u00a0Dans le cadre du plus grand concours cr\u00e9atif propos\u00e9 par l&rsquo;Ecole du Flow aux \u00e9l\u00e8ves de France et d&rsquo;Allemagne,&nbsp;<\/strong><\/p>\n\n\n\n<p><strong>la classe d&rsquo;allemand de 3\u00e8meLV2 s&rsquo;est donn\u00e9e pour mission de cr\u00e9er une chanson cr\u00e9ole-allemand.&nbsp;<\/strong><\/p>\n\n\n\n<p><strong>Apr\u00e8s plusieurs mois de r\u00e9flexion, les \u00e9l\u00e8ves ont relev\u00e9 leur challenge en prenant pour base la chanson Ot\u00e9 Granm\u00e8r du groupe OUSANOUSAVA.&nbsp;<\/strong><\/p>\n\n\n\n<p><strong>Ils ne regrettent pas d&rsquo;avoir particip\u00e9 \u00e0 cette aventure enrichissante. Bravo encore pour ce travail!\u00a0\u00bb<\/strong><\/p>\n\n\n\n<p>Inspir\u00e9 de la chanson \u00ab&nbsp;Ot\u00e9 Granm\u00e8r&nbsp;\u00bb du groupe OUSANOUSAVA<\/p>\n\n\n\n<p>Strophe chanson:<\/p>\n\n\n\n<p><strong>Liebe Erde&nbsp;<\/strong>di \u00e0 nou kou\u00e9 la riv a tou\u00e9<\/p>\n\n\n\n<p>ou pe pa f\u00e9 croire anou&nbsp;<strong>dass alle verr\u00fcckt werden<\/strong><\/p>\n\n\n\n<p><strong>glaubt die Toleranz sei wie&nbsp;<\/strong>un laccessoire<\/p>\n\n\n\n<p>un jour ou porte \u00e0 li, un not jour ou laisse a li<\/p>\n\n\n\n<p><strong>aber Zusammenleben<\/strong><\/p>\n\n\n\n<p>i fo f\u00e8r deu trois concession<\/p>\n\n\n\n<p>REFRAIN<\/p>\n\n\n\n<p>moin mi ve pu f\u00e8r semblan<\/p>\n\n\n\n<p>moin mi ve toul mond l\u00e9&nbsp;<strong>tolerant<\/strong><\/p>\n\n\n\n<p><strong>egal was der eine sagt<\/strong><\/p>\n\n\n\n<p><strong>lasst unsere Diversit\u00e4t<\/strong><\/p>\n\n\n\n<p><strong>das ist echte Qualit\u00e4t<\/strong>, le seul r\u00e9alit\u00e9<\/p>\n\n\n\n<p>ot\u00e9 le fr\u00e8re, assez may\u00e9&nbsp;!<\/p>\n\n\n\n<figure class=\"wp-block-image size-large\"><img loading=\"lazy\" decoding=\"async\" width=\"1920\" height=\"1081\" src=\"https:\/\/etab.ac-reunion.fr\/clg-ravine-des-cabris\/wp-content\/uploads\/sites\/158\/2024\/04\/Ote-Granmer-1920x1081.jpg\" alt=\"\" class=\"wp-image-3299\" srcset=\"https:\/\/etab.ac-reunion.fr\/clg-ravine-des-cabris\/wp-content\/uploads\/sites\/158\/2024\/04\/Ote-Granmer-1920x1081.jpg 1920w, https:\/\/etab.ac-reunion.fr\/clg-ravine-des-cabris\/wp-content\/uploads\/sites\/158\/2024\/04\/Ote-Granmer-800x451.jpg 800w, https:\/\/etab.ac-reunion.fr\/clg-ravine-des-cabris\/wp-content\/uploads\/sites\/158\/2024\/04\/Ote-Granmer-768x432.jpg 768w, https:\/\/etab.ac-reunion.fr\/clg-ravine-des-cabris\/wp-content\/uploads\/sites\/158\/2024\/04\/Ote-Granmer-1536x865.jpg 1536w, https:\/\/etab.ac-reunion.fr\/clg-ravine-des-cabris\/wp-content\/uploads\/sites\/158\/2024\/04\/Ote-Granmer-2048x1153.jpg 2048w, https:\/\/etab.ac-reunion.fr\/clg-ravine-des-cabris\/wp-content\/uploads\/sites\/158\/2024\/04\/Ote-Granmer-234x132.jpg 234w\" sizes=\"auto, (max-width: 1920px) 100vw, 1920px\" \/><\/figure>\n","protected":false},"excerpt":{"rendered":"","protected":false},"author":28090,"featured_media":3302,"comment_status":"closed","ping_status":"closed","sticky":false,"template":"","format":"standard","meta":{"footnotes":"","_links_to":"","_links_to_target":""},"categories":[35,55],"tags":[],"class_list":["post-3298","post","type-post","status-publish","format-standard","has-post-thumbnail","hentry","category-allemand","category-parcours-deducation-artistique-et-culturelle"],"_links":{"self":[{"href":"https:\/\/etab.ac-reunion.fr\/clg-ravine-des-cabris\/wp-json\/wp\/v2\/posts\/3298","targetHints":{"allow":["GET"]}}],"collection":[{"href":"https:\/\/etab.ac-reunion.fr\/clg-ravine-des-cabris\/wp-json\/wp\/v2\/posts"}],"about":[{"href":"https:\/\/etab.ac-reunion.fr\/clg-ravine-des-cabris\/wp-json\/wp\/v2\/types\/post"}],"author":[{"embeddable":true,"href":"https:\/\/etab.ac-reunion.fr\/clg-ravine-des-cabris\/wp-json\/wp\/v2\/users\/28090"}],"replies":[{"embeddable":true,"href":"https:\/\/etab.ac-reunion.fr\/clg-ravine-des-cabris\/wp-json\/wp\/v2\/comments?post=3298"}],"version-history":[{"count":1,"href":"https:\/\/etab.ac-reunion.fr\/clg-ravine-des-cabris\/wp-json\/wp\/v2\/posts\/3298\/revisions"}],"predecessor-version":[{"id":3303,"href":"https:\/\/etab.ac-reunion.fr\/clg-ravine-des-cabris\/wp-json\/wp\/v2\/posts\/3298\/revisions\/3303"}],"wp:featuredmedia":[{"embeddable":true,"href":"https:\/\/etab.ac-reunion.fr\/clg-ravine-des-cabris\/wp-json\/wp\/v2\/media\/3302"}],"wp:attachment":[{"href":"https:\/\/etab.ac-reunion.fr\/clg-ravine-des-cabris\/wp-json\/wp\/v2\/media?parent=3298"}],"wp:term":[{"taxonomy":"category","embeddable":true,"href":"https:\/\/etab.ac-reunion.fr\/clg-ravine-des-cabris\/wp-json\/wp\/v2\/categories?post=3298"},{"taxonomy":"post_tag","embeddable":true,"href":"https:\/\/etab.ac-reunion.fr\/clg-ravine-des-cabris\/wp-json\/wp\/v2\/tags?post=3298"}],"curies":[{"name":"wp","href":"https:\/\/api.w.org\/{rel}","templated":true}]}}