{"id":3348,"date":"2024-04-20T18:24:34","date_gmt":"2024-04-20T16:24:34","guid":{"rendered":"https:\/\/etab.ac-reunion.fr\/clg-ravine-des-cabris\/?p=3348"},"modified":"2024-05-22T12:13:46","modified_gmt":"2024-05-22T10:13:46","slug":"visite-au-musee-stella","status":"publish","type":"post","link":"https:\/\/etab.ac-reunion.fr\/clg-ravine-des-cabris\/2024\/04\/20\/visite-au-musee-stella\/","title":{"rendered":"Visite au Mus\u00e9e Stella et projets p\u00e9dagogiques"},"content":{"rendered":"\n<h2 class=\"wp-block-heading has-accent-2-color has-text-color has-link-color has-large-font-size wp-elements-efdefb5c7cd69accacdbcad878d9c0ea\">Les \u00e9l\u00e8ves de 4<sup>\u00e8me<\/sup> Aristote et 4<sup>\u00e8me<\/sup> Klimt sont all\u00e9s visiter le mus\u00e9e Stella le 18 avril. La visite de cette ancienne&nbsp;usine sucri\u00e8re&nbsp; permet de comprendre les techniques industrielles en partant de la canne \u00e0 sucre, en parlant des machines mais \u00e9galement en d\u00e9crivant les \u00e9tapes de la fabrication. La coupe et le transport de la canne jusqu\u2019\u00e0 l\u2019usine sont \u00e9galement \u00e9voqu\u00e9s sans oublier le travail des engag\u00e9s dans l\u2019usine et leur vie quotidienne.<\/h2>\n\n\n\n<p class=\"has-headings-color has-text-color has-link-color has-large-font-size wp-elements-a60f04b4ccb1f717b971d66f684f9c4b\">Les 4<sup>\u00e8me<\/sup> Klimt vont r\u00e9aliser une \u00e9mission radio pour exploiter leur visite et les 4<sup>\u00e8me<\/sup>&nbsp; Aristote vont eux, r\u00e9aliser un reportage t\u00e9l\u00e9 \u00e0 partir de cette visite. <a href=\"https:\/\/tube-numerique-educatif.apps.education.fr\/w\/fcikh8kRRovXDEVkbDqFvy\">https:\/\/tube-numerique-educatif.apps.education.fr\/w\/fcikh8kRRovXDEVkbDqFvy<\/a><\/p>\n\n\n\n<figure class=\"wp-block-gallery has-nested-images columns-default is-cropped wp-block-gallery-1 is-layout-flex wp-block-gallery-is-layout-flex\">\n<figure class=\"wp-block-image size-medium\"><a href=\"https:\/\/etab.ac-reunion.fr\/clg-ravine-des-cabris\/wp-content\/uploads\/sites\/158\/2024\/04\/1-2.jpg\"><img loading=\"lazy\" decoding=\"async\" width=\"338\" height=\"600\" data-id=\"3357\" src=\"https:\/\/etab.ac-reunion.fr\/clg-ravine-des-cabris\/wp-content\/uploads\/sites\/158\/2024\/04\/1-2-338x600.jpg\" alt=\"\" class=\"wp-image-3357\" srcset=\"https:\/\/etab.ac-reunion.fr\/clg-ravine-des-cabris\/wp-content\/uploads\/sites\/158\/2024\/04\/1-2-338x600.jpg 338w, https:\/\/etab.ac-reunion.fr\/clg-ravine-des-cabris\/wp-content\/uploads\/sites\/158\/2024\/04\/1-2-768x1365.jpg 768w, https:\/\/etab.ac-reunion.fr\/clg-ravine-des-cabris\/wp-content\/uploads\/sites\/158\/2024\/04\/1-2-864x1536.jpg 864w, https:\/\/etab.ac-reunion.fr\/clg-ravine-des-cabris\/wp-content\/uploads\/sites\/158\/2024\/04\/1-2-74x132.jpg 74w, https:\/\/etab.ac-reunion.fr\/clg-ravine-des-cabris\/wp-content\/uploads\/sites\/158\/2024\/04\/1-2.jpg 1080w\" sizes=\"auto, (max-width: 338px) 100vw, 338px\" \/><\/a><\/figure>\n\n\n\n<figure class=\"wp-block-image size-medium\"><a href=\"https:\/\/etab.ac-reunion.fr\/clg-ravine-des-cabris\/wp-content\/uploads\/sites\/158\/2024\/04\/2-2.jpg\"><img loading=\"lazy\" decoding=\"async\" width=\"338\" height=\"600\" data-id=\"3358\" src=\"https:\/\/etab.ac-reunion.fr\/clg-ravine-des-cabris\/wp-content\/uploads\/sites\/158\/2024\/04\/2-2-338x600.jpg\" alt=\"\" class=\"wp-image-3358\" srcset=\"https:\/\/etab.ac-reunion.fr\/clg-ravine-des-cabris\/wp-content\/uploads\/sites\/158\/2024\/04\/2-2-338x600.jpg 338w, https:\/\/etab.ac-reunion.fr\/clg-ravine-des-cabris\/wp-content\/uploads\/sites\/158\/2024\/04\/2-2-768x1365.jpg 768w, https:\/\/etab.ac-reunion.fr\/clg-ravine-des-cabris\/wp-content\/uploads\/sites\/158\/2024\/04\/2-2-864x1536.jpg 864w, https:\/\/etab.ac-reunion.fr\/clg-ravine-des-cabris\/wp-content\/uploads\/sites\/158\/2024\/04\/2-2-74x132.jpg 74w, https:\/\/etab.ac-reunion.fr\/clg-ravine-des-cabris\/wp-content\/uploads\/sites\/158\/2024\/04\/2-2.jpg 1080w\" sizes=\"auto, (max-width: 338px) 100vw, 338px\" \/><\/a><\/figure>\n\n\n\n<figure class=\"wp-block-image size-medium\"><a href=\"https:\/\/etab.ac-reunion.fr\/clg-ravine-des-cabris\/wp-content\/uploads\/sites\/158\/2024\/04\/3-2.jpg\"><img loading=\"lazy\" decoding=\"async\" width=\"338\" height=\"600\" data-id=\"3359\" src=\"https:\/\/etab.ac-reunion.fr\/clg-ravine-des-cabris\/wp-content\/uploads\/sites\/158\/2024\/04\/3-2-338x600.jpg\" alt=\"\" class=\"wp-image-3359\" srcset=\"https:\/\/etab.ac-reunion.fr\/clg-ravine-des-cabris\/wp-content\/uploads\/sites\/158\/2024\/04\/3-2-338x600.jpg 338w, https:\/\/etab.ac-reunion.fr\/clg-ravine-des-cabris\/wp-content\/uploads\/sites\/158\/2024\/04\/3-2-768x1365.jpg 768w, https:\/\/etab.ac-reunion.fr\/clg-ravine-des-cabris\/wp-content\/uploads\/sites\/158\/2024\/04\/3-2-864x1536.jpg 864w, https:\/\/etab.ac-reunion.fr\/clg-ravine-des-cabris\/wp-content\/uploads\/sites\/158\/2024\/04\/3-2-74x132.jpg 74w, https:\/\/etab.ac-reunion.fr\/clg-ravine-des-cabris\/wp-content\/uploads\/sites\/158\/2024\/04\/3-2.jpg 1080w\" sizes=\"auto, (max-width: 338px) 100vw, 338px\" \/><\/a><\/figure>\n\n\n\n<figure class=\"wp-block-image size-medium\"><a href=\"https:\/\/etab.ac-reunion.fr\/clg-ravine-des-cabris\/wp-content\/uploads\/sites\/158\/2024\/04\/5-2.jpg\"><img loading=\"lazy\" decoding=\"async\" width=\"338\" height=\"600\" data-id=\"3360\" src=\"https:\/\/etab.ac-reunion.fr\/clg-ravine-des-cabris\/wp-content\/uploads\/sites\/158\/2024\/04\/5-2-338x600.jpg\" alt=\"\" class=\"wp-image-3360\" srcset=\"https:\/\/etab.ac-reunion.fr\/clg-ravine-des-cabris\/wp-content\/uploads\/sites\/158\/2024\/04\/5-2-338x600.jpg 338w, https:\/\/etab.ac-reunion.fr\/clg-ravine-des-cabris\/wp-content\/uploads\/sites\/158\/2024\/04\/5-2-768x1365.jpg 768w, https:\/\/etab.ac-reunion.fr\/clg-ravine-des-cabris\/wp-content\/uploads\/sites\/158\/2024\/04\/5-2-864x1536.jpg 864w, https:\/\/etab.ac-reunion.fr\/clg-ravine-des-cabris\/wp-content\/uploads\/sites\/158\/2024\/04\/5-2-74x132.jpg 74w, https:\/\/etab.ac-reunion.fr\/clg-ravine-des-cabris\/wp-content\/uploads\/sites\/158\/2024\/04\/5-2.jpg 1080w\" sizes=\"auto, (max-width: 338px) 100vw, 338px\" \/><\/a><\/figure>\n\n\n\n<figure class=\"wp-block-image size-medium\"><a href=\"https:\/\/etab.ac-reunion.fr\/clg-ravine-des-cabris\/wp-content\/uploads\/sites\/158\/2024\/04\/4-2.jpg\"><img loading=\"lazy\" decoding=\"async\" width=\"338\" height=\"600\" data-id=\"3361\" src=\"https:\/\/etab.ac-reunion.fr\/clg-ravine-des-cabris\/wp-content\/uploads\/sites\/158\/2024\/04\/4-2-338x600.jpg\" alt=\"\" class=\"wp-image-3361\" srcset=\"https:\/\/etab.ac-reunion.fr\/clg-ravine-des-cabris\/wp-content\/uploads\/sites\/158\/2024\/04\/4-2-338x600.jpg 338w, https:\/\/etab.ac-reunion.fr\/clg-ravine-des-cabris\/wp-content\/uploads\/sites\/158\/2024\/04\/4-2-768x1365.jpg 768w, https:\/\/etab.ac-reunion.fr\/clg-ravine-des-cabris\/wp-content\/uploads\/sites\/158\/2024\/04\/4-2-864x1536.jpg 864w, https:\/\/etab.ac-reunion.fr\/clg-ravine-des-cabris\/wp-content\/uploads\/sites\/158\/2024\/04\/4-2-74x132.jpg 74w, https:\/\/etab.ac-reunion.fr\/clg-ravine-des-cabris\/wp-content\/uploads\/sites\/158\/2024\/04\/4-2.jpg 1080w\" sizes=\"auto, (max-width: 338px) 100vw, 338px\" \/><\/a><\/figure>\n\n\n\n<figure class=\"wp-block-image size-medium\"><a href=\"https:\/\/etab.ac-reunion.fr\/clg-ravine-des-cabris\/wp-content\/uploads\/sites\/158\/2024\/04\/6-2.jpg\"><img loading=\"lazy\" decoding=\"async\" width=\"338\" height=\"600\" data-id=\"3362\" src=\"https:\/\/etab.ac-reunion.fr\/clg-ravine-des-cabris\/wp-content\/uploads\/sites\/158\/2024\/04\/6-2-338x600.jpg\" alt=\"\" class=\"wp-image-3362\" srcset=\"https:\/\/etab.ac-reunion.fr\/clg-ravine-des-cabris\/wp-content\/uploads\/sites\/158\/2024\/04\/6-2-338x600.jpg 338w, https:\/\/etab.ac-reunion.fr\/clg-ravine-des-cabris\/wp-content\/uploads\/sites\/158\/2024\/04\/6-2-768x1365.jpg 768w, https:\/\/etab.ac-reunion.fr\/clg-ravine-des-cabris\/wp-content\/uploads\/sites\/158\/2024\/04\/6-2-864x1536.jpg 864w, https:\/\/etab.ac-reunion.fr\/clg-ravine-des-cabris\/wp-content\/uploads\/sites\/158\/2024\/04\/6-2-74x132.jpg 74w, https:\/\/etab.ac-reunion.fr\/clg-ravine-des-cabris\/wp-content\/uploads\/sites\/158\/2024\/04\/6-2.jpg 1080w\" sizes=\"auto, (max-width: 338px) 100vw, 338px\" \/><\/a><\/figure>\n\n\n\n<figure class=\"wp-block-image size-medium\"><a href=\"https:\/\/etab.ac-reunion.fr\/clg-ravine-des-cabris\/wp-content\/uploads\/sites\/158\/2024\/04\/7-2.jpg\"><img loading=\"lazy\" decoding=\"async\" width=\"338\" height=\"600\" data-id=\"3363\" src=\"https:\/\/etab.ac-reunion.fr\/clg-ravine-des-cabris\/wp-content\/uploads\/sites\/158\/2024\/04\/7-2-338x600.jpg\" alt=\"\" class=\"wp-image-3363\" srcset=\"https:\/\/etab.ac-reunion.fr\/clg-ravine-des-cabris\/wp-content\/uploads\/sites\/158\/2024\/04\/7-2-338x600.jpg 338w, https:\/\/etab.ac-reunion.fr\/clg-ravine-des-cabris\/wp-content\/uploads\/sites\/158\/2024\/04\/7-2-768x1365.jpg 768w, https:\/\/etab.ac-reunion.fr\/clg-ravine-des-cabris\/wp-content\/uploads\/sites\/158\/2024\/04\/7-2-864x1536.jpg 864w, https:\/\/etab.ac-reunion.fr\/clg-ravine-des-cabris\/wp-content\/uploads\/sites\/158\/2024\/04\/7-2-74x132.jpg 74w, https:\/\/etab.ac-reunion.fr\/clg-ravine-des-cabris\/wp-content\/uploads\/sites\/158\/2024\/04\/7-2.jpg 1080w\" sizes=\"auto, (max-width: 338px) 100vw, 338px\" \/><\/a><\/figure>\n\n\n\n<figure class=\"wp-block-image size-medium\"><a href=\"https:\/\/etab.ac-reunion.fr\/clg-ravine-des-cabris\/wp-content\/uploads\/sites\/158\/2024\/04\/8-2.jpg\"><img loading=\"lazy\" decoding=\"async\" width=\"338\" height=\"600\" data-id=\"3364\" src=\"https:\/\/etab.ac-reunion.fr\/clg-ravine-des-cabris\/wp-content\/uploads\/sites\/158\/2024\/04\/8-2-338x600.jpg\" alt=\"\" class=\"wp-image-3364\" srcset=\"https:\/\/etab.ac-reunion.fr\/clg-ravine-des-cabris\/wp-content\/uploads\/sites\/158\/2024\/04\/8-2-338x600.jpg 338w, https:\/\/etab.ac-reunion.fr\/clg-ravine-des-cabris\/wp-content\/uploads\/sites\/158\/2024\/04\/8-2-768x1365.jpg 768w, https:\/\/etab.ac-reunion.fr\/clg-ravine-des-cabris\/wp-content\/uploads\/sites\/158\/2024\/04\/8-2-864x1536.jpg 864w, https:\/\/etab.ac-reunion.fr\/clg-ravine-des-cabris\/wp-content\/uploads\/sites\/158\/2024\/04\/8-2-74x132.jpg 74w, https:\/\/etab.ac-reunion.fr\/clg-ravine-des-cabris\/wp-content\/uploads\/sites\/158\/2024\/04\/8-2.jpg 1080w\" sizes=\"auto, (max-width: 338px) 100vw, 338px\" \/><\/a><\/figure>\n\n\n\n<figure class=\"wp-block-image size-medium\"><a href=\"https:\/\/etab.ac-reunion.fr\/clg-ravine-des-cabris\/wp-content\/uploads\/sites\/158\/2024\/04\/9-1.jpg\"><img loading=\"lazy\" decoding=\"async\" width=\"338\" height=\"600\" data-id=\"3365\" src=\"https:\/\/etab.ac-reunion.fr\/clg-ravine-des-cabris\/wp-content\/uploads\/sites\/158\/2024\/04\/9-1-338x600.jpg\" alt=\"\" class=\"wp-image-3365\" srcset=\"https:\/\/etab.ac-reunion.fr\/clg-ravine-des-cabris\/wp-content\/uploads\/sites\/158\/2024\/04\/9-1-338x600.jpg 338w, https:\/\/etab.ac-reunion.fr\/clg-ravine-des-cabris\/wp-content\/uploads\/sites\/158\/2024\/04\/9-1-768x1365.jpg 768w, https:\/\/etab.ac-reunion.fr\/clg-ravine-des-cabris\/wp-content\/uploads\/sites\/158\/2024\/04\/9-1-864x1536.jpg 864w, https:\/\/etab.ac-reunion.fr\/clg-ravine-des-cabris\/wp-content\/uploads\/sites\/158\/2024\/04\/9-1-74x132.jpg 74w, https:\/\/etab.ac-reunion.fr\/clg-ravine-des-cabris\/wp-content\/uploads\/sites\/158\/2024\/04\/9-1.jpg 1080w\" sizes=\"auto, (max-width: 338px) 100vw, 338px\" \/><\/a><\/figure>\n<\/figure>\n\n\n\n<div class=\"wp-block-media-text is-stacked-on-mobile\"><figure class=\"wp-block-media-text__media\"><img loading=\"lazy\" decoding=\"async\" width=\"1357\" height=\"1920\" src=\"https:\/\/etab.ac-reunion.fr\/clg-ravine-des-cabris\/wp-content\/uploads\/sites\/158\/2024\/04\/Live-Podcast-Flyer-1357x1920.jpg\" alt=\"\" class=\"wp-image-3436 size-full\" srcset=\"https:\/\/etab.ac-reunion.fr\/clg-ravine-des-cabris\/wp-content\/uploads\/sites\/158\/2024\/04\/Live-Podcast-Flyer-1357x1920.jpg 1357w, https:\/\/etab.ac-reunion.fr\/clg-ravine-des-cabris\/wp-content\/uploads\/sites\/158\/2024\/04\/Live-Podcast-Flyer-424x600.jpg 424w, https:\/\/etab.ac-reunion.fr\/clg-ravine-des-cabris\/wp-content\/uploads\/sites\/158\/2024\/04\/Live-Podcast-Flyer-768x1086.jpg 768w, https:\/\/etab.ac-reunion.fr\/clg-ravine-des-cabris\/wp-content\/uploads\/sites\/158\/2024\/04\/Live-Podcast-Flyer-1086x1536.jpg 1086w, https:\/\/etab.ac-reunion.fr\/clg-ravine-des-cabris\/wp-content\/uploads\/sites\/158\/2024\/04\/Live-Podcast-Flyer-93x132.jpg 93w, https:\/\/etab.ac-reunion.fr\/clg-ravine-des-cabris\/wp-content\/uploads\/sites\/158\/2024\/04\/Live-Podcast-Flyer.jpg 1414w\" sizes=\"auto, (max-width: 1357px) 100vw, 1357px\" \/><\/figure><div class=\"wp-block-media-text__content\">\n<p>\u00c9mission de radio \u00e9crite et enregistr\u00e9e par les \u00e9l\u00e8ves de la 4 \u00e8me Klimt toujours autant motiv\u00e9s par le projet radio men\u00e9 tout au long de l&rsquo;ann\u00e9e \u00e0 partir des 3 sorties p\u00e9dagogiques. L&rsquo;\u00e9mission comprend un micro-trottoir, une pr\u00e9sentation de l&rsquo;usine, de ses collections, la description du travail des engag\u00e9s, un reportage critique sur le mus\u00e9e, un zoom sur le bal tamoul et comme \u00e0 chaque fois, l&rsquo;\u00e9mission radio se termine par un quizz.<a href=\"https:\/\/tube-numerique-educatif.apps.education.fr\/w\/6K1gvPRqxot6CLft3cXWuF\">https:\/\/tube-numerique-educatif.apps.education.fr\/w\/6K1gvPRqxot6CLft3cXWuF<\/a><\/p>\n\n\n\n<p><\/p>\n\n\n\n<figure class=\"wp-block-embed is-type-wp-embed is-provider-peertube wp-block-embed-peertube\"><div class=\"wp-block-embed__wrapper\">\n<iframe loading=\"lazy\" class=\"wp-embedded-content\" sandbox=\"allow-scripts\" security=\"restricted\" title=\"Radio Klimt  Stella\" width=\"560\" height=\"315\" src=\"https:\/\/tube-numerique-educatif.apps.education.fr\/videos\/embed\/6K1gvPRqxot6CLft3cXWuF#?secret=HyVMQFaTEK\" data-secret=\"HyVMQFaTEK\"><\/iframe>\n<\/div><\/figure>\n\n\n\n<blockquote class=\"wp-block-quote is-layout-flow wp-block-quote-is-layout-flow\">\n<p><\/p>\n<\/blockquote>\n\n\n\n<p>Ci-dessus l&rsquo;\u00e9mission de radio des 4\u00b0 Klimt et ci-dessous, le journal TV des 4\u00b0 Aristote \u00ab\u00a0sp\u00e9cial Stella\u00a0\u00bb. Cliquer sur la photo de classe pour lancer le journal t\u00e9l\u00e9 !<\/p>\n<\/div><\/div>\n\n\n\n<div class=\"wp-block-media-text is-stacked-on-mobile\"><figure class=\"wp-block-media-text__media\"><img loading=\"lazy\" decoding=\"async\" width=\"1600\" height=\"842\" src=\"https:\/\/etab.ac-reunion.fr\/clg-ravine-des-cabris\/wp-content\/uploads\/sites\/158\/2024\/05\/Capture-decran-2024-05-22-a-14.11.24.png\" alt=\"\" class=\"wp-image-3471 size-full\" srcset=\"https:\/\/etab.ac-reunion.fr\/clg-ravine-des-cabris\/wp-content\/uploads\/sites\/158\/2024\/05\/Capture-decran-2024-05-22-a-14.11.24.png 1600w, https:\/\/etab.ac-reunion.fr\/clg-ravine-des-cabris\/wp-content\/uploads\/sites\/158\/2024\/05\/Capture-decran-2024-05-22-a-14.11.24-800x421.png 800w, https:\/\/etab.ac-reunion.fr\/clg-ravine-des-cabris\/wp-content\/uploads\/sites\/158\/2024\/05\/Capture-decran-2024-05-22-a-14.11.24-768x404.png 768w, https:\/\/etab.ac-reunion.fr\/clg-ravine-des-cabris\/wp-content\/uploads\/sites\/158\/2024\/05\/Capture-decran-2024-05-22-a-14.11.24-1536x808.png 1536w, https:\/\/etab.ac-reunion.fr\/clg-ravine-des-cabris\/wp-content\/uploads\/sites\/158\/2024\/05\/Capture-decran-2024-05-22-a-14.11.24-251x132.png 251w\" sizes=\"auto, (max-width: 1600px) 100vw, 1600px\" \/><\/figure><div class=\"wp-block-media-text__content\">\n<figure class=\"wp-block-image size-full\"><a href=\"https:\/\/tube-numerique-educatif.apps.education.fr\/w\/iocWLsEUnhXeHhpkJJXb9w\"><img loading=\"lazy\" decoding=\"async\" width=\"1422\" height=\"1064\" src=\"https:\/\/etab.ac-reunion.fr\/clg-ravine-des-cabris\/wp-content\/uploads\/sites\/158\/2024\/05\/Capture-decran-2024-05-22-a-14.07.39-1.png\" alt=\"\" class=\"wp-image-3472\" srcset=\"https:\/\/etab.ac-reunion.fr\/clg-ravine-des-cabris\/wp-content\/uploads\/sites\/158\/2024\/05\/Capture-decran-2024-05-22-a-14.07.39-1.png 1422w, https:\/\/etab.ac-reunion.fr\/clg-ravine-des-cabris\/wp-content\/uploads\/sites\/158\/2024\/05\/Capture-decran-2024-05-22-a-14.07.39-1-800x600.png 800w, https:\/\/etab.ac-reunion.fr\/clg-ravine-des-cabris\/wp-content\/uploads\/sites\/158\/2024\/05\/Capture-decran-2024-05-22-a-14.07.39-1-768x575.png 768w, https:\/\/etab.ac-reunion.fr\/clg-ravine-des-cabris\/wp-content\/uploads\/sites\/158\/2024\/05\/Capture-decran-2024-05-22-a-14.07.39-1-176x132.png 176w\" sizes=\"auto, (max-width: 1422px) 100vw, 1422px\" \/><\/a><\/figure>\n\n\n\n<p><\/p>\n<\/div><\/div>\n","protected":false},"excerpt":{"rendered":"","protected":false},"author":28090,"featured_media":3349,"comment_status":"closed","ping_status":"closed","sticky":false,"template":"","format":"standard","meta":{"footnotes":"","_links_to":"","_links_to_target":""},"categories":[17,18,55],"tags":[],"class_list":["post-3348","post","type-post","status-publish","format-standard","has-post-thumbnail","hentry","category-francais-latin","category-histoire-geographie-emc","category-parcours-deducation-artistique-et-culturelle"],"_links":{"self":[{"href":"https:\/\/etab.ac-reunion.fr\/clg-ravine-des-cabris\/wp-json\/wp\/v2\/posts\/3348","targetHints":{"allow":["GET"]}}],"collection":[{"href":"https:\/\/etab.ac-reunion.fr\/clg-ravine-des-cabris\/wp-json\/wp\/v2\/posts"}],"about":[{"href":"https:\/\/etab.ac-reunion.fr\/clg-ravine-des-cabris\/wp-json\/wp\/v2\/types\/post"}],"author":[{"embeddable":true,"href":"https:\/\/etab.ac-reunion.fr\/clg-ravine-des-cabris\/wp-json\/wp\/v2\/users\/28090"}],"replies":[{"embeddable":true,"href":"https:\/\/etab.ac-reunion.fr\/clg-ravine-des-cabris\/wp-json\/wp\/v2\/comments?post=3348"}],"version-history":[{"count":13,"href":"https:\/\/etab.ac-reunion.fr\/clg-ravine-des-cabris\/wp-json\/wp\/v2\/posts\/3348\/revisions"}],"predecessor-version":[{"id":3474,"href":"https:\/\/etab.ac-reunion.fr\/clg-ravine-des-cabris\/wp-json\/wp\/v2\/posts\/3348\/revisions\/3474"}],"wp:featuredmedia":[{"embeddable":true,"href":"https:\/\/etab.ac-reunion.fr\/clg-ravine-des-cabris\/wp-json\/wp\/v2\/media\/3349"}],"wp:attachment":[{"href":"https:\/\/etab.ac-reunion.fr\/clg-ravine-des-cabris\/wp-json\/wp\/v2\/media?parent=3348"}],"wp:term":[{"taxonomy":"category","embeddable":true,"href":"https:\/\/etab.ac-reunion.fr\/clg-ravine-des-cabris\/wp-json\/wp\/v2\/categories?post=3348"},{"taxonomy":"post_tag","embeddable":true,"href":"https:\/\/etab.ac-reunion.fr\/clg-ravine-des-cabris\/wp-json\/wp\/v2\/tags?post=3348"}],"curies":[{"name":"wp","href":"https:\/\/api.w.org\/{rel}","templated":true}]}}