{"id":3423,"date":"2024-04-29T20:01:51","date_gmt":"2024-04-29T18:01:51","guid":{"rendered":"https:\/\/etab.ac-reunion.fr\/clg-ravine-des-cabris\/?p=3423"},"modified":"2024-04-29T20:04:06","modified_gmt":"2024-04-29T18:04:06","slug":"le-club-danglais-se-met-en-scene","status":"publish","type":"post","link":"https:\/\/etab.ac-reunion.fr\/clg-ravine-des-cabris\/2024\/04\/29\/le-club-danglais-se-met-en-scene\/","title":{"rendered":"Le club d\u2019anglais se met en sc\u00e8ne !"},"content":{"rendered":"\n<p>Bonjour,<\/p>\n\n\n\n<p>Nous repr\u00e9sentons le club d\u2019anglais constitu\u00e9 de 8 \u00e9l\u00e8ves du Coll\u00e8ge de la Ravine des Cabris :&nbsp;&nbsp;L\u00e9na, Daphn\u00e9, Lou-ann, Joachim, S\u00e9bastien, Jean-Baptiste, Sacha et Yona.<\/p>\n\n\n\n<p>Le vendredi 22 mars 2024, durant la semaine des langues, nous nous sommes rendus \u00e0 l\u2019\u00e9cole \u00e9l\u00e9mentaire Pablo Picasso pour tenir un atelier sayn\u00e8tes en anglais mais aussi en cr\u00e9ole.&nbsp;<\/p>\n\n\n\n<p>Depuis la reprise du club, tous les membres du club ont r\u00e9dig\u00e9 des jeux de r\u00f4le comiques qu\u2019ils ont pu pr\u00e9senter devant les \u00e9l\u00e8ves de CM1 et CM2.&nbsp;<\/p>\n\n\n\n<p>Lors de cette matin\u00e9e, 4 sayn\u00e8tes ont \u00e9t\u00e9 jou\u00e9es, toutes tr\u00e8s appr\u00e9ci\u00e9es par les \u00e9l\u00e8ves du primaire.&nbsp;<\/p>\n\n\n\n<p>Ce fut une exp\u00e9rience amusante et enrichissante pour nous. On \u00e9tait tous tr\u00e8s fiers.&nbsp;<\/p>\n\n\n\n<p>Yes, we did it!!!!&nbsp;<\/p>\n\n\n\n<p>Yona, Jean-Baptiste et Sacha<\/p>\n\n\n\n<figure class=\"wp-block-gallery has-nested-images columns-default is-cropped wp-block-gallery-1 is-layout-flex wp-block-gallery-is-layout-flex\">\n<figure class=\"wp-block-image size-large\"><a href=\"https:\/\/etab.ac-reunion.fr\/clg-ravine-des-cabris\/wp-content\/uploads\/sites\/158\/2024\/04\/IMG_20240328_152631.jpg\"><img loading=\"lazy\" decoding=\"async\" width=\"1564\" height=\"1564\" data-id=\"3424\" src=\"https:\/\/etab.ac-reunion.fr\/clg-ravine-des-cabris\/wp-content\/uploads\/sites\/158\/2024\/04\/IMG_20240328_152631.jpg\" alt=\"\" class=\"wp-image-3424\" srcset=\"https:\/\/etab.ac-reunion.fr\/clg-ravine-des-cabris\/wp-content\/uploads\/sites\/158\/2024\/04\/IMG_20240328_152631.jpg 1564w, https:\/\/etab.ac-reunion.fr\/clg-ravine-des-cabris\/wp-content\/uploads\/sites\/158\/2024\/04\/IMG_20240328_152631-600x600.jpg 600w, https:\/\/etab.ac-reunion.fr\/clg-ravine-des-cabris\/wp-content\/uploads\/sites\/158\/2024\/04\/IMG_20240328_152631-150x150.jpg 150w, https:\/\/etab.ac-reunion.fr\/clg-ravine-des-cabris\/wp-content\/uploads\/sites\/158\/2024\/04\/IMG_20240328_152631-768x768.jpg 768w, https:\/\/etab.ac-reunion.fr\/clg-ravine-des-cabris\/wp-content\/uploads\/sites\/158\/2024\/04\/IMG_20240328_152631-1536x1536.jpg 1536w, https:\/\/etab.ac-reunion.fr\/clg-ravine-des-cabris\/wp-content\/uploads\/sites\/158\/2024\/04\/IMG_20240328_152631-132x132.jpg 132w\" sizes=\"auto, (max-width: 1564px) 100vw, 1564px\" \/><\/a><\/figure>\n<\/figure>\n","protected":false},"excerpt":{"rendered":"","protected":false},"author":28090,"featured_media":3425,"comment_status":"closed","ping_status":"closed","sticky":false,"template":"","format":"standard","meta":{"footnotes":"","_links_to":"","_links_to_target":""},"categories":[34,69],"tags":[],"class_list":["post-3423","post","type-post","status-publish","format-standard","has-post-thumbnail","hentry","category-anglais","category-club-anglais"],"_links":{"self":[{"href":"https:\/\/etab.ac-reunion.fr\/clg-ravine-des-cabris\/wp-json\/wp\/v2\/posts\/3423","targetHints":{"allow":["GET"]}}],"collection":[{"href":"https:\/\/etab.ac-reunion.fr\/clg-ravine-des-cabris\/wp-json\/wp\/v2\/posts"}],"about":[{"href":"https:\/\/etab.ac-reunion.fr\/clg-ravine-des-cabris\/wp-json\/wp\/v2\/types\/post"}],"author":[{"embeddable":true,"href":"https:\/\/etab.ac-reunion.fr\/clg-ravine-des-cabris\/wp-json\/wp\/v2\/users\/28090"}],"replies":[{"embeddable":true,"href":"https:\/\/etab.ac-reunion.fr\/clg-ravine-des-cabris\/wp-json\/wp\/v2\/comments?post=3423"}],"version-history":[{"count":1,"href":"https:\/\/etab.ac-reunion.fr\/clg-ravine-des-cabris\/wp-json\/wp\/v2\/posts\/3423\/revisions"}],"predecessor-version":[{"id":3426,"href":"https:\/\/etab.ac-reunion.fr\/clg-ravine-des-cabris\/wp-json\/wp\/v2\/posts\/3423\/revisions\/3426"}],"wp:featuredmedia":[{"embeddable":true,"href":"https:\/\/etab.ac-reunion.fr\/clg-ravine-des-cabris\/wp-json\/wp\/v2\/media\/3425"}],"wp:attachment":[{"href":"https:\/\/etab.ac-reunion.fr\/clg-ravine-des-cabris\/wp-json\/wp\/v2\/media?parent=3423"}],"wp:term":[{"taxonomy":"category","embeddable":true,"href":"https:\/\/etab.ac-reunion.fr\/clg-ravine-des-cabris\/wp-json\/wp\/v2\/categories?post=3423"},{"taxonomy":"post_tag","embeddable":true,"href":"https:\/\/etab.ac-reunion.fr\/clg-ravine-des-cabris\/wp-json\/wp\/v2\/tags?post=3423"}],"curies":[{"name":"wp","href":"https:\/\/api.w.org\/{rel}","templated":true}]}}