{"id":3439,"date":"2024-05-21T03:17:39","date_gmt":"2024-05-21T01:17:39","guid":{"rendered":"https:\/\/etab.ac-reunion.fr\/clg-ravine-des-cabris\/?p=3439"},"modified":"2024-05-21T03:17:39","modified_gmt":"2024-05-21T01:17:39","slug":"concert-avril-2024-oae-du-college-de-la-rdc","status":"publish","type":"post","link":"https:\/\/etab.ac-reunion.fr\/clg-ravine-des-cabris\/2024\/05\/21\/concert-avril-2024-oae-du-college-de-la-rdc\/","title":{"rendered":"Concert avril 2024 OAE du coll\u00e8ge de la RDC"},"content":{"rendered":"\n<p><\/p>\n\n\n\n<div class=\"wp-block-media-text is-stacked-on-mobile\"><figure class=\"wp-block-media-text__media\"><img loading=\"lazy\" decoding=\"async\" width=\"1920\" height=\"1032\" src=\"https:\/\/etab.ac-reunion.fr\/clg-ravine-des-cabris\/wp-content\/uploads\/sites\/158\/2024\/05\/Capture-decran-2024-05-21-a-05.12.31-1920x1032.png\" alt=\"\" class=\"wp-image-3440 size-full\" srcset=\"https:\/\/etab.ac-reunion.fr\/clg-ravine-des-cabris\/wp-content\/uploads\/sites\/158\/2024\/05\/Capture-decran-2024-05-21-a-05.12.31-1920x1032.png 1920w, https:\/\/etab.ac-reunion.fr\/clg-ravine-des-cabris\/wp-content\/uploads\/sites\/158\/2024\/05\/Capture-decran-2024-05-21-a-05.12.31-800x430.png 800w, https:\/\/etab.ac-reunion.fr\/clg-ravine-des-cabris\/wp-content\/uploads\/sites\/158\/2024\/05\/Capture-decran-2024-05-21-a-05.12.31-768x413.png 768w, https:\/\/etab.ac-reunion.fr\/clg-ravine-des-cabris\/wp-content\/uploads\/sites\/158\/2024\/05\/Capture-decran-2024-05-21-a-05.12.31-1536x825.png 1536w, https:\/\/etab.ac-reunion.fr\/clg-ravine-des-cabris\/wp-content\/uploads\/sites\/158\/2024\/05\/Capture-decran-2024-05-21-a-05.12.31-2048x1101.png 2048w, https:\/\/etab.ac-reunion.fr\/clg-ravine-des-cabris\/wp-content\/uploads\/sites\/158\/2024\/05\/Capture-decran-2024-05-21-a-05.12.31-246x132.png 246w\" sizes=\"auto, (max-width: 1920px) 100vw, 1920px\" \/><\/figure><div class=\"wp-block-media-text__content\">\n<p class=\"has-accent-2-color has-sitebg-background-color has-text-color has-background has-link-color has-normal-font-size wp-elements-6004d6a694aa5817da4ea52458851b2c\">Dans le cadre d&rsquo;un \u00e9change culturel franco-allemand, l&rsquo;Orchestre \u00c0 l&rsquo;\u00c9cole du coll\u00e8ge de la Ravine des Cabris (Acad\u00e9mie de la R\u00e9union) s&rsquo;est produit dans le gymnase du coll\u00e8ge le 30 avril 2024. Les 18 \u00e9l\u00e8ves de 5\u00e8me ont jou\u00e9 un programme autour de John Williams et quelques morceaux traditionnels r\u00e9unionnais. Les images prisent d&rsquo;un t\u00e9l\u00e9phone anonyme ne laissent pas appara\u00eetre les trois saxophones et les deux euphoniums. Promis, ils seront pr\u00e9sents dans le prochain \u00e9pisode.<a href=\"https:\/\/tube-numerique-educatif.apps.education.fr\/w\/6U8nAB6gSG2rv5pJXZ5a6K\">https:\/\/tube-numerique-educatif.apps.education.fr\/w\/6U8nAB6gSG2rv5pJXZ5a6K<\/a><\/p>\n<\/div><\/div>\n","protected":false},"excerpt":{"rendered":"","protected":false},"author":28090,"featured_media":2389,"comment_status":"closed","ping_status":"closed","sticky":false,"template":"","format":"standard","meta":{"footnotes":"","_links_to":"","_links_to_target":""},"categories":[28,55],"tags":[],"class_list":["post-3439","post","type-post","status-publish","format-standard","has-post-thumbnail","hentry","category-education-musicale","category-parcours-deducation-artistique-et-culturelle"],"_links":{"self":[{"href":"https:\/\/etab.ac-reunion.fr\/clg-ravine-des-cabris\/wp-json\/wp\/v2\/posts\/3439","targetHints":{"allow":["GET"]}}],"collection":[{"href":"https:\/\/etab.ac-reunion.fr\/clg-ravine-des-cabris\/wp-json\/wp\/v2\/posts"}],"about":[{"href":"https:\/\/etab.ac-reunion.fr\/clg-ravine-des-cabris\/wp-json\/wp\/v2\/types\/post"}],"author":[{"embeddable":true,"href":"https:\/\/etab.ac-reunion.fr\/clg-ravine-des-cabris\/wp-json\/wp\/v2\/users\/28090"}],"replies":[{"embeddable":true,"href":"https:\/\/etab.ac-reunion.fr\/clg-ravine-des-cabris\/wp-json\/wp\/v2\/comments?post=3439"}],"version-history":[{"count":1,"href":"https:\/\/etab.ac-reunion.fr\/clg-ravine-des-cabris\/wp-json\/wp\/v2\/posts\/3439\/revisions"}],"predecessor-version":[{"id":3441,"href":"https:\/\/etab.ac-reunion.fr\/clg-ravine-des-cabris\/wp-json\/wp\/v2\/posts\/3439\/revisions\/3441"}],"wp:featuredmedia":[{"embeddable":true,"href":"https:\/\/etab.ac-reunion.fr\/clg-ravine-des-cabris\/wp-json\/wp\/v2\/media\/2389"}],"wp:attachment":[{"href":"https:\/\/etab.ac-reunion.fr\/clg-ravine-des-cabris\/wp-json\/wp\/v2\/media?parent=3439"}],"wp:term":[{"taxonomy":"category","embeddable":true,"href":"https:\/\/etab.ac-reunion.fr\/clg-ravine-des-cabris\/wp-json\/wp\/v2\/categories?post=3439"},{"taxonomy":"post_tag","embeddable":true,"href":"https:\/\/etab.ac-reunion.fr\/clg-ravine-des-cabris\/wp-json\/wp\/v2\/tags?post=3439"}],"curies":[{"name":"wp","href":"https:\/\/api.w.org\/{rel}","templated":true}]}}