{"id":3446,"date":"2024-05-22T11:49:59","date_gmt":"2024-05-22T09:49:59","guid":{"rendered":"https:\/\/etab.ac-reunion.fr\/clg-ravine-des-cabris\/?p=3446"},"modified":"2024-05-22T11:51:55","modified_gmt":"2024-05-22T09:51:55","slug":"trevor-rap","status":"publish","type":"post","link":"https:\/\/etab.ac-reunion.fr\/clg-ravine-des-cabris\/2024\/05\/22\/trevor-rap\/","title":{"rendered":"Trevor-Rap"},"content":{"rendered":"\n<p><strong>A l&rsquo;issue d&rsquo;une ann\u00e9e pass\u00e9e au coll\u00e8ge de la Ravine des Cabris en tant qu&rsquo;assistant d&rsquo;allemand, Jacob TREVOR a re\u00e7u de la part d&rsquo;Ochuanne,&nbsp;<\/strong><\/p>\n\n\n\n<p><strong>un \u00e9l\u00e8ve de 4\u00e8me LCE Allemand, un pr\u00e9sent, un hommage &#8230;<\/strong><\/p>\n\n\n\n<div class=\"wp-block-media-text is-stacked-on-mobile\" style=\"grid-template-columns:60% auto\"><figure class=\"wp-block-media-text__media\"><img loading=\"lazy\" decoding=\"async\" width=\"800\" height=\"497\" src=\"https:\/\/etab.ac-reunion.fr\/clg-ravine-des-cabris\/wp-content\/uploads\/sites\/158\/2024\/05\/Capture-d_ecran-2024-05-22-a-09.0-5.45-800x497.png\" alt=\"\" class=\"wp-image-3448 size-medium\" srcset=\"https:\/\/etab.ac-reunion.fr\/clg-ravine-des-cabris\/wp-content\/uploads\/sites\/158\/2024\/05\/Capture-d_ecran-2024-05-22-a-09.0-5.45-800x497.png 800w, https:\/\/etab.ac-reunion.fr\/clg-ravine-des-cabris\/wp-content\/uploads\/sites\/158\/2024\/05\/Capture-d_ecran-2024-05-22-a-09.0-5.45-768x477.png 768w, https:\/\/etab.ac-reunion.fr\/clg-ravine-des-cabris\/wp-content\/uploads\/sites\/158\/2024\/05\/Capture-d_ecran-2024-05-22-a-09.0-5.45-1536x954.png 1536w, https:\/\/etab.ac-reunion.fr\/clg-ravine-des-cabris\/wp-content\/uploads\/sites\/158\/2024\/05\/Capture-d_ecran-2024-05-22-a-09.0-5.45-212x132.png 212w, https:\/\/etab.ac-reunion.fr\/clg-ravine-des-cabris\/wp-content\/uploads\/sites\/158\/2024\/05\/Capture-d_ecran-2024-05-22-a-09.0-5.45.png 1920w\" sizes=\"auto, (max-width: 800px) 100vw, 800px\" \/><\/figure><div class=\"wp-block-media-text__content\">\n<p><strong><u>TREVOR-Rap<\/u><\/strong><\/p>\n\n\n\n<p class=\"has-accent-2-color has-text-color has-link-color wp-elements-ad0a4c74ef8e7d4cd3a6f554ef975031\"><strong>Trevor, der Mann, der alles kann,<br>Stark wie ein Sturm, ein echter Lebensmann.<br>Mit einem L\u00e4cheln, das die Herzen gewinnt,<br>Sein Charisma ist, was die Leute dran bindt.<\/strong><\/p>\n\n\n\n<p class=\"has-accent-2-color has-text-color has-link-color wp-elements-b2fd3117be7c74c13cf6ef9158583278\"><strong><br>Er k\u00e4mpft f\u00fcr Tr\u00e4ume, gibt niemals auf,      <\/strong>        <strong>Sein Wille ist stark, er holt alles raus.<br>Derjenige, der die Welt bewegt,<br>Sein Name wird in den Sternen geschrieben, verstehst du?<\/strong><\/p>\n\n\n\n<p class=\"has-accent-2-color has-text-color has-link-color wp-elements-795b0ed65be70f15bcc3edf278908933\"><strong><br>Also lass uns unsere Stifte nehmen und feiern,Das Strahlen von Trevor, seine St\u00e4rke und Leidenschaft.<br>Er verk\u00f6rpert die Essenz der wahren Kunst,<br>Trevor, der Wanderer, der jedes Herz bei seinem Abschied ber\u00fchrt!<\/strong><\/p>\n<\/div><\/div>\n","protected":false},"excerpt":{"rendered":"","protected":false},"author":28090,"featured_media":3451,"comment_status":"closed","ping_status":"closed","sticky":false,"template":"","format":"standard","meta":{"footnotes":"","_links_to":"","_links_to_target":""},"categories":[35],"tags":[],"class_list":["post-3446","post","type-post","status-publish","format-standard","has-post-thumbnail","hentry","category-allemand"],"_links":{"self":[{"href":"https:\/\/etab.ac-reunion.fr\/clg-ravine-des-cabris\/wp-json\/wp\/v2\/posts\/3446","targetHints":{"allow":["GET"]}}],"collection":[{"href":"https:\/\/etab.ac-reunion.fr\/clg-ravine-des-cabris\/wp-json\/wp\/v2\/posts"}],"about":[{"href":"https:\/\/etab.ac-reunion.fr\/clg-ravine-des-cabris\/wp-json\/wp\/v2\/types\/post"}],"author":[{"embeddable":true,"href":"https:\/\/etab.ac-reunion.fr\/clg-ravine-des-cabris\/wp-json\/wp\/v2\/users\/28090"}],"replies":[{"embeddable":true,"href":"https:\/\/etab.ac-reunion.fr\/clg-ravine-des-cabris\/wp-json\/wp\/v2\/comments?post=3446"}],"version-history":[{"count":1,"href":"https:\/\/etab.ac-reunion.fr\/clg-ravine-des-cabris\/wp-json\/wp\/v2\/posts\/3446\/revisions"}],"predecessor-version":[{"id":3450,"href":"https:\/\/etab.ac-reunion.fr\/clg-ravine-des-cabris\/wp-json\/wp\/v2\/posts\/3446\/revisions\/3450"}],"wp:featuredmedia":[{"embeddable":true,"href":"https:\/\/etab.ac-reunion.fr\/clg-ravine-des-cabris\/wp-json\/wp\/v2\/media\/3451"}],"wp:attachment":[{"href":"https:\/\/etab.ac-reunion.fr\/clg-ravine-des-cabris\/wp-json\/wp\/v2\/media?parent=3446"}],"wp:term":[{"taxonomy":"category","embeddable":true,"href":"https:\/\/etab.ac-reunion.fr\/clg-ravine-des-cabris\/wp-json\/wp\/v2\/categories?post=3446"},{"taxonomy":"post_tag","embeddable":true,"href":"https:\/\/etab.ac-reunion.fr\/clg-ravine-des-cabris\/wp-json\/wp\/v2\/tags?post=3446"}],"curies":[{"name":"wp","href":"https:\/\/api.w.org\/{rel}","templated":true}]}}