{"id":3516,"date":"2024-06-17T20:43:33","date_gmt":"2024-06-17T18:43:33","guid":{"rendered":"https:\/\/etab.ac-reunion.fr\/clg-ravine-des-cabris\/?p=3516"},"modified":"2024-08-30T20:16:21","modified_gmt":"2024-08-30T18:16:21","slug":"les-4-frank-au-bon-marche","status":"publish","type":"post","link":"https:\/\/etab.ac-reunion.fr\/clg-ravine-des-cabris\/2024\/06\/17\/les-4-frank-au-bon-marche\/","title":{"rendered":"Les 4\u00b0 Frank au Bon March\u00e9"},"content":{"rendered":"\n<p><strong>Le cours d&rsquo;histoire s&rsquo;int\u00e9resse au XIX\u00b0 si\u00e8cle et \u00e0 l&rsquo;industrialisation. L&rsquo;exemple du Bon March\u00e9, un temple de la consommation<\/strong> a permis de comprendre comment le grand magasin du Bon March\u00e9 r\u00e9volutionne le commerce. <em>Dans les grandes villes naissent les grands magasins qui permettent de retrouver tout type d\u2019objets au m\u00eame endroit. Ils r\u00e9volutionnent \u00e9galement la mani\u00e8re de vendre et de pr\u00e9senter les produits.<\/em> Les \u00e9l\u00e8ves ont d\u00fb cr\u00e9er des publicit\u00e9s qui ont \u00e9t\u00e9 film\u00e9es au studio web du coll\u00e8ge. Les \u00e9l\u00e8ves livrent leurs impressions. Un lien permet d&rsquo;acc\u00e9der \u00e0 la vid\u00e9o des publicit\u00e9s des \u00e9l\u00e8ves \u00e0 la fin de l&rsquo;article.<\/p>\n\n\n\n<blockquote class=\"wp-block-quote has-text-align-left has-accent-2-color has-sitebg-background-color has-text-color has-background has-link-color has-large-font-size wp-elements-ab80229edca924d88502efa457709ca5 is-layout-flow wp-block-quote-is-layout-flow\">\n<p><\/p>\n<cite>J\u2019ai bien aim\u00e9 cette id\u00e9e de faire ce projet vid\u00e9o parce que je trouve que \u00e7a a d\u00e9velopp\u00e9 la complicit\u00e9 entre nous les \u00e9l\u00e8ves et les enseignants.<br>C\u2019est une id\u00e9e que j\u2019adore et en plus faire ce projet vid\u00e9o avec les \u00e9l\u00e8ves \u00e9tait une merveilleuse id\u00e9e car on participe, on rigole et \u00e7a c\u2019est magique\u00a0!<br>Ryan<br>\u00a0<br>Quand je suis entr\u00e9 dans la salle, c\u2019\u00e9tait impressionnant mais c\u2019\u00e9tait chouette. J\u2019ai beaucoup aim\u00e9 ce projet, on a fait une belle pub avec Lorenzo. \u00c7a fait un souvenir de plus dans la t\u00eate.<br>Mattis<br>\u00a0<br>Le projet s\u2019est bien pass\u00e9 sauf quand l\u2019on passe devant la cam\u00e9ra\u00a0: c\u2019est stressant. On a bien rigol\u00e9 surtout quand on a fait la photo.<br>Kendji<br>\u00a0<br>C\u2019\u00e9tait incroyable, dr\u00f4le, une d\u00e9couverte, une bonne \u00e9quipe, good vibes, passionnant.<br>Brayan, Nathane, Alicia<br>\u00a0<br>J\u2019ai bien aim\u00e9 ce projet car \u00e7a a \u00e9t\u00e9 amusant et rigolo . Et que \u00e7a nous permet de nous exprimer tout en nous amusant et m\u00eame de nous pr\u00e9parer \u00e0 l\u2019oral de 3<sup>e<\/sup>. Et on a fait des belles pubs.<br>Jade et Oph\u00e9lie<br><br>J&rsquo;ai ador\u00e9 l&rsquo;id\u00e9e de faire une pub ! C&rsquo;\u00e9tait une super exp\u00e9rience. C&rsquo;\u00e9tait marrant d&rsquo;\u00e9crire la pub, d&rsquo;inventer pour mettre en valeur ce magasin. Mais j&rsquo;ai eu trop la pression en tournage. <br>Kelsie<br><br>J\u2019ai trouv\u00e9 ce travail sur le Bon March\u00e9 super, car on a pu voir comment on peut cr\u00e9er des publicit\u00e9s. Ce que j\u2019ai le plus aim\u00e9 c\u2019est le travail de cameraman avec notre super \u00e9quipe. Le travail des cameraman est assez compliqu\u00e9 car on doit expliquer aux personnes qui passent de bien regarder la cam\u00e9ra, de couper leur texte en deux pour que la pub ressorte bien. J\u2019ai bien aim\u00e9 les photos qu\u2019on a pris pour le b\u00eatisier de la 4\u00e8me Franck .<br>Eva<br><br><a href=\"https:\/\/tube-numerique-educatif.apps.education.fr\/w\/pgnuBrhGDwiv3n9jHfi8P8\">https:\/\/tube-numerique-educatif.apps.education.fr\/w\/pgnuBrhGDwiv3n9jHfi8P8<\/a><\/cite><\/blockquote>\n\n\n\n<div class=\"wp-block-media-text is-stacked-on-mobile\"><figure class=\"wp-block-media-text__media\"><a href=\"https:\/\/tube-numerique-educatif.apps.education.fr\/w\/pgnuBrhGDwiv3n9jHfi8P8\"><img loading=\"lazy\" decoding=\"async\" width=\"1568\" height=\"1438\" src=\"https:\/\/etab.ac-reunion.fr\/clg-ravine-des-cabris\/wp-content\/uploads\/sites\/158\/2024\/06\/Capture-decran-2024-06-17-a-22.47.58.png\" alt=\"\" class=\"wp-image-3521 size-full\" srcset=\"https:\/\/etab.ac-reunion.fr\/clg-ravine-des-cabris\/wp-content\/uploads\/sites\/158\/2024\/06\/Capture-decran-2024-06-17-a-22.47.58.png 1568w, https:\/\/etab.ac-reunion.fr\/clg-ravine-des-cabris\/wp-content\/uploads\/sites\/158\/2024\/06\/Capture-decran-2024-06-17-a-22.47.58-654x600.png 654w, https:\/\/etab.ac-reunion.fr\/clg-ravine-des-cabris\/wp-content\/uploads\/sites\/158\/2024\/06\/Capture-decran-2024-06-17-a-22.47.58-768x704.png 768w, https:\/\/etab.ac-reunion.fr\/clg-ravine-des-cabris\/wp-content\/uploads\/sites\/158\/2024\/06\/Capture-decran-2024-06-17-a-22.47.58-1536x1409.png 1536w, https:\/\/etab.ac-reunion.fr\/clg-ravine-des-cabris\/wp-content\/uploads\/sites\/158\/2024\/06\/Capture-decran-2024-06-17-a-22.47.58-144x132.png 144w\" sizes=\"auto, (max-width: 1568px) 100vw, 1568px\" \/><\/a><\/figure><div class=\"wp-block-media-text__content\">\n<p>Cliquez sur l&rsquo;image pour voir la vid\u00e9o des travaux des \u00e9l\u00e8ves<\/p>\n<\/div><\/div>\n","protected":false},"excerpt":{"rendered":"","protected":false},"author":28090,"featured_media":3517,"comment_status":"closed","ping_status":"closed","sticky":false,"template":"","format":"standard","meta":{"footnotes":"","_links_to":"","_links_to_target":""},"categories":[18],"tags":[],"class_list":["post-3516","post","type-post","status-publish","format-standard","has-post-thumbnail","hentry","category-histoire-geographie-emc"],"_links":{"self":[{"href":"https:\/\/etab.ac-reunion.fr\/clg-ravine-des-cabris\/wp-json\/wp\/v2\/posts\/3516","targetHints":{"allow":["GET"]}}],"collection":[{"href":"https:\/\/etab.ac-reunion.fr\/clg-ravine-des-cabris\/wp-json\/wp\/v2\/posts"}],"about":[{"href":"https:\/\/etab.ac-reunion.fr\/clg-ravine-des-cabris\/wp-json\/wp\/v2\/types\/post"}],"author":[{"embeddable":true,"href":"https:\/\/etab.ac-reunion.fr\/clg-ravine-des-cabris\/wp-json\/wp\/v2\/users\/28090"}],"replies":[{"embeddable":true,"href":"https:\/\/etab.ac-reunion.fr\/clg-ravine-des-cabris\/wp-json\/wp\/v2\/comments?post=3516"}],"version-history":[{"count":5,"href":"https:\/\/etab.ac-reunion.fr\/clg-ravine-des-cabris\/wp-json\/wp\/v2\/posts\/3516\/revisions"}],"predecessor-version":[{"id":3595,"href":"https:\/\/etab.ac-reunion.fr\/clg-ravine-des-cabris\/wp-json\/wp\/v2\/posts\/3516\/revisions\/3595"}],"wp:featuredmedia":[{"embeddable":true,"href":"https:\/\/etab.ac-reunion.fr\/clg-ravine-des-cabris\/wp-json\/wp\/v2\/media\/3517"}],"wp:attachment":[{"href":"https:\/\/etab.ac-reunion.fr\/clg-ravine-des-cabris\/wp-json\/wp\/v2\/media?parent=3516"}],"wp:term":[{"taxonomy":"category","embeddable":true,"href":"https:\/\/etab.ac-reunion.fr\/clg-ravine-des-cabris\/wp-json\/wp\/v2\/categories?post=3516"},{"taxonomy":"post_tag","embeddable":true,"href":"https:\/\/etab.ac-reunion.fr\/clg-ravine-des-cabris\/wp-json\/wp\/v2\/tags?post=3516"}],"curies":[{"name":"wp","href":"https:\/\/api.w.org\/{rel}","templated":true}]}}