{"id":3525,"date":"2024-06-25T20:31:14","date_gmt":"2024-06-25T18:31:14","guid":{"rendered":"https:\/\/etab.ac-reunion.fr\/clg-ravine-des-cabris\/?p=3525"},"modified":"2024-06-25T20:31:14","modified_gmt":"2024-06-25T18:31:14","slug":"retour-sur-alice-in-wonderland-le-gouter-dalice","status":"publish","type":"post","link":"https:\/\/etab.ac-reunion.fr\/clg-ravine-des-cabris\/2024\/06\/25\/retour-sur-alice-in-wonderland-le-gouter-dalice\/","title":{"rendered":"Retour sur \u2018Alice In Wonderland\u2019 &#8211; \u2018Le Go\u00fbter d\u2019Alice\u2019"},"content":{"rendered":"\n<p>Un spectacle travaill\u00e9 en amont conjointement par les \u00e9l\u00e8ves de 6\u00e8me Donat, 6\u00e8me Albius, 6\u00e8me Anchaing et des classes de CE2A et de CM2A de l\u2019\u00e9cole Jean-Paul Sartre.<\/p>\n\n\n\n<p>Les \u00e9l\u00e8ves ont pr\u00e9sent\u00e9 leur travail lors du 30 mai en d\u00e9but de matin\u00e9e \u00e0 l\u2019\u00e9cole puis l\u2019apr\u00e8s-midi dans le gymnase du coll\u00e8ge et ensuite le 5 juin de nouveau au coll\u00e8ge en pr\u00e9sence de nombreux parents.&nbsp;<\/p>\n\n\n\n<p>Les spectateurs ont pu assist\u00e9 \u00e0 un show de po\u00e9sie, de chants, de danse et \u00e0 une pi\u00e8ce de th\u00e9\u00e2tre en anglais sur \u2018Alice Au Pays Des Merveilles\u2019. A la fois responsables de la gestion de l\u2019\u00e9v\u00e8nement, de l\u2019organisation, de l\u2019\u00e9criture des textes, des jeux d\u2019acteur, de la fabrication des d\u00e9cors, des chapeaux ou encore de la chor\u00e9graphie, tous les \u00e9l\u00e8ves ont particip\u00e9 \u00e0 la mise en \u0153uvre du spectacle. Il leur laissera un beau souvenir de coh\u00e9sion et d\u2019entraide dans un projet cr\u00e9atif pluridisciplinaire impliquant notamment les arts plastiques, l\u2019EPS, l\u2019\u00e9ducation musicale, l\u2019anglais, le fran\u00e7ais.<\/p>\n\n\n\n<p>Un \u00e9norme merci aux parents des \u00e9l\u00e8ves qui ont pr\u00e9par\u00e9 les plats du go\u00fbter typiquement britannique. Compos\u00e9 de d\u00e9licieux cookies, crumble, Millionaire\u2019s shortbread, g\u00e2teaux damier et brownies, le buffet servi \u00e0 la fin du show a r\u00e9gal\u00e9 nos petits invit\u00e9s.<\/p>\n\n\n\n<figure class=\"wp-block-gallery has-nested-images columns-default is-cropped wp-block-gallery-1 is-layout-flex wp-block-gallery-is-layout-flex\">\n<figure class=\"wp-block-image size-full\"><a href=\"https:\/\/etab.ac-reunion.fr\/clg-ravine-des-cabris\/wp-content\/uploads\/sites\/158\/2024\/06\/millionaire.jpg\"><img loading=\"lazy\" decoding=\"async\" width=\"1920\" height=\"1920\" data-id=\"3527\" src=\"https:\/\/etab.ac-reunion.fr\/clg-ravine-des-cabris\/wp-content\/uploads\/sites\/158\/2024\/06\/millionaire.jpg\" alt=\"\" class=\"wp-image-3527\" srcset=\"https:\/\/etab.ac-reunion.fr\/clg-ravine-des-cabris\/wp-content\/uploads\/sites\/158\/2024\/06\/millionaire.jpg 1920w, https:\/\/etab.ac-reunion.fr\/clg-ravine-des-cabris\/wp-content\/uploads\/sites\/158\/2024\/06\/millionaire-600x600.jpg 600w, https:\/\/etab.ac-reunion.fr\/clg-ravine-des-cabris\/wp-content\/uploads\/sites\/158\/2024\/06\/millionaire-150x150.jpg 150w, https:\/\/etab.ac-reunion.fr\/clg-ravine-des-cabris\/wp-content\/uploads\/sites\/158\/2024\/06\/millionaire-768x768.jpg 768w, https:\/\/etab.ac-reunion.fr\/clg-ravine-des-cabris\/wp-content\/uploads\/sites\/158\/2024\/06\/millionaire-1536x1536.jpg 1536w, https:\/\/etab.ac-reunion.fr\/clg-ravine-des-cabris\/wp-content\/uploads\/sites\/158\/2024\/06\/millionaire-132x132.jpg 132w\" sizes=\"auto, (max-width: 1920px) 100vw, 1920px\" \/><\/a><\/figure>\n<\/figure>\n\n\n\n<figure class=\"wp-block-gallery has-nested-images columns-default is-cropped wp-block-gallery-2 is-layout-flex wp-block-gallery-is-layout-flex\">\n<figure class=\"wp-block-image size-large\"><a href=\"https:\/\/etab.ac-reunion.fr\/clg-ravine-des-cabris\/wp-content\/uploads\/sites\/158\/2024\/06\/alice-decors-table-1.jpg\"><img loading=\"lazy\" decoding=\"async\" width=\"1920\" height=\"1440\" data-id=\"3528\" src=\"https:\/\/etab.ac-reunion.fr\/clg-ravine-des-cabris\/wp-content\/uploads\/sites\/158\/2024\/06\/alice-decors-table-1.jpg\" alt=\"\" class=\"wp-image-3528\" srcset=\"https:\/\/etab.ac-reunion.fr\/clg-ravine-des-cabris\/wp-content\/uploads\/sites\/158\/2024\/06\/alice-decors-table-1.jpg 1920w, https:\/\/etab.ac-reunion.fr\/clg-ravine-des-cabris\/wp-content\/uploads\/sites\/158\/2024\/06\/alice-decors-table-1-800x600.jpg 800w, https:\/\/etab.ac-reunion.fr\/clg-ravine-des-cabris\/wp-content\/uploads\/sites\/158\/2024\/06\/alice-decors-table-1-768x576.jpg 768w, https:\/\/etab.ac-reunion.fr\/clg-ravine-des-cabris\/wp-content\/uploads\/sites\/158\/2024\/06\/alice-decors-table-1-1536x1152.jpg 1536w, https:\/\/etab.ac-reunion.fr\/clg-ravine-des-cabris\/wp-content\/uploads\/sites\/158\/2024\/06\/alice-decors-table-1-176x132.jpg 176w\" sizes=\"auto, (max-width: 1920px) 100vw, 1920px\" \/><\/a><\/figure>\n<\/figure>\n","protected":false},"excerpt":{"rendered":"","protected":false},"author":28090,"featured_media":3529,"comment_status":"closed","ping_status":"closed","sticky":false,"template":"","format":"standard","meta":{"footnotes":"","_links_to":"","_links_to_target":""},"categories":[34,55],"tags":[],"class_list":["post-3525","post","type-post","status-publish","format-standard","has-post-thumbnail","hentry","category-anglais","category-parcours-deducation-artistique-et-culturelle"],"_links":{"self":[{"href":"https:\/\/etab.ac-reunion.fr\/clg-ravine-des-cabris\/wp-json\/wp\/v2\/posts\/3525","targetHints":{"allow":["GET"]}}],"collection":[{"href":"https:\/\/etab.ac-reunion.fr\/clg-ravine-des-cabris\/wp-json\/wp\/v2\/posts"}],"about":[{"href":"https:\/\/etab.ac-reunion.fr\/clg-ravine-des-cabris\/wp-json\/wp\/v2\/types\/post"}],"author":[{"embeddable":true,"href":"https:\/\/etab.ac-reunion.fr\/clg-ravine-des-cabris\/wp-json\/wp\/v2\/users\/28090"}],"replies":[{"embeddable":true,"href":"https:\/\/etab.ac-reunion.fr\/clg-ravine-des-cabris\/wp-json\/wp\/v2\/comments?post=3525"}],"version-history":[{"count":1,"href":"https:\/\/etab.ac-reunion.fr\/clg-ravine-des-cabris\/wp-json\/wp\/v2\/posts\/3525\/revisions"}],"predecessor-version":[{"id":3530,"href":"https:\/\/etab.ac-reunion.fr\/clg-ravine-des-cabris\/wp-json\/wp\/v2\/posts\/3525\/revisions\/3530"}],"wp:featuredmedia":[{"embeddable":true,"href":"https:\/\/etab.ac-reunion.fr\/clg-ravine-des-cabris\/wp-json\/wp\/v2\/media\/3529"}],"wp:attachment":[{"href":"https:\/\/etab.ac-reunion.fr\/clg-ravine-des-cabris\/wp-json\/wp\/v2\/media?parent=3525"}],"wp:term":[{"taxonomy":"category","embeddable":true,"href":"https:\/\/etab.ac-reunion.fr\/clg-ravine-des-cabris\/wp-json\/wp\/v2\/categories?post=3525"},{"taxonomy":"post_tag","embeddable":true,"href":"https:\/\/etab.ac-reunion.fr\/clg-ravine-des-cabris\/wp-json\/wp\/v2\/tags?post=3525"}],"curies":[{"name":"wp","href":"https:\/\/api.w.org\/{rel}","templated":true}]}}