{"id":3899,"date":"2024-12-17T11:37:11","date_gmt":"2024-12-17T10:37:11","guid":{"rendered":"https:\/\/etab.ac-reunion.fr\/clg-ravine-des-cabris\/?p=3899"},"modified":"2024-12-17T11:37:11","modified_gmt":"2024-12-17T10:37:11","slug":"fet-kaf","status":"publish","type":"post","link":"https:\/\/etab.ac-reunion.fr\/clg-ravine-des-cabris\/2024\/12\/17\/fet-kaf\/","title":{"rendered":"\u00ab\u00a0F\u00eat Kaf\u00a0\u00bb"},"content":{"rendered":"\n<p>Ce jeudi 19 d\u00e9cembre 2024 aura lieu notre traditionnelle \u00ab\u00a0F\u00caT KAF\u00a0\u00bb qui cl\u00f4turera cette ann\u00e9e 2024.<\/p>\n\n\n\n<p>La f\u00eat kaf commencera&nbsp; \u00e0 14h selon l&rsquo;organisation suivante :<\/p>\n\n\n\n<p>&#8211; 14h00 : ouverture de la f\u00eate par l&rsquo;atelier MALOYA sous le pr\u00e9au du CDI.<\/p>\n\n\n\n<p>&#8211; 14h30 : concert du groupe L&rsquo;INDIGO sous le pr\u00e9au du foyer.<\/p>\n\n\n\n<p>&#8211; 15h20 : l&rsquo;atelier Maloya (ou DJ) qui animera jusqu&rsquo;\u00e0 la fin de la journ\u00e9e.<\/p>\n\n\n\n<p><strong>Le DRESS CODE est tenue blanche ou traditionnelle cr\u00e9ole !<\/strong><\/p>\n\n\n\n<p>Les \u00e9l\u00e8ves des classes de quatri\u00e8me ont travaill\u00e9 sur l\u2019esclavage et l\u2019engagisme et ont profit\u00e9 des sorties p\u00e9dagogiques au Vieux Domaine et mus\u00e9e Vill\u00e8le pour d\u00e9velopper des projets pluridisciplinaires avec l\u2019histoire, l\u2019anglais et le fran\u00e7ais. Ils pr\u00e9sentent leurs travaux tout au long de cette semaine. Les 4\u00e8mes Aristote et les  4\u00e8mes Klimt ont travaill\u00e9 sur le Vieux Domaine et ont pr\u00e9sent\u00e9 l&rsquo;engagisme \u00e0 la R\u00e9union \u00e0 travers la pr\u00e9sentation du camp, du verger cr\u00e9ole, des expressions cr\u00e9oles et des l\u00e9gendes r\u00e9unionnaises. Les 4\u00e8mes Picasso eux, ont r\u00e9alis\u00e9 un ab\u00e9c\u00e9daire d&rsquo;abord en fran\u00e7ais sur le Vieux Domaine puis ils ont poursuivi cet abcd\u00e9aire en pr\u00e9sentant une version anglaise. Les 4\u00e8mes Klimt ont travaill\u00e9 sur le mus\u00e9e Vill\u00e8le et plus pr\u00e9cis\u00e9ment sur l&rsquo;h\u00f4pital des esclavages, la chapelle pointue, les conditions de vie des ma\u00eetres et celles des esclaves. Les 4\u00e8mes Becker eux ont d\u00e9cid\u00e9 de travailler en EMC sur les formes de l&rsquo;esclavage moderne.<\/p>\n\n\n\n<p>Vous trouverez <a href=\"https:\/\/tube-numerique-educatif.apps.education.fr\/w\/iQTKiNSLvWP7HoN2XN5ZxR\">ici<\/a> les travaux des \u00e9l\u00e8ves sur l&rsquo;esclavage et <a href=\"https:\/\/tube-numerique-educatif.apps.education.fr\/w\/eYsgZgd2RwXDWXvoMZxKnJ\">l\u00e0<\/a> l&rsquo;ab\u00e9c\u00e9daire en anglais du Vieux Domaine<\/p>\n\n\n\n<figure class=\"wp-block-image size-full\"><a href=\"https:\/\/tube-numerique-educatif.apps.education.fr\/w\/eYsgZgd2RwXDWXvoMZxKnJ\"><img loading=\"lazy\" decoding=\"async\" width=\"1796\" height=\"918\" src=\"https:\/\/etab.ac-reunion.fr\/clg-ravine-des-cabris\/wp-content\/uploads\/sites\/158\/2024\/12\/Capture-decran-2024-12-17-a-14.32.52.png\" alt=\"\" class=\"wp-image-3901\" srcset=\"https:\/\/etab.ac-reunion.fr\/clg-ravine-des-cabris\/wp-content\/uploads\/sites\/158\/2024\/12\/Capture-decran-2024-12-17-a-14.32.52.png 1796w, https:\/\/etab.ac-reunion.fr\/clg-ravine-des-cabris\/wp-content\/uploads\/sites\/158\/2024\/12\/Capture-decran-2024-12-17-a-14.32.52-800x409.png 800w, https:\/\/etab.ac-reunion.fr\/clg-ravine-des-cabris\/wp-content\/uploads\/sites\/158\/2024\/12\/Capture-decran-2024-12-17-a-14.32.52-768x393.png 768w, https:\/\/etab.ac-reunion.fr\/clg-ravine-des-cabris\/wp-content\/uploads\/sites\/158\/2024\/12\/Capture-decran-2024-12-17-a-14.32.52-1536x785.png 1536w, https:\/\/etab.ac-reunion.fr\/clg-ravine-des-cabris\/wp-content\/uploads\/sites\/158\/2024\/12\/Capture-decran-2024-12-17-a-14.32.52-258x132.png 258w\" sizes=\"auto, (max-width: 1796px) 100vw, 1796px\" \/><\/a><\/figure>\n\n\n\n<figure class=\"wp-block-image size-full\"><a href=\"https:\/\/tube-numerique-educatif.apps.education.fr\/w\/iQTKiNSLvWP7HoN2XN5ZxR\"><img loading=\"lazy\" decoding=\"async\" width=\"1022\" height=\"946\" src=\"https:\/\/etab.ac-reunion.fr\/clg-ravine-des-cabris\/wp-content\/uploads\/sites\/158\/2024\/12\/Capture-decran-2024-12-17-a-14.33.09.png\" alt=\"\" class=\"wp-image-3900\" srcset=\"https:\/\/etab.ac-reunion.fr\/clg-ravine-des-cabris\/wp-content\/uploads\/sites\/158\/2024\/12\/Capture-decran-2024-12-17-a-14.33.09.png 1022w, https:\/\/etab.ac-reunion.fr\/clg-ravine-des-cabris\/wp-content\/uploads\/sites\/158\/2024\/12\/Capture-decran-2024-12-17-a-14.33.09-648x600.png 648w, https:\/\/etab.ac-reunion.fr\/clg-ravine-des-cabris\/wp-content\/uploads\/sites\/158\/2024\/12\/Capture-decran-2024-12-17-a-14.33.09-768x711.png 768w, https:\/\/etab.ac-reunion.fr\/clg-ravine-des-cabris\/wp-content\/uploads\/sites\/158\/2024\/12\/Capture-decran-2024-12-17-a-14.33.09-143x132.png 143w\" sizes=\"auto, (max-width: 1022px) 100vw, 1022px\" \/><\/a><\/figure>\n","protected":false},"excerpt":{"rendered":"","protected":false},"author":28090,"featured_media":3903,"comment_status":"closed","ping_status":"closed","sticky":false,"template":"","format":"standard","meta":{"footnotes":"","_links_to":"","_links_to_target":""},"categories":[34,17,18,55],"tags":[],"class_list":["post-3899","post","type-post","status-publish","format-standard","has-post-thumbnail","hentry","category-anglais","category-francais-latin","category-histoire-geographie-emc","category-parcours-deducation-artistique-et-culturelle"],"_links":{"self":[{"href":"https:\/\/etab.ac-reunion.fr\/clg-ravine-des-cabris\/wp-json\/wp\/v2\/posts\/3899","targetHints":{"allow":["GET"]}}],"collection":[{"href":"https:\/\/etab.ac-reunion.fr\/clg-ravine-des-cabris\/wp-json\/wp\/v2\/posts"}],"about":[{"href":"https:\/\/etab.ac-reunion.fr\/clg-ravine-des-cabris\/wp-json\/wp\/v2\/types\/post"}],"author":[{"embeddable":true,"href":"https:\/\/etab.ac-reunion.fr\/clg-ravine-des-cabris\/wp-json\/wp\/v2\/users\/28090"}],"replies":[{"embeddable":true,"href":"https:\/\/etab.ac-reunion.fr\/clg-ravine-des-cabris\/wp-json\/wp\/v2\/comments?post=3899"}],"version-history":[{"count":1,"href":"https:\/\/etab.ac-reunion.fr\/clg-ravine-des-cabris\/wp-json\/wp\/v2\/posts\/3899\/revisions"}],"predecessor-version":[{"id":3904,"href":"https:\/\/etab.ac-reunion.fr\/clg-ravine-des-cabris\/wp-json\/wp\/v2\/posts\/3899\/revisions\/3904"}],"wp:featuredmedia":[{"embeddable":true,"href":"https:\/\/etab.ac-reunion.fr\/clg-ravine-des-cabris\/wp-json\/wp\/v2\/media\/3903"}],"wp:attachment":[{"href":"https:\/\/etab.ac-reunion.fr\/clg-ravine-des-cabris\/wp-json\/wp\/v2\/media?parent=3899"}],"wp:term":[{"taxonomy":"category","embeddable":true,"href":"https:\/\/etab.ac-reunion.fr\/clg-ravine-des-cabris\/wp-json\/wp\/v2\/categories?post=3899"},{"taxonomy":"post_tag","embeddable":true,"href":"https:\/\/etab.ac-reunion.fr\/clg-ravine-des-cabris\/wp-json\/wp\/v2\/tags?post=3899"}],"curies":[{"name":"wp","href":"https:\/\/api.w.org\/{rel}","templated":true}]}}