{"id":3972,"date":"2025-03-15T14:51:42","date_gmt":"2025-03-15T13:51:42","guid":{"rendered":"https:\/\/etab.ac-reunion.fr\/clg-ravine-des-cabris\/?p=3972"},"modified":"2025-06-02T14:41:14","modified_gmt":"2025-06-02T12:41:14","slug":"les-4eme-becker-au-tribunal-de-saint-pierre","status":"publish","type":"post","link":"https:\/\/etab.ac-reunion.fr\/clg-ravine-des-cabris\/2025\/03\/15\/les-4eme-becker-au-tribunal-de-saint-pierre\/","title":{"rendered":"Les 4\u00e8mes Becker au tribunal de Saint-Pierre"},"content":{"rendered":"\n<p>Les \u00e9l\u00e8ves de la 4\u00e8me Becker ont eu l\u2019occasion d\u2019assister \u00e0 une matin\u00e9e d\u2019audiences au tribunal correctionnel au mois de f\u00e9vrier.&nbsp;<\/p>\n\n\n\n<p>L\u2019objectif est par ailleurs de d\u00e9velopper chez les \u00e9l\u00e8ves :<\/p>\n\n\n\n<ul class=\"wp-block-list\">\n<li>la capacit\u00e9 \u00e0&nbsp;distinguer les diff\u00e9rents \u00e9l\u00e9ments de l&rsquo;institution judiciaire&nbsp;: l&rsquo;organisation d&rsquo;une salle d&rsquo;audience, la sp\u00e9cificit\u00e9 des personnels de justice, la proc\u00e9dure d\u2019un proc\u00e8s ;<\/li>\n\n\n\n<li>la capacit\u00e9 \u00e0&nbsp;analyser un conflit&nbsp;: son objet, les parties en pr\u00e9sence, le verdict ;<\/li>\n\n\n\n<li>la capacit\u00e9 \u00e0&nbsp;r\u00e9fl\u00e9chir sur les principes et les valeurs de la justice en essayant de trouver&nbsp;&nbsp;le respect des droits de la personne, le proc\u00e8s juste et \u00e9quitable, la mission de la justice dans chacune des affaires.<\/li>\n<\/ul>\n\n\n\n<p>Ensuite, ils ont d\u00fb \u00e9crire en groupes des articles de presse relatant une des affaires \u00e0&nbsp;laquelle ils ont assist\u00e9 en respectant les codes de l\u2019\u00e9criture d\u2019un article de presse. Ce travail a \u00e9t\u00e9 pr\u00e9par\u00e9 en aval en EMC par la pr\u00e9sentation des principes, valeurs, symboles de le justice et des diff\u00e9rentes institutions judiciaires et des personnels puis en fran\u00e7ais avec l\u2019explication de la mise en forme d\u2019un article de presse dans le cadre de la semaine de la presse. Et pur finir, la r\u00e9alisation des articles a permis aux \u00e9l\u00e8ves de d\u00e9velopper leurs comp\u00e9tences num\u00e9riques puisqu\u2019ils devaient l\u2019\u00e9crire sur les tablettes du coll\u00e8ge. Certains groupes ont particuli\u00e8rement bien coop\u00e9r\u00e9 dans cet&nbsp;exercice d\u2019\u00e9criture collectif.<\/p>\n\n\n\n<div class=\"wp-block-media-text is-stacked-on-mobile\"><figure class=\"wp-block-media-text__media\"><a href=\"https:\/\/tube-numerique-educatif.apps.education.fr\/w\/rWzGHpVQqErCSPkRhFv9P2\"><img loading=\"lazy\" decoding=\"async\" width=\"1512\" height=\"1436\" src=\"https:\/\/etab.ac-reunion.fr\/clg-ravine-des-cabris\/wp-content\/uploads\/sites\/158\/2025\/03\/Capture-decran-2025-03-15-a-17.43.47.png\" alt=\"\" class=\"wp-image-3974 size-full\" srcset=\"https:\/\/etab.ac-reunion.fr\/clg-ravine-des-cabris\/wp-content\/uploads\/sites\/158\/2025\/03\/Capture-decran-2025-03-15-a-17.43.47.png 1512w, https:\/\/etab.ac-reunion.fr\/clg-ravine-des-cabris\/wp-content\/uploads\/sites\/158\/2025\/03\/Capture-decran-2025-03-15-a-17.43.47-632x600.png 632w, https:\/\/etab.ac-reunion.fr\/clg-ravine-des-cabris\/wp-content\/uploads\/sites\/158\/2025\/03\/Capture-decran-2025-03-15-a-17.43.47-768x729.png 768w, https:\/\/etab.ac-reunion.fr\/clg-ravine-des-cabris\/wp-content\/uploads\/sites\/158\/2025\/03\/Capture-decran-2025-03-15-a-17.43.47-139x132.png 139w\" sizes=\"auto, (max-width: 1512px) 100vw, 1512px\" \/><\/a><\/figure><div class=\"wp-block-media-text__content\">\n<p>Les \u00e9l\u00e8ves ont donn\u00e9 leurs <a href=\"https:\/\/tube-numerique-educatif.apps.education.fr\/w\/rWzGHpVQqErCSPkRhFv9P2\">impressions<\/a> sur cette matin\u00e9e d&rsquo;audiences. Pour eux, c&rsquo;\u00e9tait la premi\u00e8re fois qu&rsquo;ils assistaient \u00e0 des audiences. <\/p>\n<\/div><\/div>\n\n\n\n<div data-wp-interactive=\"core\/file\" class=\"wp-block-file\"><object data-wp-bind--hidden=\"!state.hasPdfPreview\" hidden class=\"wp-block-file__embed\" data=\"https:\/\/etab.ac-reunion.fr\/clg-ravine-des-cabris\/wp-content\/uploads\/sites\/158\/2025\/03\/Annelia-Claire-Robin-Cassy.pdf\" type=\"application\/pdf\" style=\"width:100%;height:600px\" aria-label=\"Contenu embarqu\u00e9 Annelia Claire Robin Cassy.\"><\/object><a id=\"wp-block-file--media-3c10a870-c2b3-479f-b6f8-2c30a569ab36\" href=\"https:\/\/etab.ac-reunion.fr\/clg-ravine-des-cabris\/wp-content\/uploads\/sites\/158\/2025\/03\/Annelia-Claire-Robin-Cassy.pdf\">Annelia Claire Robin Cassy<\/a><a href=\"https:\/\/etab.ac-reunion.fr\/clg-ravine-des-cabris\/wp-content\/uploads\/sites\/158\/2025\/03\/Annelia-Claire-Robin-Cassy.pdf\" class=\"wp-block-file__button wp-element-button\" download aria-describedby=\"wp-block-file--media-3c10a870-c2b3-479f-b6f8-2c30a569ab36\">T\u00e9l\u00e9charger<\/a><\/div>\n\n\n\n<div data-wp-interactive=\"core\/file\" class=\"wp-block-file\"><object data-wp-bind--hidden=\"!state.hasPdfPreview\" hidden class=\"wp-block-file__embed\" data=\"https:\/\/etab.ac-reunion.fr\/clg-ravine-des-cabris\/wp-content\/uploads\/sites\/158\/2025\/03\/Ethan-K-Tya-Adrianna.pdf\" type=\"application\/pdf\" style=\"width:100%;height:600px\" aria-label=\"Contenu embarqu\u00e9 Ethan K Tya Adrianna.\"><\/object><a id=\"wp-block-file--media-fac54c58-0168-43d2-ae30-bfa6c6c2c4c1\" href=\"https:\/\/etab.ac-reunion.fr\/clg-ravine-des-cabris\/wp-content\/uploads\/sites\/158\/2025\/03\/Ethan-K-Tya-Adrianna.pdf\">Ethan K Tya Adrianna<\/a><a href=\"https:\/\/etab.ac-reunion.fr\/clg-ravine-des-cabris\/wp-content\/uploads\/sites\/158\/2025\/03\/Ethan-K-Tya-Adrianna.pdf\" class=\"wp-block-file__button wp-element-button\" download aria-describedby=\"wp-block-file--media-fac54c58-0168-43d2-ae30-bfa6c6c2c4c1\">T\u00e9l\u00e9charger<\/a><\/div>\n\n\n\n<div data-wp-interactive=\"core\/file\" class=\"wp-block-file\"><object data-wp-bind--hidden=\"!state.hasPdfPreview\" hidden class=\"wp-block-file__embed\" data=\"https:\/\/etab.ac-reunion.fr\/clg-ravine-des-cabris\/wp-content\/uploads\/sites\/158\/2025\/03\/Hanska-Philippe.pdf\" type=\"application\/pdf\" style=\"width:100%;height:600px\" aria-label=\"Contenu embarqu\u00e9 Hanska Philippe.\"><\/object><a id=\"wp-block-file--media-dc2b771e-bbf6-41aa-9d12-eb24e4bbe5c3\" href=\"https:\/\/etab.ac-reunion.fr\/clg-ravine-des-cabris\/wp-content\/uploads\/sites\/158\/2025\/03\/Hanska-Philippe.pdf\">Hanska Philippe<\/a><a href=\"https:\/\/etab.ac-reunion.fr\/clg-ravine-des-cabris\/wp-content\/uploads\/sites\/158\/2025\/03\/Hanska-Philippe.pdf\" class=\"wp-block-file__button wp-element-button\" download aria-describedby=\"wp-block-file--media-dc2b771e-bbf6-41aa-9d12-eb24e4bbe5c3\">T\u00e9l\u00e9charger<\/a><\/div>\n\n\n\n<div data-wp-interactive=\"core\/file\" class=\"wp-block-file\"><object data-wp-bind--hidden=\"!state.hasPdfPreview\" hidden class=\"wp-block-file__embed\" data=\"https:\/\/etab.ac-reunion.fr\/clg-ravine-des-cabris\/wp-content\/uploads\/sites\/158\/2025\/03\/Mathias-Lana-Ethan-PL.pdf\" type=\"application\/pdf\" style=\"width:100%;height:600px\" aria-label=\"Contenu embarqu\u00e9 Mathias Lana Ethan PL.\"><\/object><a id=\"wp-block-file--media-b1e5d9e3-14b5-44a5-ab0d-9325c916bb48\" href=\"https:\/\/etab.ac-reunion.fr\/clg-ravine-des-cabris\/wp-content\/uploads\/sites\/158\/2025\/03\/Mathias-Lana-Ethan-PL.pdf\">Mathias Lana Ethan PL<\/a><a href=\"https:\/\/etab.ac-reunion.fr\/clg-ravine-des-cabris\/wp-content\/uploads\/sites\/158\/2025\/03\/Mathias-Lana-Ethan-PL.pdf\" class=\"wp-block-file__button wp-element-button\" download aria-describedby=\"wp-block-file--media-b1e5d9e3-14b5-44a5-ab0d-9325c916bb48\">T\u00e9l\u00e9charger<\/a><\/div>\n\n\n\n<div data-wp-interactive=\"core\/file\" class=\"wp-block-file\"><object data-wp-bind--hidden=\"!state.hasPdfPreview\" hidden class=\"wp-block-file__embed\" data=\"https:\/\/etab.ac-reunion.fr\/clg-ravine-des-cabris\/wp-content\/uploads\/sites\/158\/2025\/03\/Mathilde-Lea-Loane-Nathan.pdf\" type=\"application\/pdf\" style=\"width:100%;height:600px\" aria-label=\"Contenu embarqu\u00e9 Mathilde Le\u0301a Loane Nathan.\"><\/object><a id=\"wp-block-file--media-bd67de3b-7d83-4daf-a8a8-3c7d1d5c3a91\" href=\"https:\/\/etab.ac-reunion.fr\/clg-ravine-des-cabris\/wp-content\/uploads\/sites\/158\/2025\/03\/Mathilde-Lea-Loane-Nathan.pdf\">Mathilde Le\u0301a Loane Nathan<\/a><a href=\"https:\/\/etab.ac-reunion.fr\/clg-ravine-des-cabris\/wp-content\/uploads\/sites\/158\/2025\/03\/Mathilde-Lea-Loane-Nathan.pdf\" class=\"wp-block-file__button wp-element-button\" download aria-describedby=\"wp-block-file--media-bd67de3b-7d83-4daf-a8a8-3c7d1d5c3a91\">T\u00e9l\u00e9charger<\/a><\/div>\n\n\n\n<div data-wp-interactive=\"core\/file\" class=\"wp-block-file\"><object data-wp-bind--hidden=\"!state.hasPdfPreview\" hidden class=\"wp-block-file__embed\" data=\"https:\/\/etab.ac-reunion.fr\/clg-ravine-des-cabris\/wp-content\/uploads\/sites\/158\/2025\/03\/Youssra-Leana-Alexandre.pdf\" type=\"application\/pdf\" style=\"width:100%;height:600px\" aria-label=\"Contenu embarqu\u00e9 Youssra Le\u0301ana Alexandre.\"><\/object><a id=\"wp-block-file--media-29b189bf-89a0-48e6-bd87-a792c4b340ea\" href=\"https:\/\/etab.ac-reunion.fr\/clg-ravine-des-cabris\/wp-content\/uploads\/sites\/158\/2025\/03\/Youssra-Leana-Alexandre.pdf\">Youssra Le\u0301ana Alexandre<\/a><a href=\"https:\/\/etab.ac-reunion.fr\/clg-ravine-des-cabris\/wp-content\/uploads\/sites\/158\/2025\/03\/Youssra-Leana-Alexandre.pdf\" class=\"wp-block-file__button wp-element-button\" download aria-describedby=\"wp-block-file--media-29b189bf-89a0-48e6-bd87-a792c4b340ea\">T\u00e9l\u00e9charger<\/a><\/div>\n\n\n\n<figure class=\"wp-block-video\"><video height=\"1920\" style=\"aspect-ratio: 1080 \/ 1920;\" width=\"1080\" controls src=\"https:\/\/etab.ac-reunion.fr\/clg-ravine-des-cabris\/wp-content\/uploads\/sites\/158\/2025\/03\/Becker-redaction-articles.mp4\"><\/video><\/figure>\n","protected":false},"excerpt":{"rendered":"","protected":false},"author":28090,"featured_media":3981,"comment_status":"closed","ping_status":"closed","sticky":false,"template":"","format":"standard","meta":{"footnotes":"","_links_to":"","_links_to_target":""},"categories":[17,18,54],"tags":[],"class_list":["post-3972","post","type-post","status-publish","format-standard","has-post-thumbnail","hentry","category-francais-latin","category-histoire-geographie-emc","category-parcours-citoyen"],"_links":{"self":[{"href":"https:\/\/etab.ac-reunion.fr\/clg-ravine-des-cabris\/wp-json\/wp\/v2\/posts\/3972","targetHints":{"allow":["GET"]}}],"collection":[{"href":"https:\/\/etab.ac-reunion.fr\/clg-ravine-des-cabris\/wp-json\/wp\/v2\/posts"}],"about":[{"href":"https:\/\/etab.ac-reunion.fr\/clg-ravine-des-cabris\/wp-json\/wp\/v2\/types\/post"}],"author":[{"embeddable":true,"href":"https:\/\/etab.ac-reunion.fr\/clg-ravine-des-cabris\/wp-json\/wp\/v2\/users\/28090"}],"replies":[{"embeddable":true,"href":"https:\/\/etab.ac-reunion.fr\/clg-ravine-des-cabris\/wp-json\/wp\/v2\/comments?post=3972"}],"version-history":[{"count":3,"href":"https:\/\/etab.ac-reunion.fr\/clg-ravine-des-cabris\/wp-json\/wp\/v2\/posts\/3972\/revisions"}],"predecessor-version":[{"id":4327,"href":"https:\/\/etab.ac-reunion.fr\/clg-ravine-des-cabris\/wp-json\/wp\/v2\/posts\/3972\/revisions\/4327"}],"wp:featuredmedia":[{"embeddable":true,"href":"https:\/\/etab.ac-reunion.fr\/clg-ravine-des-cabris\/wp-json\/wp\/v2\/media\/3981"}],"wp:attachment":[{"href":"https:\/\/etab.ac-reunion.fr\/clg-ravine-des-cabris\/wp-json\/wp\/v2\/media?parent=3972"}],"wp:term":[{"taxonomy":"category","embeddable":true,"href":"https:\/\/etab.ac-reunion.fr\/clg-ravine-des-cabris\/wp-json\/wp\/v2\/categories?post=3972"},{"taxonomy":"post_tag","embeddable":true,"href":"https:\/\/etab.ac-reunion.fr\/clg-ravine-des-cabris\/wp-json\/wp\/v2\/tags?post=3972"}],"curies":[{"name":"wp","href":"https:\/\/api.w.org\/{rel}","templated":true}]}}