{"id":3984,"date":"2025-03-15T15:18:54","date_gmt":"2025-03-15T14:18:54","guid":{"rendered":"https:\/\/etab.ac-reunion.fr\/clg-ravine-des-cabris\/?p=3984"},"modified":"2025-03-15T15:18:54","modified_gmt":"2025-03-15T14:18:54","slug":"concours-jeunesse-pour-legalite","status":"publish","type":"post","link":"https:\/\/etab.ac-reunion.fr\/clg-ravine-des-cabris\/2025\/03\/15\/concours-jeunesse-pour-legalite\/","title":{"rendered":"Concours Jeunesse pour l&rsquo;\u00e9galit\u00e9"},"content":{"rendered":"\n<p>Les \u00e9l\u00e8ves de 4\u00e8me Aristote ont particip\u00e9 \u00e0 un concours lanc\u00e9 par l\u2019observatoire des in\u00e9galit\u00e9s. Cette douzi\u00e8me \u00e9dition avait pour th\u00e8me&nbsp;<strong>\u00ab D\u00e9passons les pr\u00e9jug\u00e9s ! \u00bb<\/strong>.&nbsp;<\/p>\n\n\n\n<p>Ils avaient le choix entre r\u00e9aliser une affiche ou bien une vid\u00e9o; Ils ont d\u00fb se plier au r\u00e8glement pr\u00e9cis qui a permis le processus de s\u00e9lection. Afin d\u2019arriver \u00e0 produire leurs affiches et vid\u00e9os, ils ont avant appris en EMC ce qu\u2019\u00e9tait un pr\u00e9jug\u00e9, un st\u00e9r\u00e9otype en s\u2019int\u00e9ressant particuli\u00e8rement aux st\u00e9r\u00e9otypes de genres<\/p>\n\n\n\n<p>\ud83c\udf89&nbsp; F\u00e9licitations ! \ud83c\udf89<\/p>\n\n\n\n<p>\ud83c\udfc6&nbsp; Le coll\u00e8ge fait partie des 40\u00e9quipes laur\u00e9ates de la12\u1d49 \u00e9dition du Prix \u00ab\u00a0Jeunesse pour l\u2019\u00e9galit\u00e9&nbsp;\u00bb dans la cat\u00e9gorie vid\u00e9o.<\/p>\n\n\n\n<figure class=\"wp-block-gallery has-nested-images columns-1 is-cropped wp-block-gallery-1 is-layout-flex wp-block-gallery-is-layout-flex\">\n<figure class=\"wp-block-image size-large\"><img loading=\"lazy\" decoding=\"async\" width=\"1812\" height=\"1286\" data-id=\"3987\" src=\"https:\/\/etab.ac-reunion.fr\/clg-ravine-des-cabris\/wp-content\/uploads\/sites\/158\/2025\/03\/Idees-courtes.png\" alt=\"\" class=\"wp-image-3987\" srcset=\"https:\/\/etab.ac-reunion.fr\/clg-ravine-des-cabris\/wp-content\/uploads\/sites\/158\/2025\/03\/Idees-courtes.png 1812w, https:\/\/etab.ac-reunion.fr\/clg-ravine-des-cabris\/wp-content\/uploads\/sites\/158\/2025\/03\/Idees-courtes-800x568.png 800w, https:\/\/etab.ac-reunion.fr\/clg-ravine-des-cabris\/wp-content\/uploads\/sites\/158\/2025\/03\/Idees-courtes-768x545.png 768w, https:\/\/etab.ac-reunion.fr\/clg-ravine-des-cabris\/wp-content\/uploads\/sites\/158\/2025\/03\/Idees-courtes-1536x1090.png 1536w, https:\/\/etab.ac-reunion.fr\/clg-ravine-des-cabris\/wp-content\/uploads\/sites\/158\/2025\/03\/Idees-courtes-186x132.png 186w\" sizes=\"auto, (max-width: 1812px) 100vw, 1812px\" \/><\/figure>\n\n\n\n<figure class=\"wp-block-image size-large\"><img loading=\"lazy\" decoding=\"async\" width=\"1920\" height=\"1341\" data-id=\"3988\" src=\"https:\/\/etab.ac-reunion.fr\/clg-ravine-des-cabris\/wp-content\/uploads\/sites\/158\/2025\/03\/Les-reves-peuvent-devenir-realite-1920x1341.png\" alt=\"\" class=\"wp-image-3988\" srcset=\"https:\/\/etab.ac-reunion.fr\/clg-ravine-des-cabris\/wp-content\/uploads\/sites\/158\/2025\/03\/Les-reves-peuvent-devenir-realite-1920x1341.png 1920w, https:\/\/etab.ac-reunion.fr\/clg-ravine-des-cabris\/wp-content\/uploads\/sites\/158\/2025\/03\/Les-reves-peuvent-devenir-realite-800x559.png 800w, https:\/\/etab.ac-reunion.fr\/clg-ravine-des-cabris\/wp-content\/uploads\/sites\/158\/2025\/03\/Les-reves-peuvent-devenir-realite-768x536.png 768w, https:\/\/etab.ac-reunion.fr\/clg-ravine-des-cabris\/wp-content\/uploads\/sites\/158\/2025\/03\/Les-reves-peuvent-devenir-realite-1536x1073.png 1536w, https:\/\/etab.ac-reunion.fr\/clg-ravine-des-cabris\/wp-content\/uploads\/sites\/158\/2025\/03\/Les-reves-peuvent-devenir-realite-2048x1431.png 2048w, https:\/\/etab.ac-reunion.fr\/clg-ravine-des-cabris\/wp-content\/uploads\/sites\/158\/2025\/03\/Les-reves-peuvent-devenir-realite-189x132.png 189w\" sizes=\"auto, (max-width: 1920px) 100vw, 1920px\" \/><\/figure>\n\n\n\n<figure class=\"wp-block-image size-large\"><img loading=\"lazy\" decoding=\"async\" width=\"1920\" height=\"873\" data-id=\"3985\" src=\"https:\/\/etab.ac-reunion.fr\/clg-ravine-des-cabris\/wp-content\/uploads\/sites\/158\/2025\/03\/ticket-non-valide-1920x873.jpg\" alt=\"\" class=\"wp-image-3985\" srcset=\"https:\/\/etab.ac-reunion.fr\/clg-ravine-des-cabris\/wp-content\/uploads\/sites\/158\/2025\/03\/ticket-non-valide-1920x873.jpg 1920w, https:\/\/etab.ac-reunion.fr\/clg-ravine-des-cabris\/wp-content\/uploads\/sites\/158\/2025\/03\/ticket-non-valide-800x364.jpg 800w, https:\/\/etab.ac-reunion.fr\/clg-ravine-des-cabris\/wp-content\/uploads\/sites\/158\/2025\/03\/ticket-non-valide-768x349.jpg 768w, https:\/\/etab.ac-reunion.fr\/clg-ravine-des-cabris\/wp-content\/uploads\/sites\/158\/2025\/03\/ticket-non-valide-1536x698.jpg 1536w, https:\/\/etab.ac-reunion.fr\/clg-ravine-des-cabris\/wp-content\/uploads\/sites\/158\/2025\/03\/ticket-non-valide-2048x931.jpg 2048w, https:\/\/etab.ac-reunion.fr\/clg-ravine-des-cabris\/wp-content\/uploads\/sites\/158\/2025\/03\/ticket-non-valide-290x132.jpg 290w\" sizes=\"auto, (max-width: 1920px) 100vw, 1920px\" \/><\/figure>\n\n\n\n<figure class=\"wp-block-image size-large\"><img loading=\"lazy\" decoding=\"async\" width=\"1822\" height=\"1294\" data-id=\"3986\" src=\"https:\/\/etab.ac-reunion.fr\/clg-ravine-des-cabris\/wp-content\/uploads\/sites\/158\/2025\/03\/Un-monde-meilleur.png\" alt=\"\" class=\"wp-image-3986\" srcset=\"https:\/\/etab.ac-reunion.fr\/clg-ravine-des-cabris\/wp-content\/uploads\/sites\/158\/2025\/03\/Un-monde-meilleur.png 1822w, https:\/\/etab.ac-reunion.fr\/clg-ravine-des-cabris\/wp-content\/uploads\/sites\/158\/2025\/03\/Un-monde-meilleur-800x568.png 800w, https:\/\/etab.ac-reunion.fr\/clg-ravine-des-cabris\/wp-content\/uploads\/sites\/158\/2025\/03\/Un-monde-meilleur-768x545.png 768w, https:\/\/etab.ac-reunion.fr\/clg-ravine-des-cabris\/wp-content\/uploads\/sites\/158\/2025\/03\/Un-monde-meilleur-1536x1091.png 1536w, https:\/\/etab.ac-reunion.fr\/clg-ravine-des-cabris\/wp-content\/uploads\/sites\/158\/2025\/03\/Un-monde-meilleur-186x132.png 186w\" sizes=\"auto, (max-width: 1822px) 100vw, 1822px\" \/><\/figure>\n<\/figure>\n\n\n\n<div data-wp-interactive=\"core\/file\" class=\"wp-block-file\"><object data-wp-bind--hidden=\"!state.hasPdfPreview\" hidden class=\"wp-block-file__embed\" data=\"https:\/\/etab.ac-reunion.fr\/clg-ravine-des-cabris\/wp-content\/uploads\/sites\/158\/2025\/03\/finalistes-prix-jeunesse-pour-legalite-2025-video.pdf\" type=\"application\/pdf\" style=\"width:100%;height:600px\" aria-label=\"Contenu embarqu\u00e9 finalistes prix jeunesse pour l&apos;e\u0301galite\u0301 2025 vide\u0301o.\"><\/object><a id=\"wp-block-file--media-c4152233-3375-49ef-9b04-084ad6b32e91\" href=\"https:\/\/etab.ac-reunion.fr\/clg-ravine-des-cabris\/wp-content\/uploads\/sites\/158\/2025\/03\/finalistes-prix-jeunesse-pour-legalite-2025-video.pdf\">finalistes prix jeunesse pour l&rsquo;e\u0301galite\u0301 2025 vide\u0301o<\/a><a href=\"https:\/\/etab.ac-reunion.fr\/clg-ravine-des-cabris\/wp-content\/uploads\/sites\/158\/2025\/03\/finalistes-prix-jeunesse-pour-legalite-2025-video.pdf\" class=\"wp-block-file__button wp-element-button\" download aria-describedby=\"wp-block-file--media-c4152233-3375-49ef-9b04-084ad6b32e91\">T\u00e9l\u00e9charger<\/a><\/div>\n","protected":false},"excerpt":{"rendered":"","protected":false},"author":28090,"featured_media":3990,"comment_status":"closed","ping_status":"closed","sticky":false,"template":"","format":"standard","meta":{"footnotes":"","_links_to":"","_links_to_target":""},"categories":[17,18,55],"tags":[],"class_list":["post-3984","post","type-post","status-publish","format-standard","has-post-thumbnail","hentry","category-francais-latin","category-histoire-geographie-emc","category-parcours-deducation-artistique-et-culturelle"],"_links":{"self":[{"href":"https:\/\/etab.ac-reunion.fr\/clg-ravine-des-cabris\/wp-json\/wp\/v2\/posts\/3984","targetHints":{"allow":["GET"]}}],"collection":[{"href":"https:\/\/etab.ac-reunion.fr\/clg-ravine-des-cabris\/wp-json\/wp\/v2\/posts"}],"about":[{"href":"https:\/\/etab.ac-reunion.fr\/clg-ravine-des-cabris\/wp-json\/wp\/v2\/types\/post"}],"author":[{"embeddable":true,"href":"https:\/\/etab.ac-reunion.fr\/clg-ravine-des-cabris\/wp-json\/wp\/v2\/users\/28090"}],"replies":[{"embeddable":true,"href":"https:\/\/etab.ac-reunion.fr\/clg-ravine-des-cabris\/wp-json\/wp\/v2\/comments?post=3984"}],"version-history":[{"count":1,"href":"https:\/\/etab.ac-reunion.fr\/clg-ravine-des-cabris\/wp-json\/wp\/v2\/posts\/3984\/revisions"}],"predecessor-version":[{"id":3991,"href":"https:\/\/etab.ac-reunion.fr\/clg-ravine-des-cabris\/wp-json\/wp\/v2\/posts\/3984\/revisions\/3991"}],"wp:featuredmedia":[{"embeddable":true,"href":"https:\/\/etab.ac-reunion.fr\/clg-ravine-des-cabris\/wp-json\/wp\/v2\/media\/3990"}],"wp:attachment":[{"href":"https:\/\/etab.ac-reunion.fr\/clg-ravine-des-cabris\/wp-json\/wp\/v2\/media?parent=3984"}],"wp:term":[{"taxonomy":"category","embeddable":true,"href":"https:\/\/etab.ac-reunion.fr\/clg-ravine-des-cabris\/wp-json\/wp\/v2\/categories?post=3984"},{"taxonomy":"post_tag","embeddable":true,"href":"https:\/\/etab.ac-reunion.fr\/clg-ravine-des-cabris\/wp-json\/wp\/v2\/tags?post=3984"}],"curies":[{"name":"wp","href":"https:\/\/api.w.org\/{rel}","templated":true}]}}