{"id":3994,"date":"2025-03-19T19:28:39","date_gmt":"2025-03-19T18:28:39","guid":{"rendered":"https:\/\/etab.ac-reunion.fr\/clg-ravine-des-cabris\/?p=3994"},"modified":"2025-03-19T19:31:24","modified_gmt":"2025-03-19T18:31:24","slug":"le-coin-des-ambassadeurs-2","status":"publish","type":"post","link":"https:\/\/etab.ac-reunion.fr\/clg-ravine-des-cabris\/2025\/03\/19\/le-coin-des-ambassadeurs-2\/","title":{"rendered":"Le coin des ambassadeurs \u2026"},"content":{"rendered":"\n<p><strong>Julie est \u00e9l\u00e8ve en classe de seconde Abibac au Lyc\u00e9e Roland Garros.<\/strong><\/p>\n\n\n\n<p><strong>Dans le cadre du parcours AVENIR et en lien avec le travail sur l\u2019orientation et l\u2019ambition, elle est revenue au coll\u00e8ge en tant qu\u2019ambassadrice pour partager son exp\u00e9rience avec les \u00e9l\u00e8ves de la 6<sup>\u00e8me<\/sup> \u00e0 la 3<sup>\u00e8me<\/sup>. Diff\u00e9rents sujets ont \u00e9t\u00e9 abord\u00e9s&nbsp;: le passage en seconde, la vie lyc\u00e9enne, les exigences de travail au lyc\u00e9e, la fili\u00e8re ABIBAC, les opportunit\u00e9s de mobilit\u00e9 europ\u00e9enne \u2026 Chacun a pu poser ses questions, faire part de ses pr\u00e9occupations et d\u2019une certaine mani\u00e8re mettre la suite de son parcours scolaire en perspective.<\/strong><\/p>\n\n\n\n<blockquote class=\"wp-block-quote is-layout-flow wp-block-quote-is-layout-flow\">\n<blockquote class=\"wp-block-quote is-layout-flow wp-block-quote-is-layout-flow\">\n<blockquote class=\"wp-block-quote is-layout-flow wp-block-quote-is-layout-flow\">\n<p class=\"has-accent-2-color has-text-color has-link-color wp-elements-11f2d5345d8fa5b4d21876a6a74958d6\">Ce temps d\u2019\u00e9changes est tr\u00e8s utile, je connaissais d\u00e9j\u00e0 Julie, le fait que ce soit elle qui soit venue nous parler, cela m\u2019a rassur\u00e9e. J\u2019ai \u00e0 peu pr\u00e8s compris comment cela fonctionne au lyc\u00e9e, c\u2019est vraiment utile.<\/p>\n\n\n\n<p class=\"has-accent-2-color has-text-color has-link-color wp-elements-9747cda74e9ce6d5e2c3d94d268ea08a\">LEA<\/p>\n\n\n\n<p class=\"has-accent-2-color has-text-color has-link-color wp-elements-e40a956e1534792c670911514b0cd1df\">J\u2019ai compris que le lyc\u00e9e peut \u00eatre super bien mais il faut faire plus d\u2019efforts, il faut \u00eatre organis\u00e9e et on a un peu moins de temps pour soi.<\/p>\n\n\n\n<p class=\"has-accent-2-color has-text-color has-link-color wp-elements-f047ab75f35696ea32592c0ae26d17c6\">D\u2019un c\u00f4t\u00e9, je ne suis pas \u00e9tonn\u00e9e, je m\u2019attendais \u00e0 ces informations&nbsp;; mais les questions des camarades auxquelles je n\u2019avais pas vraiment r\u00e9fl\u00e9chi m\u2019ont aussi appris des choses.<\/p>\n\n\n\n<p class=\"has-accent-2-color has-text-color has-link-color wp-elements-e28afb89e2f18bbef64d8c10cbc1afcd\">KEYNA<\/p>\n\n\n\n<p class=\"has-accent-2-color has-text-color has-link-color wp-elements-2a6d1fdedb5b187db15c226ed3d4e138\">J\u2019ai bien aim\u00e9 ce temps d\u2019\u00e9changes, cela peut \u00eatre utile pour savoir si la fili\u00e8re des ambassadeurs peut nous int\u00e9resser.<\/p>\n\n\n\n<p class=\"has-accent-2-color has-text-color has-link-color wp-elements-4f4f409618fec47f128522688dfa9053\">NOLAN<\/p>\n\n\n\n<p class=\"has-accent-2-color has-text-color has-link-color wp-elements-486a8803aef823fd73c62f1be78a53fd\">Les ambassadeurs peuvent t\u2019expliquer leur parcours scolaire et comment \u00e7a se passe au lyc\u00e9e.<\/p>\n\n\n\n<p class=\"has-accent-2-color has-text-color has-link-color wp-elements-88e947bb785dbc8d3a1abbe2f4a9d6e4\">ELYSON<\/p>\n\n\n\n<p class=\"has-accent-2-color has-text-color has-link-color wp-elements-4b4a97f78e6902d7e4b63cb4838cb88d\">Les ambassadeurs sont utiles car ils savent g\u00e9n\u00e9ralement un peu plus de choses que nous, donc ils peuvent nous apprendre ou nous pr\u00e9venir de certaines choses.<\/p>\n\n\n\n<p class=\"has-accent-2-color has-text-color has-link-color wp-elements-9a32c6d140ec77bec602c1a0e4b60100\">WENDY<\/p>\n\n\n\n<p class=\"has-accent-2-color has-text-color has-link-color wp-elements-b8f4562258ce29d4589dd0565ccfb061\">Ces temps d\u2019\u00e9change peuvent nous aider dans notre orientation.<\/p>\n\n\n\n<p class=\"has-accent-2-color has-text-color has-link-color wp-elements-31cf80f92db9ec2848ac5a131454312a\">ALBERTO<\/p>\n<\/blockquote>\n<\/blockquote>\n<\/blockquote>\n\n\n\n<figure class=\"wp-block-gallery has-nested-images columns-2 is-cropped wp-block-gallery-1 is-layout-flex wp-block-gallery-is-layout-flex\">\n<figure class=\"wp-block-image size-large\"><img loading=\"lazy\" decoding=\"async\" width=\"1920\" height=\"1440\" data-id=\"3997\" src=\"https:\/\/etab.ac-reunion.fr\/clg-ravine-des-cabris\/wp-content\/uploads\/sites\/158\/2025\/03\/IMG_2746-1920x1440.jpg\" alt=\"\" class=\"wp-image-3997\" srcset=\"https:\/\/etab.ac-reunion.fr\/clg-ravine-des-cabris\/wp-content\/uploads\/sites\/158\/2025\/03\/IMG_2746-1920x1440.jpg 1920w, https:\/\/etab.ac-reunion.fr\/clg-ravine-des-cabris\/wp-content\/uploads\/sites\/158\/2025\/03\/IMG_2746-800x600.jpg 800w, https:\/\/etab.ac-reunion.fr\/clg-ravine-des-cabris\/wp-content\/uploads\/sites\/158\/2025\/03\/IMG_2746-768x576.jpg 768w, https:\/\/etab.ac-reunion.fr\/clg-ravine-des-cabris\/wp-content\/uploads\/sites\/158\/2025\/03\/IMG_2746-1536x1152.jpg 1536w, https:\/\/etab.ac-reunion.fr\/clg-ravine-des-cabris\/wp-content\/uploads\/sites\/158\/2025\/03\/IMG_2746-2048x1536.jpg 2048w, https:\/\/etab.ac-reunion.fr\/clg-ravine-des-cabris\/wp-content\/uploads\/sites\/158\/2025\/03\/IMG_2746-176x132.jpg 176w\" sizes=\"auto, (max-width: 1920px) 100vw, 1920px\" \/><\/figure>\n\n\n\n<figure class=\"wp-block-image size-large\"><img loading=\"lazy\" decoding=\"async\" width=\"1891\" height=\"1920\" data-id=\"3995\" src=\"https:\/\/etab.ac-reunion.fr\/clg-ravine-des-cabris\/wp-content\/uploads\/sites\/158\/2025\/03\/IMG_2752-1891x1920.jpg\" alt=\"\" class=\"wp-image-3995\" srcset=\"https:\/\/etab.ac-reunion.fr\/clg-ravine-des-cabris\/wp-content\/uploads\/sites\/158\/2025\/03\/IMG_2752-1891x1920.jpg 1891w, https:\/\/etab.ac-reunion.fr\/clg-ravine-des-cabris\/wp-content\/uploads\/sites\/158\/2025\/03\/IMG_2752-591x600.jpg 591w, https:\/\/etab.ac-reunion.fr\/clg-ravine-des-cabris\/wp-content\/uploads\/sites\/158\/2025\/03\/IMG_2752-768x780.jpg 768w, https:\/\/etab.ac-reunion.fr\/clg-ravine-des-cabris\/wp-content\/uploads\/sites\/158\/2025\/03\/IMG_2752-1513x1536.jpg 1513w, https:\/\/etab.ac-reunion.fr\/clg-ravine-des-cabris\/wp-content\/uploads\/sites\/158\/2025\/03\/IMG_2752-2018x2048.jpg 2018w, https:\/\/etab.ac-reunion.fr\/clg-ravine-des-cabris\/wp-content\/uploads\/sites\/158\/2025\/03\/IMG_2752-130x132.jpg 130w\" sizes=\"auto, (max-width: 1891px) 100vw, 1891px\" \/><\/figure>\n\n\n\n<figure class=\"wp-block-image size-large\"><img loading=\"lazy\" decoding=\"async\" width=\"1920\" height=\"1440\" data-id=\"3996\" src=\"https:\/\/etab.ac-reunion.fr\/clg-ravine-des-cabris\/wp-content\/uploads\/sites\/158\/2025\/03\/IMG_2759-1920x1440.jpg\" alt=\"\" class=\"wp-image-3996\" srcset=\"https:\/\/etab.ac-reunion.fr\/clg-ravine-des-cabris\/wp-content\/uploads\/sites\/158\/2025\/03\/IMG_2759-1920x1440.jpg 1920w, https:\/\/etab.ac-reunion.fr\/clg-ravine-des-cabris\/wp-content\/uploads\/sites\/158\/2025\/03\/IMG_2759-800x600.jpg 800w, https:\/\/etab.ac-reunion.fr\/clg-ravine-des-cabris\/wp-content\/uploads\/sites\/158\/2025\/03\/IMG_2759-768x576.jpg 768w, https:\/\/etab.ac-reunion.fr\/clg-ravine-des-cabris\/wp-content\/uploads\/sites\/158\/2025\/03\/IMG_2759-1536x1152.jpg 1536w, https:\/\/etab.ac-reunion.fr\/clg-ravine-des-cabris\/wp-content\/uploads\/sites\/158\/2025\/03\/IMG_2759-2048x1536.jpg 2048w, https:\/\/etab.ac-reunion.fr\/clg-ravine-des-cabris\/wp-content\/uploads\/sites\/158\/2025\/03\/IMG_2759-176x132.jpg 176w\" sizes=\"auto, (max-width: 1920px) 100vw, 1920px\" \/><\/figure>\n\n\n\n<figure class=\"wp-block-image size-large\"><img loading=\"lazy\" decoding=\"async\" width=\"1920\" height=\"1440\" data-id=\"3998\" src=\"https:\/\/etab.ac-reunion.fr\/clg-ravine-des-cabris\/wp-content\/uploads\/sites\/158\/2025\/03\/IMG_2760-1920x1440.jpg\" alt=\"\" class=\"wp-image-3998\" srcset=\"https:\/\/etab.ac-reunion.fr\/clg-ravine-des-cabris\/wp-content\/uploads\/sites\/158\/2025\/03\/IMG_2760-1920x1440.jpg 1920w, https:\/\/etab.ac-reunion.fr\/clg-ravine-des-cabris\/wp-content\/uploads\/sites\/158\/2025\/03\/IMG_2760-800x600.jpg 800w, https:\/\/etab.ac-reunion.fr\/clg-ravine-des-cabris\/wp-content\/uploads\/sites\/158\/2025\/03\/IMG_2760-768x576.jpg 768w, https:\/\/etab.ac-reunion.fr\/clg-ravine-des-cabris\/wp-content\/uploads\/sites\/158\/2025\/03\/IMG_2760-1536x1152.jpg 1536w, https:\/\/etab.ac-reunion.fr\/clg-ravine-des-cabris\/wp-content\/uploads\/sites\/158\/2025\/03\/IMG_2760-2048x1536.jpg 2048w, https:\/\/etab.ac-reunion.fr\/clg-ravine-des-cabris\/wp-content\/uploads\/sites\/158\/2025\/03\/IMG_2760-176x132.jpg 176w\" sizes=\"auto, (max-width: 1920px) 100vw, 1920px\" \/><\/figure>\n<\/figure>\n","protected":false},"excerpt":{"rendered":"","protected":false},"author":28090,"featured_media":4003,"comment_status":"closed","ping_status":"closed","sticky":false,"template":"","format":"standard","meta":{"footnotes":"","_links_to":"","_links_to_target":""},"categories":[35,58],"tags":[],"class_list":["post-3994","post","type-post","status-publish","format-standard","has-post-thumbnail","hentry","category-allemand","category-parcours-avenir"],"_links":{"self":[{"href":"https:\/\/etab.ac-reunion.fr\/clg-ravine-des-cabris\/wp-json\/wp\/v2\/posts\/3994","targetHints":{"allow":["GET"]}}],"collection":[{"href":"https:\/\/etab.ac-reunion.fr\/clg-ravine-des-cabris\/wp-json\/wp\/v2\/posts"}],"about":[{"href":"https:\/\/etab.ac-reunion.fr\/clg-ravine-des-cabris\/wp-json\/wp\/v2\/types\/post"}],"author":[{"embeddable":true,"href":"https:\/\/etab.ac-reunion.fr\/clg-ravine-des-cabris\/wp-json\/wp\/v2\/users\/28090"}],"replies":[{"embeddable":true,"href":"https:\/\/etab.ac-reunion.fr\/clg-ravine-des-cabris\/wp-json\/wp\/v2\/comments?post=3994"}],"version-history":[{"count":1,"href":"https:\/\/etab.ac-reunion.fr\/clg-ravine-des-cabris\/wp-json\/wp\/v2\/posts\/3994\/revisions"}],"predecessor-version":[{"id":4000,"href":"https:\/\/etab.ac-reunion.fr\/clg-ravine-des-cabris\/wp-json\/wp\/v2\/posts\/3994\/revisions\/4000"}],"wp:featuredmedia":[{"embeddable":true,"href":"https:\/\/etab.ac-reunion.fr\/clg-ravine-des-cabris\/wp-json\/wp\/v2\/media\/4003"}],"wp:attachment":[{"href":"https:\/\/etab.ac-reunion.fr\/clg-ravine-des-cabris\/wp-json\/wp\/v2\/media?parent=3994"}],"wp:term":[{"taxonomy":"category","embeddable":true,"href":"https:\/\/etab.ac-reunion.fr\/clg-ravine-des-cabris\/wp-json\/wp\/v2\/categories?post=3994"},{"taxonomy":"post_tag","embeddable":true,"href":"https:\/\/etab.ac-reunion.fr\/clg-ravine-des-cabris\/wp-json\/wp\/v2\/tags?post=3994"}],"curies":[{"name":"wp","href":"https:\/\/api.w.org\/{rel}","templated":true}]}}