{"id":4011,"date":"2025-03-27T13:02:45","date_gmt":"2025-03-27T12:02:45","guid":{"rendered":"https:\/\/etab.ac-reunion.fr\/clg-ravine-des-cabris\/?p=4011"},"modified":"2026-01-23T13:28:01","modified_gmt":"2026-01-23T12:28:01","slug":"week-of-langages-2025","status":"publish","type":"post","link":"https:\/\/etab.ac-reunion.fr\/clg-ravine-des-cabris\/2025\/03\/27\/week-of-langages-2025\/","title":{"rendered":"Week of langages 2025"},"content":{"rendered":"\n<p class=\"has-accent-2-color has-text-color has-link-color has-larger-font-size wp-elements-8d82329d80d062b8117437dbfe5e7451\"><strong>Les 3\u00e8mes LCE du coll\u00e8ge de la Ravine des Cabris s\u2019initient au Ga\u00e9lique.<\/strong><\/p>\n\n\n\n<p class=\"has-large-font-size\">Depuis 2 ans, les \u00e9l\u00e8ves de la 3\u00e8me LCE sont engag\u00e9s activement dans un projet commun avec les partenaires irlandais sur les jeux traditionnels.&nbsp;<\/p>\n\n\n\n<p class=\"has-large-font-size\">Dans le cadre de la\u00a0semaine des langues,\u00a0nous avons r\u00e9alis\u00e9 une <a href=\"https:\/\/tube-numerique-educatif.apps.education.fr\/w\/6LE8DyxcwPEGvxakjAcw1V\">vid\u00e9o<\/a> dans laquelle les \u00e9l\u00e8ves et leurs bin\u00f4mes irlandais se sont exprim\u00e9s en anglais, en ga\u00e9lique, en fran\u00e7ais\u00a0et en cr\u00e9ole.\u00a0Apprendre les expressions en cr\u00e9ole et en ga\u00e9lique avec les partenaires a rendu l\u2019apprentissage plus motivant et amusant. Une v\u00e9ritable immersion culturelle qui a permis \u00e0 nos \u00e9l\u00e8ves de faire d\u00e9couvrir leur culture et de d\u00e9couvrir celle d\u2019une autre culture europ\u00e9enne.\u00a0\u00a0<\/p>\n\n\n\n<figure class=\"wp-block-gallery has-nested-images columns-default is-cropped wp-block-gallery-1 is-layout-flex wp-block-gallery-is-layout-flex\">\n<figure class=\"wp-block-image size-large\"><a href=\"https:\/\/tube-numerique-educatif.apps.education.fr\/w\/6LE8DyxcwPEGvxakjAcw1V\"><img loading=\"lazy\" decoding=\"async\" width=\"1920\" height=\"1001\" data-id=\"4008\" src=\"https:\/\/etab.ac-reunion.fr\/clg-ravine-des-cabris\/wp-content\/uploads\/sites\/158\/2025\/02\/Capture-decran-2025-03-26-a-14.17.41-1920x1001.png\" alt=\"\" class=\"wp-image-4008\" srcset=\"https:\/\/etab.ac-reunion.fr\/clg-ravine-des-cabris\/wp-content\/uploads\/sites\/158\/2025\/02\/Capture-decran-2025-03-26-a-14.17.41-1920x1001.png 1920w, https:\/\/etab.ac-reunion.fr\/clg-ravine-des-cabris\/wp-content\/uploads\/sites\/158\/2025\/02\/Capture-decran-2025-03-26-a-14.17.41-800x417.png 800w, https:\/\/etab.ac-reunion.fr\/clg-ravine-des-cabris\/wp-content\/uploads\/sites\/158\/2025\/02\/Capture-decran-2025-03-26-a-14.17.41-768x401.png 768w, https:\/\/etab.ac-reunion.fr\/clg-ravine-des-cabris\/wp-content\/uploads\/sites\/158\/2025\/02\/Capture-decran-2025-03-26-a-14.17.41-1536x801.png 1536w, https:\/\/etab.ac-reunion.fr\/clg-ravine-des-cabris\/wp-content\/uploads\/sites\/158\/2025\/02\/Capture-decran-2025-03-26-a-14.17.41-2048x1068.png 2048w, https:\/\/etab.ac-reunion.fr\/clg-ravine-des-cabris\/wp-content\/uploads\/sites\/158\/2025\/02\/Capture-decran-2025-03-26-a-14.17.41-253x132.png 253w\" sizes=\"auto, (max-width: 1920px) 100vw, 1920px\" \/><\/a><\/figure>\n<\/figure>\n\n\n\n<p><\/p>\n","protected":false},"excerpt":{"rendered":"","protected":false},"author":28090,"featured_media":4014,"comment_status":"closed","ping_status":"closed","sticky":false,"template":"","format":"standard","meta":{"footnotes":"","_links_to":"","_links_to_target":""},"categories":[34,65,73],"tags":[],"class_list":["post-4011","post","type-post","status-publish","format-standard","has-post-thumbnail","hentry","category-anglais","category-erasmus","category-mobilites-eleves"],"_links":{"self":[{"href":"https:\/\/etab.ac-reunion.fr\/clg-ravine-des-cabris\/wp-json\/wp\/v2\/posts\/4011","targetHints":{"allow":["GET"]}}],"collection":[{"href":"https:\/\/etab.ac-reunion.fr\/clg-ravine-des-cabris\/wp-json\/wp\/v2\/posts"}],"about":[{"href":"https:\/\/etab.ac-reunion.fr\/clg-ravine-des-cabris\/wp-json\/wp\/v2\/types\/post"}],"author":[{"embeddable":true,"href":"https:\/\/etab.ac-reunion.fr\/clg-ravine-des-cabris\/wp-json\/wp\/v2\/users\/28090"}],"replies":[{"embeddable":true,"href":"https:\/\/etab.ac-reunion.fr\/clg-ravine-des-cabris\/wp-json\/wp\/v2\/comments?post=4011"}],"version-history":[{"count":1,"href":"https:\/\/etab.ac-reunion.fr\/clg-ravine-des-cabris\/wp-json\/wp\/v2\/posts\/4011\/revisions"}],"predecessor-version":[{"id":4013,"href":"https:\/\/etab.ac-reunion.fr\/clg-ravine-des-cabris\/wp-json\/wp\/v2\/posts\/4011\/revisions\/4013"}],"wp:featuredmedia":[{"embeddable":true,"href":"https:\/\/etab.ac-reunion.fr\/clg-ravine-des-cabris\/wp-json\/wp\/v2\/media\/4014"}],"wp:attachment":[{"href":"https:\/\/etab.ac-reunion.fr\/clg-ravine-des-cabris\/wp-json\/wp\/v2\/media?parent=4011"}],"wp:term":[{"taxonomy":"category","embeddable":true,"href":"https:\/\/etab.ac-reunion.fr\/clg-ravine-des-cabris\/wp-json\/wp\/v2\/categories?post=4011"},{"taxonomy":"post_tag","embeddable":true,"href":"https:\/\/etab.ac-reunion.fr\/clg-ravine-des-cabris\/wp-json\/wp\/v2\/tags?post=4011"}],"curies":[{"name":"wp","href":"https:\/\/api.w.org\/{rel}","templated":true}]}}