{"id":4015,"date":"2025-04-07T14:19:43","date_gmt":"2025-04-07T12:19:43","guid":{"rendered":"https:\/\/etab.ac-reunion.fr\/clg-ravine-des-cabris\/?p=4015"},"modified":"2025-04-07T14:20:23","modified_gmt":"2025-04-07T12:20:23","slug":"schnupperstunde-auf-dem-lycee-roland-garros","status":"publish","type":"post","link":"https:\/\/etab.ac-reunion.fr\/clg-ravine-des-cabris\/2025\/04\/07\/schnupperstunde-auf-dem-lycee-roland-garros\/","title":{"rendered":"Schnupperstunde auf dem Lyc\u00e9e Roland Garros\u00a0: Semaine de l\u2019immersion \u2026"},"content":{"rendered":"\n<p><\/p>\n\n\n\n<p><strong>Semaine du 3 au 7 f\u00e9vrier&nbsp;: Dans le cadre du Parcours Avenir et du travail sur l\u2019orientation, des \u00e9l\u00e8ves germanistes de 3<sup>\u00e8me<\/sup> ont pass\u00e9 une journ\u00e9e d\u2019immersion en section professionnelle MELEC (\u00e9lectrotechnique) et en section ABIBAC.<\/strong><\/p>\n\n\n\n<p><strong>Ils ont pu \u00e9changer avec les \u00e9l\u00e8ves, avec les enseignants et vivre l\u2019exp\u00e9rience d\u2019une journ\u00e9e de lyc\u00e9en. Emploi du temps, vie lyc\u00e9enne, exigences de travail, ambiance de classe \u2026 ils sont revenus avec un certain nombre de r\u00e9ponses \u00e0 leurs questions et une id\u00e9e plus pr\u00e9cise de leurs v\u0153ux d\u2019orientation.<\/strong><\/p>\n\n\n\n<blockquote class=\"wp-block-quote is-layout-flow wp-block-quote-is-layout-flow\">\n<p>\u00ab&nbsp;Pour mon immersion en ABIBAC, la journ\u00e9e a \u00e9t\u00e9 superbe. J\u2019ai pu faire la connaissance de plusieurs \u00e9l\u00e8ves, notamment des secondes et premi\u00e8res.<\/p>\n\n\n\n<p>Pour le premier cours, nous avons eu 2 heures avec les secondes sur de la g\u00e9ographie. Durant ces 2 heures, j\u2019ai remarqu\u00e9 qu\u2019ils aiment parler en allemand et encha\u00eenent directement avec du fran\u00e7ais (ils aiment switcher de langues), ils aiment aussi d\u00e9battre sur des sujets. Ce qui a \u00e9t\u00e9 tr\u00e8s int\u00e9ressant.<\/p>\n\n\n\n<p>Pour le cours suivant, nous avons eu 2 heures d\u2019histoire avec les premi\u00e8res. Pour ce cours, nous avons eu des jeux de cartes avec des personnages c\u00e9l\u00e8bres d\u2019Allemagne comme Johann Wolfgang von Goethe, Wilhelm Tell et d\u2019autres\u2026 Il fallait associer les bonnes biographies et les personnages. Contrairement aux secondes, les \u00e9l\u00e8ves de premi\u00e8re sont moins nombreux, on se sent plus \u00e0 l\u2019aise en classe.<\/p>\n\n\n\n<p>L\u2019apr\u00e8s-midi, nous avons eu notre dernier cours avec les terminales pendant 3 heures. \u00c0 la fin du cours la professeure nous a expliqu\u00e9 comment \u00e7a se passait au lyc\u00e9e, tout ce qu\u2019elle disait est d\u2019une grande aide pour nos futures ann\u00e9es. On l\u2019a remerci\u00e9e.<\/p>\n\n\n\n<p>Cette immersion a \u00e9t\u00e9 tr\u00e8s utile pour l\u2019orientation au lyc\u00e9e.<\/p>\n\n\n\n<p>\u00c0 refaire !&nbsp;\u00bb<\/p>\n\n\n\n<p>NOEMIE<\/p>\n\n\n\n<p>\u00ab&nbsp;Ma journ\u00e9e d\u2019immersion en tant que 2<sup>nd<\/sup> MNTE au lyc\u00e9e Roland Garros s\u2019est tr\u00e8s bien pass\u00e9e.<\/p>\n\n\n\n<p>On a \u00e9t\u00e9 bien accueillis par les 2<sup>ndes<\/sup> qui nous ont expliqu\u00e9 comment se d\u00e9roulaient leur cours, le r\u00e8glement int\u00e9rieur et leur emploi du temps.<\/p>\n\n\n\n<p>Le cours d\u2019\u00e9ducation professionnelle sert \u00e0 apprendre le m\u00e9tier d\u2019\u00e9lectricien. Les \u00e9l\u00e8ves avaient ce qu\u2019ils appellent des \u201cbox\u201c, ce sont de petites pi\u00e8ces qui repr\u00e9sentent les parties d\u2019une maison.<\/p>\n\n\n\n<p>Ils doivent porter obligatoirement leur tenue de travail pour leur s\u00e9curit\u00e9 et cela compte dans leur note.<\/p>\n\n\n\n<p>La grande majorit\u00e9 du temps, les \u00e9l\u00e8ves sont en autonomie, c\u2019est pour leurs apprendre \u00e0 se d\u00e9brouiller seul.&nbsp;\u00bb<\/p>\n\n\n\n<p>NA\u00cfM<\/p>\n<\/blockquote>\n\n\n\n<div data-wp-interactive=\"core\/file\" class=\"wp-block-file\"><object data-wp-bind--hidden=\"!state.hasPdfPreview\" hidden class=\"wp-block-file__embed\" data=\"https:\/\/etab.ac-reunion.fr\/clg-ravine-des-cabris\/wp-content\/uploads\/sites\/158\/2025\/04\/2.Lee-Hann.pdf\" type=\"application\/pdf\" style=\"width:100%;height:600px\" aria-label=\"Contenu embarqu\u00e9 2.Lee Hann.\"><\/object><a id=\"wp-block-file--media-27f45366-6996-4d57-b62b-c42e13eb2487\" href=\"https:\/\/etab.ac-reunion.fr\/clg-ravine-des-cabris\/wp-content\/uploads\/sites\/158\/2025\/04\/2.Lee-Hann.pdf\">2.Lee Hann<\/a><a href=\"https:\/\/etab.ac-reunion.fr\/clg-ravine-des-cabris\/wp-content\/uploads\/sites\/158\/2025\/04\/2.Lee-Hann.pdf\" class=\"wp-block-file__button wp-element-button\" download aria-describedby=\"wp-block-file--media-27f45366-6996-4d57-b62b-c42e13eb2487\">T\u00e9l\u00e9charger<\/a><\/div>\n\n\n\n<figure class=\"wp-block-gallery has-nested-images columns-default is-cropped wp-block-gallery-1 is-layout-flex wp-block-gallery-is-layout-flex\">\n<figure class=\"wp-block-image size-large\"><img loading=\"lazy\" decoding=\"async\" width=\"1357\" height=\"1920\" data-id=\"4017\" src=\"https:\/\/etab.ac-reunion.fr\/clg-ravine-des-cabris\/wp-content\/uploads\/sites\/158\/2025\/04\/1.-CLOVIS-1357x1920.png\" alt=\"\" class=\"wp-image-4017\" srcset=\"https:\/\/etab.ac-reunion.fr\/clg-ravine-des-cabris\/wp-content\/uploads\/sites\/158\/2025\/04\/1.-CLOVIS-1357x1920.png 1357w, https:\/\/etab.ac-reunion.fr\/clg-ravine-des-cabris\/wp-content\/uploads\/sites\/158\/2025\/04\/1.-CLOVIS-424x600.png 424w, https:\/\/etab.ac-reunion.fr\/clg-ravine-des-cabris\/wp-content\/uploads\/sites\/158\/2025\/04\/1.-CLOVIS-768x1086.png 768w, https:\/\/etab.ac-reunion.fr\/clg-ravine-des-cabris\/wp-content\/uploads\/sites\/158\/2025\/04\/1.-CLOVIS-1086x1536.png 1086w, https:\/\/etab.ac-reunion.fr\/clg-ravine-des-cabris\/wp-content\/uploads\/sites\/158\/2025\/04\/1.-CLOVIS-93x132.png 93w, https:\/\/etab.ac-reunion.fr\/clg-ravine-des-cabris\/wp-content\/uploads\/sites\/158\/2025\/04\/1.-CLOVIS.png 1414w\" sizes=\"auto, (max-width: 1357px) 100vw, 1357px\" \/><\/figure>\n<\/figure>\n\n\n\n<figure class=\"wp-block-gallery has-nested-images columns-default is-cropped wp-block-gallery-2 is-layout-flex wp-block-gallery-is-layout-flex\">\n<figure class=\"wp-block-image size-large\"><img loading=\"lazy\" decoding=\"async\" width=\"1092\" height=\"1507\" data-id=\"4018\" src=\"https:\/\/etab.ac-reunion.fr\/clg-ravine-des-cabris\/wp-content\/uploads\/sites\/158\/2025\/04\/Unknown.jpeg\" alt=\"\" class=\"wp-image-4018\" srcset=\"https:\/\/etab.ac-reunion.fr\/clg-ravine-des-cabris\/wp-content\/uploads\/sites\/158\/2025\/04\/Unknown.jpeg 1092w, https:\/\/etab.ac-reunion.fr\/clg-ravine-des-cabris\/wp-content\/uploads\/sites\/158\/2025\/04\/Unknown-435x600.jpeg 435w, https:\/\/etab.ac-reunion.fr\/clg-ravine-des-cabris\/wp-content\/uploads\/sites\/158\/2025\/04\/Unknown-768x1060.jpeg 768w, https:\/\/etab.ac-reunion.fr\/clg-ravine-des-cabris\/wp-content\/uploads\/sites\/158\/2025\/04\/Unknown-96x132.jpeg 96w\" sizes=\"auto, (max-width: 1092px) 100vw, 1092px\" \/><\/figure>\n<\/figure>\n","protected":false},"excerpt":{"rendered":"","protected":false},"author":28090,"featured_media":4019,"comment_status":"closed","ping_status":"closed","sticky":false,"template":"","format":"standard","meta":{"footnotes":"","_links_to":"","_links_to_target":""},"categories":[35,58],"tags":[],"class_list":["post-4015","post","type-post","status-publish","format-standard","has-post-thumbnail","hentry","category-allemand","category-parcours-avenir"],"_links":{"self":[{"href":"https:\/\/etab.ac-reunion.fr\/clg-ravine-des-cabris\/wp-json\/wp\/v2\/posts\/4015","targetHints":{"allow":["GET"]}}],"collection":[{"href":"https:\/\/etab.ac-reunion.fr\/clg-ravine-des-cabris\/wp-json\/wp\/v2\/posts"}],"about":[{"href":"https:\/\/etab.ac-reunion.fr\/clg-ravine-des-cabris\/wp-json\/wp\/v2\/types\/post"}],"author":[{"embeddable":true,"href":"https:\/\/etab.ac-reunion.fr\/clg-ravine-des-cabris\/wp-json\/wp\/v2\/users\/28090"}],"replies":[{"embeddable":true,"href":"https:\/\/etab.ac-reunion.fr\/clg-ravine-des-cabris\/wp-json\/wp\/v2\/comments?post=4015"}],"version-history":[{"count":2,"href":"https:\/\/etab.ac-reunion.fr\/clg-ravine-des-cabris\/wp-json\/wp\/v2\/posts\/4015\/revisions"}],"predecessor-version":[{"id":4021,"href":"https:\/\/etab.ac-reunion.fr\/clg-ravine-des-cabris\/wp-json\/wp\/v2\/posts\/4015\/revisions\/4021"}],"wp:featuredmedia":[{"embeddable":true,"href":"https:\/\/etab.ac-reunion.fr\/clg-ravine-des-cabris\/wp-json\/wp\/v2\/media\/4019"}],"wp:attachment":[{"href":"https:\/\/etab.ac-reunion.fr\/clg-ravine-des-cabris\/wp-json\/wp\/v2\/media?parent=4015"}],"wp:term":[{"taxonomy":"category","embeddable":true,"href":"https:\/\/etab.ac-reunion.fr\/clg-ravine-des-cabris\/wp-json\/wp\/v2\/categories?post=4015"},{"taxonomy":"post_tag","embeddable":true,"href":"https:\/\/etab.ac-reunion.fr\/clg-ravine-des-cabris\/wp-json\/wp\/v2\/tags?post=4015"}],"curies":[{"name":"wp","href":"https:\/\/api.w.org\/{rel}","templated":true}]}}