{"id":4022,"date":"2025-04-11T17:06:14","date_gmt":"2025-04-11T15:06:14","guid":{"rendered":"https:\/\/etab.ac-reunion.fr\/clg-ravine-des-cabris\/?p=4022"},"modified":"2025-04-11T17:06:15","modified_gmt":"2025-04-11T15:06:15","slug":"allemand-concert-zweierpasch-du-27-mars","status":"publish","type":"post","link":"https:\/\/etab.ac-reunion.fr\/clg-ravine-des-cabris\/2025\/04\/11\/allemand-concert-zweierpasch-du-27-mars\/","title":{"rendered":"ALLEMAND &#8211; Concert ZWEIERPASCH du 27 mars"},"content":{"rendered":"\n<p><a href=\"https:\/\/tube-numerique-educatif.apps.education.fr\/w\/kdBZGg9Rwzfg1Q3W45xwFy\">ZWEIERPASCH en concert<\/a> au Kerveguen<\/p>\n\n\n\n<p>Les \u00e9l\u00e8ves germanistes de 3<sup>\u00e8me<\/sup>LCE ont pu vivre l\u2019exp\u00e9rience d\u2019un concert en live des ZWEIERPASCH le 27 mars 2025. Beaucoup d\u2019\u00e9motion, de plaisir \u00e0 se retrouver pour donner de la voix sur les titres des ZWEIERPASCH. Appartenance europ\u00e9enne, tol\u00e9rance, libert\u00e9 et fraternit\u00e9 ont trouv\u00e9 un \u00e9cho r\u00e9jouissant dans cette salle du Kerveguen.<\/p>\n\n\n\n<p>Pour moi, le meilleur moment de cette matin\u00e9e, \u00e9tait lorsque les deux chanteurs ont chant\u00e9 \u00ab&nbsp;Parallel&nbsp;\u00bb car avec la classe on a tout donn\u00e9 pour leur montrer qu\u2019on la connaissait vraiment. Lors de cette chanson, l\u2019ambiance \u00e9tait vraiment incroyable. J\u2019ai ador\u00e9 lorsque mes camarades, mais surtout Ochuanne, sont mont\u00e9s sur sc\u00e8ne, c\u2019\u00e9tait marrant.<\/p>\n\n\n\n<p>Le concert m\u2019a donn\u00e9 encore plus envie de m\u2019amuser, chanter, aller \u00e0 d\u2019autres concerts, surtout avec des amis car c\u2019\u00e9tait la premi\u00e8re fois pour moi en leur compagnie. ELLA<\/p>\n\n\n\n<p>L\u2019ambiance \u00e9tait enflamm\u00e9e&nbsp;!!! J\u2019ai cass\u00e9 ma voix, on sautait, on \u00e9tait participatifs et j\u2019\u00e9tais poss\u00e9d\u00e9 par l\u2019ambiance&nbsp;! Les meilleurs moments&nbsp;: quand Ochuanne et moi sommes mont\u00e9s sur sc\u00e8ne avec Na\u00efm et Th\u00e9o ou lorsque les chansons que j\u2019avais apprises \u00e9taient chant\u00e9es (Parallel, Grenzg\u00e4nger, Mauersegler). BRUNO<\/p>\n\n\n\n<p>J\u2019esp\u00e8re que ZWEIERPASCH reviendra \u00e0 la R\u00e9union. Till et Felix \u00e9taient encore plus fun et talentueux en vrai&nbsp;que dans leurs vid\u00e9os! TORIKI<\/p>\n\n\n\n<p>L\u2019ambiance \u00e9tait g\u00e9niale, on a pu tous se l\u00e2cher, s\u2019\u00e9clater et je pense qu\u2019on en avait besoin. J\u2019avais oubli\u00e9 le bien que \u00e7a faisait de chanter, danser, sans avoir peur d\u2019\u00eatre jug\u00e9. Les gens avaient l\u2019air tous sympa. Honn\u00eatement, je pensais que ce serait un moment sympa, sans plus. Mais en fait pas du tout, c\u2019\u00e9tait INCROYABLE&nbsp;! DAPHNE<\/p>\n\n\n\n<p>Toute la salle \u00e9tait synchro dans les gestes que ZWEIERPASCH demandait de faire ensemble. L\u2019ambiance \u00e9tait super&nbsp;! ANNA<\/p>\n\n\n\n<p>Je ne suis pas parti \u00e0 beaucoup de concerts donc je ne savais pas \u00e0 quoi m\u2019attendre, mais j\u2019ai bien aim\u00e9. AJAMIL<\/p>\n\n\n\n<p>Le meilleur moment de cette matin\u00e9e a \u00e9t\u00e9 l\u2019entr\u00e9e sur sc\u00e8ne de notre camarade. Il a ambianc\u00e9 toute la salle et nous a tous fait rire. D\u2019autres ont dans\u00e9, c\u2019\u00e9tait une exp\u00e9rience \u00e0 ne pas rater. On s\u2019est amus\u00e9s durant tout le concert. On s\u2019ambian\u00e7ait sur les musiques et on partageait un bon moment avec nos amis pour notre derni\u00e8re ann\u00e9e de coll\u00e8ge. Les ZWEIERPASCH ont g\u00e9r\u00e9 le concert encore mieux que ce que j\u2018imaginais. Tout le monde chantait, dansait, on \u00e9tait tous tr\u00e8s motiv\u00e9s. Les ZWEIERPASCH ont \u00ab&nbsp;dead&nbsp;\u00bb le concert (Ochuanne aussi)&nbsp;!!!! LEE-HANN<\/p>\n\n\n\n<p>On a pu chanter librement\u00a0; dans la foule, il y avait la \u00ab\u00a0good vibes\u00a0\u00bb, \u00e7a m\u2019a donn\u00e9 envie d\u2019assister \u00e0 d\u2019autres concerts. CAROLINE <\/p>\n\n\n\n<p>En toute sinc\u00e9rit\u00e9, j\u2019ai tr\u00e8s envie d\u2019assister \u00e0 d\u2019autres concerts, car cette ambiance-l\u00e0, je ne l\u2019avais pas ressentie depuis un moment. THEO<\/p>\n\n\n\n<figure class=\"wp-block-gallery has-nested-images columns-default is-cropped wp-block-gallery-1 is-layout-flex wp-block-gallery-is-layout-flex\">\n<figure class=\"wp-block-image size-large\"><a href=\"https:\/\/tube-numerique-educatif.apps.education.fr\/w\/kdBZGg9Rwzfg1Q3W45xwFy\"><img loading=\"lazy\" decoding=\"async\" width=\"1440\" height=\"1920\" data-id=\"4023\" src=\"https:\/\/etab.ac-reunion.fr\/clg-ravine-des-cabris\/wp-content\/uploads\/sites\/158\/2025\/04\/IMG_2984-1440x1920.jpg\" alt=\"\" class=\"wp-image-4023\" srcset=\"https:\/\/etab.ac-reunion.fr\/clg-ravine-des-cabris\/wp-content\/uploads\/sites\/158\/2025\/04\/IMG_2984-1440x1920.jpg 1440w, https:\/\/etab.ac-reunion.fr\/clg-ravine-des-cabris\/wp-content\/uploads\/sites\/158\/2025\/04\/IMG_2984-450x600.jpg 450w, https:\/\/etab.ac-reunion.fr\/clg-ravine-des-cabris\/wp-content\/uploads\/sites\/158\/2025\/04\/IMG_2984-768x1024.jpg 768w, https:\/\/etab.ac-reunion.fr\/clg-ravine-des-cabris\/wp-content\/uploads\/sites\/158\/2025\/04\/IMG_2984-1152x1536.jpg 1152w, https:\/\/etab.ac-reunion.fr\/clg-ravine-des-cabris\/wp-content\/uploads\/sites\/158\/2025\/04\/IMG_2984-1536x2048.jpg 1536w, https:\/\/etab.ac-reunion.fr\/clg-ravine-des-cabris\/wp-content\/uploads\/sites\/158\/2025\/04\/IMG_2984-99x132.jpg 99w, https:\/\/etab.ac-reunion.fr\/clg-ravine-des-cabris\/wp-content\/uploads\/sites\/158\/2025\/04\/IMG_2984-scaled.jpg 1920w\" sizes=\"auto, (max-width: 1440px) 100vw, 1440px\" \/><\/a><\/figure>\n<\/figure>\n","protected":false},"excerpt":{"rendered":"","protected":false},"author":28090,"featured_media":4024,"comment_status":"closed","ping_status":"closed","sticky":false,"template":"","format":"standard","meta":{"footnotes":"","_links_to":"","_links_to_target":""},"categories":[35,55],"tags":[],"class_list":["post-4022","post","type-post","status-publish","format-standard","has-post-thumbnail","hentry","category-allemand","category-parcours-deducation-artistique-et-culturelle"],"_links":{"self":[{"href":"https:\/\/etab.ac-reunion.fr\/clg-ravine-des-cabris\/wp-json\/wp\/v2\/posts\/4022","targetHints":{"allow":["GET"]}}],"collection":[{"href":"https:\/\/etab.ac-reunion.fr\/clg-ravine-des-cabris\/wp-json\/wp\/v2\/posts"}],"about":[{"href":"https:\/\/etab.ac-reunion.fr\/clg-ravine-des-cabris\/wp-json\/wp\/v2\/types\/post"}],"author":[{"embeddable":true,"href":"https:\/\/etab.ac-reunion.fr\/clg-ravine-des-cabris\/wp-json\/wp\/v2\/users\/28090"}],"replies":[{"embeddable":true,"href":"https:\/\/etab.ac-reunion.fr\/clg-ravine-des-cabris\/wp-json\/wp\/v2\/comments?post=4022"}],"version-history":[{"count":1,"href":"https:\/\/etab.ac-reunion.fr\/clg-ravine-des-cabris\/wp-json\/wp\/v2\/posts\/4022\/revisions"}],"predecessor-version":[{"id":4025,"href":"https:\/\/etab.ac-reunion.fr\/clg-ravine-des-cabris\/wp-json\/wp\/v2\/posts\/4022\/revisions\/4025"}],"wp:featuredmedia":[{"embeddable":true,"href":"https:\/\/etab.ac-reunion.fr\/clg-ravine-des-cabris\/wp-json\/wp\/v2\/media\/4024"}],"wp:attachment":[{"href":"https:\/\/etab.ac-reunion.fr\/clg-ravine-des-cabris\/wp-json\/wp\/v2\/media?parent=4022"}],"wp:term":[{"taxonomy":"category","embeddable":true,"href":"https:\/\/etab.ac-reunion.fr\/clg-ravine-des-cabris\/wp-json\/wp\/v2\/categories?post=4022"},{"taxonomy":"post_tag","embeddable":true,"href":"https:\/\/etab.ac-reunion.fr\/clg-ravine-des-cabris\/wp-json\/wp\/v2\/tags?post=4022"}],"curies":[{"name":"wp","href":"https:\/\/api.w.org\/{rel}","templated":true}]}}