{"id":4026,"date":"2025-04-11T17:16:19","date_gmt":"2025-04-11T15:16:19","guid":{"rendered":"https:\/\/etab.ac-reunion.fr\/clg-ravine-des-cabris\/?p=4026"},"modified":"2026-01-23T13:27:28","modified_gmt":"2026-01-23T12:27:28","slug":"accueil-des-irlandais","status":"publish","type":"post","link":"https:\/\/etab.ac-reunion.fr\/clg-ravine-des-cabris\/2025\/04\/11\/accueil-des-irlandais\/","title":{"rendered":"ACCUEIL DES IRLANDAIS"},"content":{"rendered":"\n<p><\/p>\n\n\n\n<p><strong>ERASMUS PROJECT<\/strong><\/p>\n\n\n\n<p><strong>MARS 2025<\/strong><\/p>\n\n\n\n<p><strong>Welcome&nbsp;to&nbsp;Reunion island!<\/strong>Our Irish pen pals arrived on Monday 24th March 2025. They were 9 students accompanied by their French professor (Mrs Staunton) and their Principal (Mrs Oonagh McCaul). They took 2 planes, from Dublin to Paris, then from Paris to Reunion Island. They traveled for 13 hours. The pen pals suffered from the heat and they were also very tired because of the time difference.<\/p>\n\n\n\n<p>By M\u00e9lany, Maxwel, Thibault and Kelyan.<\/p>\n\n\n\n<p><strong>Day 1:&nbsp;&nbsp;<\/strong><em><u><strong>Tuesday 25<\/strong><\/u><\/em><em><sup><u><strong>th&nbsp;<\/strong><\/u><\/sup><\/em><em><u><strong>: WELCOMING OUR PEN-PALS<\/strong><\/u><\/em><\/p>\n\n\n\n<p><em>In the morning, we decorated the school with Irish and French flags and posters. We blew up blue, white and red balloons representing the French flag and green, white and orange balloons representing the Irish flag.<\/em><\/p>\n\n\n\n<p><em>Then, we greeted our pen-pals and had a traditional brunch with some local fruits and cakes made by the students and the parents. We offered them welcoming gifts from Reunion Island.<\/em><\/p>\n\n\n\n<p><em>After the break, we did a school tour with our pen pals. We finally went to the sports field to practice the traditional games and get ready for the mini-Olympic games.<\/em><\/p>\n\n\n\n<p><em>L\u2019apr\u00e8s-midi \u00e0 13h30 nous avions rendez-vous au gymnase du coll\u00e8ge pour une pr\u00e9sentation et une d\u00e9monstration du maloya par Mr Coupama et les \u00e9l\u00e8ves du club maloya.<\/em><\/p>\n\n\n\n<p><em>Les correspondants ont d\u00e9couvert des instruments traditionnels tels que le Kayamb, le Triangle, le Roul\u00e8r\u2026<\/em><\/p>\n\n\n\n<p><em>Pour d\u00e9tendre l\u2019atmosph\u00e8re on a pratiqu\u00e9 plusieurs petits jeux, souvent en rapport avec les battements du roul\u00e8r. Les filles du club, v\u00eatues de leurs robes maloya, sont venues faire une d\u00e9monstration de la danse maloya.<\/em><\/p>\n\n\n\n<p><em>Par la suite les filles de la classe LCE, v\u00eatues aussi de la tenue traditionnelle, sont mont\u00e9es sur sc\u00e8ne pour accompagner les danseuses.<\/em><\/p>\n\n\n\n<p><em>A la fin du spectacle, tous les \u00e9l\u00e8ves fran\u00e7ais et irlandais, accompagn\u00e9s des professeurs, ont dans\u00e9 le maloya.<\/em><\/p>\n\n\n\n<p><em>Come nou di allon kraze un bon Maloya tous ensemble !!!<\/em><\/p>\n\n\n\n<p><em>By Lucie,Eva,Nolhan<\/em><\/p>\n\n\n\n<figure class=\"wp-block-gallery has-nested-images columns-default is-cropped wp-block-gallery-1 is-layout-flex wp-block-gallery-is-layout-flex\">\n<figure class=\"wp-block-image size-large\"><img loading=\"lazy\" decoding=\"async\" width=\"1280\" height=\"1920\" data-id=\"4027\" src=\"https:\/\/etab.ac-reunion.fr\/clg-ravine-des-cabris\/wp-content\/uploads\/sites\/158\/2025\/04\/Welcome-to-Reunion-Island-1280x1920.png\" alt=\"\" class=\"wp-image-4027\" srcset=\"https:\/\/etab.ac-reunion.fr\/clg-ravine-des-cabris\/wp-content\/uploads\/sites\/158\/2025\/04\/Welcome-to-Reunion-Island-1280x1920.png 1280w, https:\/\/etab.ac-reunion.fr\/clg-ravine-des-cabris\/wp-content\/uploads\/sites\/158\/2025\/04\/Welcome-to-Reunion-Island-400x600.png 400w, https:\/\/etab.ac-reunion.fr\/clg-ravine-des-cabris\/wp-content\/uploads\/sites\/158\/2025\/04\/Welcome-to-Reunion-Island-768x1152.png 768w, https:\/\/etab.ac-reunion.fr\/clg-ravine-des-cabris\/wp-content\/uploads\/sites\/158\/2025\/04\/Welcome-to-Reunion-Island-1024x1536.png 1024w, https:\/\/etab.ac-reunion.fr\/clg-ravine-des-cabris\/wp-content\/uploads\/sites\/158\/2025\/04\/Welcome-to-Reunion-Island-88x132.png 88w, https:\/\/etab.ac-reunion.fr\/clg-ravine-des-cabris\/wp-content\/uploads\/sites\/158\/2025\/04\/Welcome-to-Reunion-Island.png 1333w\" sizes=\"auto, (max-width: 1280px) 100vw, 1280px\" \/><\/figure>\n<\/figure>\n\n\n\n<p><strong>Day 2&nbsp;:&nbsp;<\/strong><strong>Wednesday 26<\/strong><sup><strong>th :&nbsp;<\/strong><\/sup><strong>Visit of Terre Sainte<\/strong><\/p>\n\n\n\n<p>Le jour 2, on a pris un bus de ville pour aller \u00e0 la gare de Saint-Pierre. De l\u00e0, on a march\u00e9 jusqu\u2019au Kayak mais malheureusement on n\u2019a pas pu faire l\u2019activit\u00e9 car il y avait des bact\u00e9ries dans l\u2019eau. On \u00e9tait tous vraiment d\u00e9\u00e7us !<\/p>\n\n\n\n<p>On a alors rejoint les correspondants dans la ville de Terre Sainte et les professeurs nous ont donn\u00e9 une fiche pour guider notre visite: rep\u00e9rage de diff\u00e9rents lieux et questions. On a visit\u00e9 plusieurs ruelles et d\u00e9couvert des fresques magnifiques. Des escaliers nous ont conduit \u00e0 un point de vue sur la mer mais aussi sur \u00ab&nbsp;la croix des p\u00eacheurs&nbsp;\u00bb. On a pu admirer des \u0153uvres de \u00ab&nbsp;gouzou&nbsp;\u00bb sur les murs de Terre Sainte, des petites maisons jaunes avec des images de p\u00eacheurs, les canons au bord de la mer.\u2026<\/p>\n\n\n\n<p>Pour finir, on a march\u00e9 jusqu\u2019\u00e0 la gare pour rentrer au coll\u00e8ge.<\/p>\n\n\n\n<p><em>C\u2019\u00e9tait bien de red\u00e9couvrir Terre Sainte et de faire d\u00e9couvrir ce quartier \u00e0 nos correspondants.<\/em><\/p>\n\n\n\n<p><em>On day 2, we took a bus to go to the Saint-Pierre station. When we arrived there, we walked to the kayak but unfortunately we couldn\u2019t do the kayak because there were bacteria in the water. We were all really disappointed.<\/em><\/p>\n\n\n\n<p><em>After, we joined the pen pals in Terre Sainte city, the teachers gave us a document and we had to search for different places in the city. We visited several alleys, we had to search a sign that was marked \u00ab&nbsp;la croix des p\u00eacheurs&nbsp;\u00bb. After we went up the stairs, which led us to a great view over the sea but also to \u00ab&nbsp;la croix des p\u00eacheurs&nbsp;\u00bb.We went back down on the road to look at graffitis of the \u00ab&nbsp;gouzou&nbsp;\u00bb on the walls of Terre Sainte. We walked to little yellow houses to see the pictures of fishermen. We went to the beach to take some pictures and we walked on the pier to admire the view of the coastline. We discovered a fresco of a huge goldfish and we went to see the cannons by the sea. Finally, we went back to the station to go back to college. That was nice to rediscover Terre Sainte.<\/em><\/p>\n\n\n\n<p><em>By Kathy, Ashley, Flora<\/em><\/p>\n\n\n\n<figure class=\"wp-block-gallery has-nested-images columns-default is-cropped wp-block-gallery-2 is-layout-flex wp-block-gallery-is-layout-flex\">\n<figure class=\"wp-block-image size-large\"><img loading=\"lazy\" decoding=\"async\" width=\"1280\" height=\"1920\" data-id=\"4028\" src=\"https:\/\/etab.ac-reunion.fr\/clg-ravine-des-cabris\/wp-content\/uploads\/sites\/158\/2025\/04\/Visit-TerreSainte-1280x1920.png\" alt=\"\" class=\"wp-image-4028\" srcset=\"https:\/\/etab.ac-reunion.fr\/clg-ravine-des-cabris\/wp-content\/uploads\/sites\/158\/2025\/04\/Visit-TerreSainte-1280x1920.png 1280w, https:\/\/etab.ac-reunion.fr\/clg-ravine-des-cabris\/wp-content\/uploads\/sites\/158\/2025\/04\/Visit-TerreSainte-400x600.png 400w, https:\/\/etab.ac-reunion.fr\/clg-ravine-des-cabris\/wp-content\/uploads\/sites\/158\/2025\/04\/Visit-TerreSainte-768x1152.png 768w, https:\/\/etab.ac-reunion.fr\/clg-ravine-des-cabris\/wp-content\/uploads\/sites\/158\/2025\/04\/Visit-TerreSainte-1024x1536.png 1024w, https:\/\/etab.ac-reunion.fr\/clg-ravine-des-cabris\/wp-content\/uploads\/sites\/158\/2025\/04\/Visit-TerreSainte-88x132.png 88w, https:\/\/etab.ac-reunion.fr\/clg-ravine-des-cabris\/wp-content\/uploads\/sites\/158\/2025\/04\/Visit-TerreSainte.png 1333w\" sizes=\"auto, (max-width: 1280px) 100vw, 1280px\" \/><\/figure>\n<\/figure>\n\n\n\n<p><strong>Day 3:&nbsp;<\/strong><strong>Thursday 27<\/strong><sup><strong>th<\/strong><\/sup><strong>, Grand Anse : \u00ab Les mini &#8211; olympiades \u00bb \/ The mini-Olympic games<\/strong><\/p>\n\n\n\n<p>Nous avons&nbsp;pris le bus et&nbsp;r\u00e9cuper\u00e9 nos correspondants \u00e0 Terre sainte&nbsp;avant de prendre la&nbsp;direction de Grand Anse. Sur place, apr\u00e8s un \u00e9chauffement, on a particip\u00e9 aux mini-olympiades par \u00e9quipe. Chaque \u00e9quipe devait faire une course relais. Voici les 5 jeux ga\u00e9liques et cr\u00e9oles choisis pour ces olympiades&nbsp;: la course goni, le rugby, le football ga\u00e9lique, la brouette et le limbo.<\/p>\n\n\n\n<p>Nous avons constitu\u00e9 5 \u00e9quipes de 5 \u00e0 6 joueurs irlandais et cr\u00e9oles&nbsp;:<\/p>\n\n\n\n<figure class=\"wp-block-table\"><table class=\"has-fixed-layout\"><tbody><tr><td>EQUIPE JauneElyneM\u00e9lanyYonaMartinCiaran<\/td><td>EQUIPE Bleu ThaliaEvaOisinKelvinMaxwelNolhan<\/td><td>EQUIPE RoseRose-AnnaNaeliaFarisDanialKelyanLucie<\/td><td>EQUIPE VerteCalumNessanH\u00e9myFloraNo\u00e9line<\/td><td>EQUIPE OrangeJoachimAshleyKathyEmilieMaxThibault<\/td><\/tr><\/tbody><\/table><\/figure>\n\n\n\n<p>After the mini-Olympics, we went hiking on \u00ab\u00a0Le Piton de grand Anse\u00a0\u00bb.&nbsp;At the end of the hike there was a beautiful viewpoint over the beach and the mountains. The pen pals were very hot the walk lasted 30 minutes<\/p>\n\n\n\n<p>By Elyne, Thalia et Joachim<\/p>\n\n\n\n<figure class=\"wp-block-gallery has-nested-images columns-default is-cropped wp-block-gallery-3 is-layout-flex wp-block-gallery-is-layout-flex\">\n<figure class=\"wp-block-image size-large\"><img loading=\"lazy\" decoding=\"async\" width=\"1280\" height=\"1920\" data-id=\"4029\" src=\"https:\/\/etab.ac-reunion.fr\/clg-ravine-des-cabris\/wp-content\/uploads\/sites\/158\/2025\/04\/The-Olympics-1280x1920.png\" alt=\"\" class=\"wp-image-4029\" srcset=\"https:\/\/etab.ac-reunion.fr\/clg-ravine-des-cabris\/wp-content\/uploads\/sites\/158\/2025\/04\/The-Olympics-1280x1920.png 1280w, https:\/\/etab.ac-reunion.fr\/clg-ravine-des-cabris\/wp-content\/uploads\/sites\/158\/2025\/04\/The-Olympics-400x600.png 400w, https:\/\/etab.ac-reunion.fr\/clg-ravine-des-cabris\/wp-content\/uploads\/sites\/158\/2025\/04\/The-Olympics-768x1152.png 768w, https:\/\/etab.ac-reunion.fr\/clg-ravine-des-cabris\/wp-content\/uploads\/sites\/158\/2025\/04\/The-Olympics-1024x1536.png 1024w, https:\/\/etab.ac-reunion.fr\/clg-ravine-des-cabris\/wp-content\/uploads\/sites\/158\/2025\/04\/The-Olympics-88x132.png 88w, https:\/\/etab.ac-reunion.fr\/clg-ravine-des-cabris\/wp-content\/uploads\/sites\/158\/2025\/04\/The-Olympics.png 1333w\" sizes=\"auto, (max-width: 1280px) 100vw, 1280px\" \/><\/figure>\n<\/figure>\n\n\n\n<p><strong>Day 4:&nbsp;<\/strong><strong>Friday 28<\/strong><sup><u><strong>th<\/strong><\/u><\/sup><strong>, Journ\u00e9e au volcan \/&nbsp;<\/strong><strong>Volcano day<\/strong><\/p>\n\n\n\n<p>Le vendredi, nous sommes all\u00e9s au volcan avec nos correspondants. Les correspondants nous ont rejoint au coll\u00e8ge \u00e0 7h30 pour prendre le bus. Durant le trajet, nous nous sommes arr\u00eat\u00e9s \u00e0 plusieurs points de vue comme le Nez de B\u0153uf, la Rivi\u00e8re des Remparts, le Crat\u00e8re Commerson et le Pas de sable. Il y avait un peu de pluie pendant la randonn\u00e9e. Nous avons fait l\u2019aller-retour jusqu\u2019au Formica L\u00e9o.<\/p>\n\n\n\n<p>Nous sommes all\u00e9s manger \u00e0 Bois court (L\u2019horloge) puis nous avons admir\u00e9 le point de vue avant de rentrer au coll\u00e8ge.<\/p>\n\n\n\n<p>Nous avons pass\u00e9 une bonne journ\u00e9e malgr\u00e9 la pluie et la difficult\u00e9 de la randonn\u00e9e. C\u2019\u00e9tait aussi amusant car nous avons chant\u00e9 avec nos correspondants pendant le trajet du retour en bus. Les correspondants ont beaucoup appr\u00e9ci\u00e9 les diff\u00e9rents points de vue et la randonn\u00e9e.<\/p>\n\n\n\n<p>On Friday, we went to the volcano with our pen pals. They joined us at 7:30am to take the private bus together. During the trip we stopped on some viewpoints like Nez de Boeuf, Rivi\u00e8re des Remparts, Crat\u00e8re Commerson. Before we arrived at Pas de sable the teachers made us close our eyes and open them again to be amazed by the beautiful viewpoint over the Pas de sable. When we were hiking it was raining a little bit and we walked until Formica L\u00e9o. We had lunch at Bois Court (L\u2019horloge) and then we admired the viewpoint before going back to the college.<br><br>We enjoyed the day and our pen pals really loved the hike and the viewpoints. In spite of the weather we were really happy to be together.<\/p>\n\n\n\n<p>By<\/p>\n\n\n\n<p>No\u00ebline Robert<\/p>\n\n\n\n<p>Rose-Anna Bardeur<\/p>\n\n\n\n<p>Emilie Niobe<\/p>\n\n\n\n<p>H\u00e9my Thierry<\/p>\n\n\n\n<p><em><strong>Bye Bye. Safe travel back home. We will miss you all!<\/strong><\/em><\/p>\n\n\n\n<p><em>Le samedi, avant leur d\u00e9part, nous sommes&nbsp;<\/em><em>all\u00e9s<\/em><em>&nbsp;\u00e0 la plage avec tous les correspondants et les \u00e9l\u00e8ves de la LCE pour prendre du bon temps et se d\u00e9tendre. On a jou\u00e9 dans l&rsquo;eau et dans le sable!!! C&rsquo;\u00e9tait dr\u00f4le, ils ont mang\u00e9 des \u00ab\u00a0pains am\u00e9ricains\u00a0\u00bb avec nous. Et \u00e0 la fin de la journ\u00e9e, on a regard\u00e9 le coucher du soleil.<\/em><em><br><br><\/em><em>M\u00e9lany, Maxwel, Thibault and Kelyan.<\/em><\/p>\n\n\n\n<figure class=\"wp-block-gallery has-nested-images columns-default is-cropped wp-block-gallery-4 is-layout-flex wp-block-gallery-is-layout-flex\">\n<figure class=\"wp-block-image size-large\"><img loading=\"lazy\" decoding=\"async\" width=\"1280\" height=\"1920\" data-id=\"4030\" src=\"https:\/\/etab.ac-reunion.fr\/clg-ravine-des-cabris\/wp-content\/uploads\/sites\/158\/2025\/04\/Volcan-1280x1920.png\" alt=\"\" class=\"wp-image-4030\" srcset=\"https:\/\/etab.ac-reunion.fr\/clg-ravine-des-cabris\/wp-content\/uploads\/sites\/158\/2025\/04\/Volcan-1280x1920.png 1280w, https:\/\/etab.ac-reunion.fr\/clg-ravine-des-cabris\/wp-content\/uploads\/sites\/158\/2025\/04\/Volcan-400x600.png 400w, https:\/\/etab.ac-reunion.fr\/clg-ravine-des-cabris\/wp-content\/uploads\/sites\/158\/2025\/04\/Volcan-768x1152.png 768w, https:\/\/etab.ac-reunion.fr\/clg-ravine-des-cabris\/wp-content\/uploads\/sites\/158\/2025\/04\/Volcan-1024x1536.png 1024w, https:\/\/etab.ac-reunion.fr\/clg-ravine-des-cabris\/wp-content\/uploads\/sites\/158\/2025\/04\/Volcan-88x132.png 88w, https:\/\/etab.ac-reunion.fr\/clg-ravine-des-cabris\/wp-content\/uploads\/sites\/158\/2025\/04\/Volcan.png 1333w\" sizes=\"auto, (max-width: 1280px) 100vw, 1280px\" \/><\/figure>\n<\/figure>\n","protected":false},"excerpt":{"rendered":"","protected":false},"author":28090,"featured_media":3951,"comment_status":"closed","ping_status":"closed","sticky":false,"template":"","format":"standard","meta":{"footnotes":"","_links_to":"","_links_to_target":""},"categories":[34,65,73],"tags":[],"class_list":["post-4026","post","type-post","status-publish","format-standard","has-post-thumbnail","hentry","category-anglais","category-erasmus","category-mobilites-eleves"],"_links":{"self":[{"href":"https:\/\/etab.ac-reunion.fr\/clg-ravine-des-cabris\/wp-json\/wp\/v2\/posts\/4026","targetHints":{"allow":["GET"]}}],"collection":[{"href":"https:\/\/etab.ac-reunion.fr\/clg-ravine-des-cabris\/wp-json\/wp\/v2\/posts"}],"about":[{"href":"https:\/\/etab.ac-reunion.fr\/clg-ravine-des-cabris\/wp-json\/wp\/v2\/types\/post"}],"author":[{"embeddable":true,"href":"https:\/\/etab.ac-reunion.fr\/clg-ravine-des-cabris\/wp-json\/wp\/v2\/users\/28090"}],"replies":[{"embeddable":true,"href":"https:\/\/etab.ac-reunion.fr\/clg-ravine-des-cabris\/wp-json\/wp\/v2\/comments?post=4026"}],"version-history":[{"count":1,"href":"https:\/\/etab.ac-reunion.fr\/clg-ravine-des-cabris\/wp-json\/wp\/v2\/posts\/4026\/revisions"}],"predecessor-version":[{"id":4031,"href":"https:\/\/etab.ac-reunion.fr\/clg-ravine-des-cabris\/wp-json\/wp\/v2\/posts\/4026\/revisions\/4031"}],"wp:featuredmedia":[{"embeddable":true,"href":"https:\/\/etab.ac-reunion.fr\/clg-ravine-des-cabris\/wp-json\/wp\/v2\/media\/3951"}],"wp:attachment":[{"href":"https:\/\/etab.ac-reunion.fr\/clg-ravine-des-cabris\/wp-json\/wp\/v2\/media?parent=4026"}],"wp:term":[{"taxonomy":"category","embeddable":true,"href":"https:\/\/etab.ac-reunion.fr\/clg-ravine-des-cabris\/wp-json\/wp\/v2\/categories?post=4026"},{"taxonomy":"post_tag","embeddable":true,"href":"https:\/\/etab.ac-reunion.fr\/clg-ravine-des-cabris\/wp-json\/wp\/v2\/tags?post=4026"}],"curies":[{"name":"wp","href":"https:\/\/api.w.org\/{rel}","templated":true}]}}