{"id":413,"date":"2020-10-02T10:28:31","date_gmt":"2020-10-02T08:28:31","guid":{"rendered":"http:\/\/college-ravinedescabris-tmp.ac-reunion.fr\/?p=413"},"modified":"2020-11-02T10:31:28","modified_gmt":"2020-11-02T09:31:28","slug":"femmes-puissantes","status":"publish","type":"post","link":"https:\/\/etab.ac-reunion.fr\/clg-ravine-des-cabris\/2020\/10\/02\/femmes-puissantes\/","title":{"rendered":"\u201cFemmes puissantes\u2026\u201d"},"content":{"rendered":"\n<div class=\"wp-block-image\"><figure class=\"aligncenter size-large\"><img loading=\"lazy\" decoding=\"async\" width=\"370\" height=\"228\" src=\"http:\/\/wpetab.ac-reunion.fr\/ravinedescabris\/wp-content\/uploads\/sites\/158\/2020\/11\/femmes-puissantes.jpg\" alt=\"\" class=\"wp-image-414\" srcset=\"https:\/\/etab.ac-reunion.fr\/clg-ravine-des-cabris\/wp-content\/uploads\/sites\/158\/2020\/11\/femmes-puissantes.jpg 370w, https:\/\/etab.ac-reunion.fr\/clg-ravine-des-cabris\/wp-content\/uploads\/sites\/158\/2020\/11\/femmes-puissantes-214x132.jpg 214w\" sizes=\"auto, (max-width: 370px) 100vw, 370px\" \/><\/figure><\/div>\n\n\n\n<p>Les \u00e9l\u00e8ves germanistes de 3<sup>\u00e8me<\/sup>&nbsp;ont choisi quelques personnalit\u00e9s f\u00e9minines hors-norme de divers continents, diverses \u00e9poques et nous les pr\u00e9sentent. Une mise en perspective du combat des femmes, toujours d\u2019actualit\u00e9, pour l\u2019\u00e9galit\u00e9 des sexes, contre les st\u00e9r\u00e9otypes \u2026<\/p>\n\n\n\n<div class=\"wp-block-columns is-layout-flex wp-container-core-columns-is-layout-9d6595d7 wp-block-columns-is-layout-flex\">\n<div class=\"wp-block-column is-layout-flow wp-block-column-is-layout-flow\" style=\"flex-basis:66.66%\">\n<h3 class=\"wp-block-heading\">LAKSHMI BAI<\/h3>\n\n\n\n<p>\u2022 Sie ist am 19.Novembre 1828 in Varanasi (Indien) geboren.<\/p>\n\n\n\n<p>\u2022 Sie ist am 18. Juni 1858 in Gwalior gestorben.<\/p>\n\n\n\n<p>\u2022 Sie war eine Heldin des Volksaufstands der Cipayes,einer der ersten Unab\u00e4ngigkeitskrieg in Indien.<\/p>\n\n\n\n<p>\u2022 Sie ist ber\u00fchmt ,weil sie eine Kriegerin und K\u00f6nigin war.<\/p>\n\n\n\n<p>\u2022 Sie war ein Profi im Bogenschie\u00dfen<\/p>\n<\/div>\n\n\n\n<div class=\"wp-block-column is-layout-flow wp-block-column-is-layout-flow\" style=\"flex-basis:33.33%\">\n<figure class=\"wp-block-image size-large is-resized fancybox-iframe\"><img loading=\"lazy\" decoding=\"async\" src=\"http:\/\/wpetab.ac-reunion.fr\/ravinedescabris\/wp-content\/uploads\/sites\/158\/2020\/11\/Lakshmi-Bai.jpg\" alt=\"\" class=\"wp-image-415\" width=\"264\" height=\"380\" srcset=\"https:\/\/etab.ac-reunion.fr\/clg-ravine-des-cabris\/wp-content\/uploads\/sites\/158\/2020\/11\/Lakshmi-Bai.jpg 352w, https:\/\/etab.ac-reunion.fr\/clg-ravine-des-cabris\/wp-content\/uploads\/sites\/158\/2020\/11\/Lakshmi-Bai-278x400.jpg 278w, https:\/\/etab.ac-reunion.fr\/clg-ravine-des-cabris\/wp-content\/uploads\/sites\/158\/2020\/11\/Lakshmi-Bai-92x132.jpg 92w\" sizes=\"auto, (max-width: 264px) 100vw, 264px\" \/><\/figure>\n\n\n\n<figure class=\"wp-block-image size-large is-resized fancybox-iframe\"><img loading=\"lazy\" decoding=\"async\" src=\"http:\/\/wpetab.ac-reunion.fr\/ravinedescabris\/wp-content\/uploads\/sites\/158\/2020\/11\/Lakshmi-Bai2-edit.jpg\" alt=\"\" class=\"wp-image-416\" width=\"264\" height=\"181\" srcset=\"https:\/\/etab.ac-reunion.fr\/clg-ravine-des-cabris\/wp-content\/uploads\/sites\/158\/2020\/11\/Lakshmi-Bai2-edit.jpg 352w, https:\/\/etab.ac-reunion.fr\/clg-ravine-des-cabris\/wp-content\/uploads\/sites\/158\/2020\/11\/Lakshmi-Bai2-edit-193x132.jpg 193w\" sizes=\"auto, (max-width: 264px) 100vw, 264px\" \/><\/figure>\n<\/div>\n<\/div>\n\n\n\n<div class=\"wp-block-columns is-layout-flex wp-container-core-columns-is-layout-9d6595d7 wp-block-columns-is-layout-flex\">\n<div class=\"wp-block-column is-layout-flow wp-block-column-is-layout-flow\" style=\"flex-basis:33.33%\">\n<figure class=\"wp-block-image size-large fancybox-iframe\"><img loading=\"lazy\" decoding=\"async\" width=\"352\" height=\"200\" src=\"http:\/\/wpetab.ac-reunion.fr\/ravinedescabris\/wp-content\/uploads\/sites\/158\/2020\/11\/wang-Zehnyi.jpg\" alt=\"\" class=\"wp-image-417\" srcset=\"https:\/\/etab.ac-reunion.fr\/clg-ravine-des-cabris\/wp-content\/uploads\/sites\/158\/2020\/11\/wang-Zehnyi.jpg 352w, https:\/\/etab.ac-reunion.fr\/clg-ravine-des-cabris\/wp-content\/uploads\/sites\/158\/2020\/11\/wang-Zehnyi-232x132.jpg 232w\" sizes=\"auto, (max-width: 352px) 100vw, 352px\" \/><\/figure>\n<\/div>\n\n\n\n<div class=\"wp-block-column is-layout-flow wp-block-column-is-layout-flow\" style=\"flex-basis:66.66%\">\n<h3 class=\"wp-block-heading\">W\u00e1ng Zh\u0113ny\u00ed&nbsp;(\u738b \u8c9e \u5100)<\/h3>\n\n\n\n<p>Wang Zhenyi die Astronomin<\/p>\n\n\n\n<p>Sie ist im Jahre 1768 in Jiangning ( China ) geboren und im Jahre 1797 in Jelin, China gestorben.<\/p>\n\n\n\n<p>Sie war sehr jung als sie starb.<\/p>\n\n\n\n<p>Sie ist ber\u00fchmt, weil sie eine chinesische Astronomin, Mathematikerin und Dichterin war.<\/p>\n\n\n\n<p>Sie war die Autorin von sechs B\u00fcchern \u00fcber Astronomie und Mathematik.<\/p>\n\n\n\n<p>Sie war also eine Feministin und auch eine Naturwissenschaftlicherin.<\/p>\n\n\n\n<p><em>\u201cEs wird geglaubt,<br>Dass Frauen wie M\u00e4nner sind;<br>Bist du nicht \u00fcberzeugt,<br>Dass auch T\u00f6chter heroisch sein k\u00f6nnen?\u201d<\/em><\/p>\n<\/div>\n<\/div>\n\n\n<a href=\"https:\/\/wpetab.ac-reunion.fr\/ravinedescabris\/wp-content\/uploads\/sites\/158\/2020\/11\/Zaha-Hadid.pdf\" class=\"pdfemb-viewer\" style=\"\" data-width=\"max\" data-height=\"max\" data-toolbar=\"both\" data-toolbar-fixed=\"on\">Zaha-Hadid<\/a>\n<p class=\"wp-block-pdfemb-pdf-embedder-viewer\"><\/p>\n\n\n<a href=\"https:\/\/wpetab.ac-reunion.fr\/ravinedescabris\/wp-content\/uploads\/sites\/158\/2020\/11\/Misty-Copeland.pdf\" class=\"pdfemb-viewer\" style=\"\" data-width=\"max\" data-height=\"max\" data-toolbar=\"both\" data-toolbar-fixed=\"on\">Misty-Copeland<\/a>\n<p class=\"wp-block-pdfemb-pdf-embedder-viewer\"><\/p>\n","protected":false},"excerpt":{"rendered":"","protected":false},"author":27941,"featured_media":414,"comment_status":"closed","ping_status":"closed","sticky":false,"template":"","format":"standard","meta":{"footnotes":"","_links_to":"","_links_to_target":""},"categories":[35],"tags":[],"class_list":["post-413","post","type-post","status-publish","format-standard","has-post-thumbnail","hentry","category-allemand"],"_links":{"self":[{"href":"https:\/\/etab.ac-reunion.fr\/clg-ravine-des-cabris\/wp-json\/wp\/v2\/posts\/413","targetHints":{"allow":["GET"]}}],"collection":[{"href":"https:\/\/etab.ac-reunion.fr\/clg-ravine-des-cabris\/wp-json\/wp\/v2\/posts"}],"about":[{"href":"https:\/\/etab.ac-reunion.fr\/clg-ravine-des-cabris\/wp-json\/wp\/v2\/types\/post"}],"author":[{"embeddable":true,"href":"https:\/\/etab.ac-reunion.fr\/clg-ravine-des-cabris\/wp-json\/wp\/v2\/users\/27941"}],"replies":[{"embeddable":true,"href":"https:\/\/etab.ac-reunion.fr\/clg-ravine-des-cabris\/wp-json\/wp\/v2\/comments?post=413"}],"version-history":[{"count":2,"href":"https:\/\/etab.ac-reunion.fr\/clg-ravine-des-cabris\/wp-json\/wp\/v2\/posts\/413\/revisions"}],"predecessor-version":[{"id":421,"href":"https:\/\/etab.ac-reunion.fr\/clg-ravine-des-cabris\/wp-json\/wp\/v2\/posts\/413\/revisions\/421"}],"wp:featuredmedia":[{"embeddable":true,"href":"https:\/\/etab.ac-reunion.fr\/clg-ravine-des-cabris\/wp-json\/wp\/v2\/media\/414"}],"wp:attachment":[{"href":"https:\/\/etab.ac-reunion.fr\/clg-ravine-des-cabris\/wp-json\/wp\/v2\/media?parent=413"}],"wp:term":[{"taxonomy":"category","embeddable":true,"href":"https:\/\/etab.ac-reunion.fr\/clg-ravine-des-cabris\/wp-json\/wp\/v2\/categories?post=413"},{"taxonomy":"post_tag","embeddable":true,"href":"https:\/\/etab.ac-reunion.fr\/clg-ravine-des-cabris\/wp-json\/wp\/v2\/tags?post=413"}],"curies":[{"name":"wp","href":"https:\/\/api.w.org\/{rel}","templated":true}]}}